{"id":467363,"date":"2021-08-12T12:16:57","date_gmt":"2021-08-12T10:16:57","guid":{"rendered":"https:\/\/hashtag.al\/?p=467363"},"modified":"2021-08-12T12:16:57","modified_gmt":"2021-08-12T10:16:57","slug":"jugu-ne-flake-veriu-nen-uje-4-viktima-nga-pembytjet-ne-turqi","status":"publish","type":"post","link":"https:\/\/www.hashtag.al\/index.php\/2021\/08\/12\/jugu-ne-flake-veriu-nen-uje-4-viktima-nga-pembytjet-ne-turqi\/","title":{"rendered":"Jugu n\u00eb flak\u00eb veriu n\u00ebn uj\u00eb, 4 viktima nga p\u00ebmbytjet n\u00eb Turqi","gt_translate_keys":[{"key":"rendered","format":"text"}]},"content":{"rendered":"<p><span style=\"color: #000000;\"><img loading=\"lazy\" decoding=\"async\" class=\"aligncenter size-full wp-image-467364\" src=\"https:\/\/hashtag.al\/wp-content\/uploads\/2021\/08\/turqipermbytyje.jpg\" alt=\"\" width=\"864\" height=\"486\" srcset=\"https:\/\/www.hashtag.al\/wp-content\/uploads\/2021\/08\/turqipermbytyje.jpg 864w, https:\/\/www.hashtag.al\/wp-content\/uploads\/2021\/08\/turqipermbytyje-300x169.jpg 300w, https:\/\/www.hashtag.al\/wp-content\/uploads\/2021\/08\/turqipermbytyje-768x432.jpg 768w\" sizes=\"auto, (max-width: 864px) 100vw, 864px\" \/><\/span><\/p>\n<p><span style=\"color: #000000;\">P\u00ebrmbytjet n\u00eb rajonin e Detit t\u00eb Zi t\u00eb Turqis\u00eb kan\u00eb marr\u00eb 4 jet\u00eb: Zyrtar\u00eb<\/span><\/p>\n<p><span style=\"color: #000000;\">Teksa pjesa jugper\u00ebndimore e vendit p\u00ebrballet ende me zjarret, q\u00eb pak dit\u00eb m\u00eb par\u00eb ishin t\u00eb frikshme, pjesa veriper\u00ebndimore e Turqis\u00eb \u00ebsht\u00eb prekur nga p\u00ebrmbytjet q\u00eb kan\u00eb shkaktuar kat\u00ebr viktima deri tani. <\/span><\/p>\n<p><span style=\"color: #000000;\">Ato kan\u00eb ndodhur n\u00eb rajonin e Detit t\u00eb Zi t\u00eb Turqis\u00eb ku nj\u00eb p\u00ebrve\u00e7 viktimave ka edhe nj\u00eb person t\u00eb zhdukur.<\/span><\/p>\n<p><span style=\"color: #000000;\">P\u00ebrmbytjet p\u00ebr shkak t\u00eb shirave t\u00eb dendur godit\u00ebn rajonin verior t\u00eb Detit t\u00eb Zi t\u00eb m\u00ebrkur\u00ebn, duke l\u00ebn\u00eb kat\u00ebr persona t\u00eb vdekur n\u00eb provinc\u00ebn Kastamonu dhe nj\u00eb t\u00eb humbur n\u00eb provinc\u00ebn Bartin, tha Autoriteti i Menaxhimit t\u00eb Fatkeq\u00ebsive dhe Emergjencave (AFAD).<\/span><\/p>\n<p><span style=\"color: #000000;\">Ekipet e shp\u00ebtimit dhe ndihm\u00ebs jan\u00eb vendosur n\u00eb zonat e goditura nga p\u00ebrmbytjet dhe k\u00ebrkimi p\u00ebr t\u00eb zhdukurit \u00ebsht\u00eb duke vazhduar, sipas zyrtar\u00ebve.<\/span><\/p>\n","protected":false,"gt_translate_keys":[{"key":"rendered","format":"html"}]},"excerpt":{"rendered":"<p>P\u00ebrmbytjet n\u00eb rajonin e Detit t\u00eb Zi t\u00eb Turqis\u00eb kan\u00eb marr\u00eb 4 jet\u00eb: Zyrtar\u00eb Teksa pjesa jugper\u00ebndimore e vendit p\u00ebrballet ende me zjarret, q\u00eb pak dit\u00eb m\u00eb par\u00eb ishin t\u00eb frikshme, pjesa veriper\u00ebndimore e Turqis\u00eb \u00ebsht\u00eb prekur nga p\u00ebrmbytjet q\u00eb kan\u00eb shkaktuar kat\u00ebr viktima deri tani. Ato kan\u00eb ndodhur n\u00eb rajonin e Detit t\u00eb Zi [&hellip;]<\/p>\n","protected":false,"gt_translate_keys":[{"key":"rendered","format":"html"}]},"author":51,"featured_media":467364,"comment_status":"closed","ping_status":"closed","sticky":false,"template":"","format":"standard","meta":{"footnotes":""},"categories":[6],"tags":[],"class_list":["post-467363","post","type-post","status-publish","format-standard","has-post-thumbnail","hentry","category-nderkombetare"],"gt_translate_keys":[{"key":"link","format":"url"}],"_links":{"self":[{"href":"https:\/\/www.hashtag.al\/index.php\/wp-json\/wp\/v2\/posts\/467363","targetHints":{"allow":["GET"]}}],"collection":[{"href":"https:\/\/www.hashtag.al\/index.php\/wp-json\/wp\/v2\/posts"}],"about":[{"href":"https:\/\/www.hashtag.al\/index.php\/wp-json\/wp\/v2\/types\/post"}],"author":[{"embeddable":true,"href":"https:\/\/www.hashtag.al\/index.php\/wp-json\/wp\/v2\/users\/51"}],"replies":[{"embeddable":true,"href":"https:\/\/www.hashtag.al\/index.php\/wp-json\/wp\/v2\/comments?post=467363"}],"version-history":[{"count":0,"href":"https:\/\/www.hashtag.al\/index.php\/wp-json\/wp\/v2\/posts\/467363\/revisions"}],"wp:featuredmedia":[{"embeddable":true,"href":"https:\/\/www.hashtag.al\/index.php\/wp-json\/wp\/v2\/media\/467364"}],"wp:attachment":[{"href":"https:\/\/www.hashtag.al\/index.php\/wp-json\/wp\/v2\/media?parent=467363"}],"wp:term":[{"taxonomy":"category","embeddable":true,"href":"https:\/\/www.hashtag.al\/index.php\/wp-json\/wp\/v2\/categories?post=467363"},{"taxonomy":"post_tag","embeddable":true,"href":"https:\/\/www.hashtag.al\/index.php\/wp-json\/wp\/v2\/tags?post=467363"}],"curies":[{"name":"wp","href":"https:\/\/api.w.org\/{rel}","templated":true}]}}