{"id":467285,"date":"2021-08-11T19:16:21","date_gmt":"2021-08-11T17:16:21","guid":{"rendered":"https:\/\/hashtag.al\/?p=467285"},"modified":"2021-08-11T19:16:21","modified_gmt":"2021-08-11T17:16:21","slug":"rama-open-balkan-i-hapur-per-te-gjithe-por-nuk-perfshijme-askend-me-zor","status":"publish","type":"post","link":"https:\/\/www.hashtag.al\/index.php\/2021\/08\/11\/rama-open-balkan-i-hapur-per-te-gjithe-por-nuk-perfshijme-askend-me-zor\/","title":{"rendered":"Rama: Open Balkan i hapur p\u00ebr t\u00eb gjith\u00eb por nuk p\u00ebrfshijm\u00eb ask\u00ebnd me zor","gt_translate_keys":[{"key":"rendered","format":"text"}]},"content":{"rendered":"<p><span style=\"color: #000000;\"><img loading=\"lazy\" decoding=\"async\" class=\"aligncenter size-full wp-image-467286\" src=\"https:\/\/hashtag.al\/wp-content\/uploads\/2021\/08\/rama-vucic-zaev-1.jpg\" alt=\"\" width=\"1023\" height=\"575\" srcset=\"https:\/\/www.hashtag.al\/wp-content\/uploads\/2021\/08\/rama-vucic-zaev-1.jpg 1023w, https:\/\/www.hashtag.al\/wp-content\/uploads\/2021\/08\/rama-vucic-zaev-1-300x169.jpg 300w, https:\/\/www.hashtag.al\/wp-content\/uploads\/2021\/08\/rama-vucic-zaev-1-768x432.jpg 768w\" sizes=\"auto, (max-width: 1023px) 100vw, 1023px\" \/><\/span><\/p>\n<p><span style=\"color: #000000;\">Kryeministri Edi Rama ka reaguar p\u00ebr lajmin q\u00eb Gjermania mb\u00ebshtet nism\u00ebn Open Balkan\u201d.<\/span><\/p>\n<p><span style=\"color: #000000;\">Rama thot\u00eb se ndryshe nga \u00e7far\u00eb u thuhet n\u00eb njer\u00ebzve n\u00eb Prishtin\u00eb e Tiran\u00eb, qeveria gjermane e mb\u00ebshtet nism\u00ebn madje k\u00ebrkon n\u00ebnshkrimin e marr\u00ebveshjeve p\u00ebr Tregun e P\u00ebrbashk\u00ebt Rajonal p\u00ebrpara Samitit BE-Ballkan n\u00eb 6 tetor.<\/span><\/p>\n<p><span style=\"color: #000000;\">Rama thekson dera \u00ebsht\u00eb e hapur p\u00ebr t\u00eb gjith\u00eb por nuk p\u00ebrfshihet asnj\u00ebri me zor.<\/span><\/p>\n<p><span style=\"color: #000000;\">\u201c<em>Open Balkan thot\u00eb qeveria gjermane duhet t\u00eb jet\u00eb gjith\u00ebp\u00ebrfshir\u00ebs dhe po, patjet\u00ebr, k\u00ebshtu duhet t\u00eb jet\u00eb e ndaj dera \u00ebsht\u00eb e hapur, por as nuk p\u00ebrfshijm\u00eb dot k\u00ebnd me zor, as nuk rrim\u00eb dot t\u00eb presim sa t&#8217;u mbushet mendja atyre q\u00eb s&#8217;duan t\u00eb kuptojn\u00eb se kjo \u00ebsht\u00eb rruga e t\u00eb ardhmes!<\/em><\/span><\/p>\n<p><span style=\"color: #000000;\"><em>&#8220;\u00c7UDI&#8221;! Qeveria gjermane e mb\u00ebshteska Open Balkan ndryshe nga \u00e7far\u00eb u thuhet njer\u00ebzve n\u00eb Prishtin\u00eb e Tiran\u00eb prej atyre q\u00eb s&#8217;pyesin p\u00ebr Amerik\u00ebn dhe jo vet\u00ebm kaq, po k\u00ebrkon n\u00ebnshkrimin urgjent t\u00eb marr\u00ebveshjeve p\u00ebr Tregun e P\u00ebrbashk\u00ebt Rajonal para Samitit BE-Ballkan n\u00eb 6 tetor!\u201d-<\/em>shkruan Rama.<\/span><\/p>\n","protected":false,"gt_translate_keys":[{"key":"rendered","format":"html"}]},"excerpt":{"rendered":"<p>Kryeministri Edi Rama ka reaguar p\u00ebr lajmin q\u00eb Gjermania mb\u00ebshtet nism\u00ebn Open Balkan\u201d. Rama thot\u00eb se ndryshe nga \u00e7far\u00eb u thuhet n\u00eb njer\u00ebzve n\u00eb Prishtin\u00eb e Tiran\u00eb, qeveria gjermane e mb\u00ebshtet nism\u00ebn madje k\u00ebrkon n\u00ebnshkrimin e marr\u00ebveshjeve p\u00ebr Tregun e P\u00ebrbashk\u00ebt Rajonal p\u00ebrpara Samitit BE-Ballkan n\u00eb 6 tetor. Rama thekson dera \u00ebsht\u00eb e hapur p\u00ebr [&hellip;]<\/p>\n","protected":false,"gt_translate_keys":[{"key":"rendered","format":"html"}]},"author":32,"featured_media":467286,"comment_status":"closed","ping_status":"closed","sticky":false,"template":"","format":"standard","meta":{"footnotes":""},"categories":[65,13],"tags":[],"class_list":["post-467285","post","type-post","status-publish","format-standard","has-post-thumbnail","hentry","category-lajme","category-te-fundit"],"gt_translate_keys":[{"key":"link","format":"url"}],"_links":{"self":[{"href":"https:\/\/www.hashtag.al\/index.php\/wp-json\/wp\/v2\/posts\/467285","targetHints":{"allow":["GET"]}}],"collection":[{"href":"https:\/\/www.hashtag.al\/index.php\/wp-json\/wp\/v2\/posts"}],"about":[{"href":"https:\/\/www.hashtag.al\/index.php\/wp-json\/wp\/v2\/types\/post"}],"author":[{"embeddable":true,"href":"https:\/\/www.hashtag.al\/index.php\/wp-json\/wp\/v2\/users\/32"}],"replies":[{"embeddable":true,"href":"https:\/\/www.hashtag.al\/index.php\/wp-json\/wp\/v2\/comments?post=467285"}],"version-history":[{"count":0,"href":"https:\/\/www.hashtag.al\/index.php\/wp-json\/wp\/v2\/posts\/467285\/revisions"}],"wp:featuredmedia":[{"embeddable":true,"href":"https:\/\/www.hashtag.al\/index.php\/wp-json\/wp\/v2\/media\/467286"}],"wp:attachment":[{"href":"https:\/\/www.hashtag.al\/index.php\/wp-json\/wp\/v2\/media?parent=467285"}],"wp:term":[{"taxonomy":"category","embeddable":true,"href":"https:\/\/www.hashtag.al\/index.php\/wp-json\/wp\/v2\/categories?post=467285"},{"taxonomy":"post_tag","embeddable":true,"href":"https:\/\/www.hashtag.al\/index.php\/wp-json\/wp\/v2\/tags?post=467285"}],"curies":[{"name":"wp","href":"https:\/\/api.w.org\/{rel}","templated":true}]}}