{"id":467231,"date":"2021-08-11T13:25:22","date_gmt":"2021-08-11T11:25:22","guid":{"rendered":"https:\/\/hashtag.al\/?p=467231"},"modified":"2021-08-11T13:25:22","modified_gmt":"2021-08-11T11:25:22","slug":"42-viktima-nga-zjarret-ne-algjeri-25-prej-tyre-ushtare","status":"publish","type":"post","link":"https:\/\/www.hashtag.al\/index.php\/2021\/08\/11\/42-viktima-nga-zjarret-ne-algjeri-25-prej-tyre-ushtare\/","title":{"rendered":"42 viktima nga zjarret n\u00eb Algjeri, 25 prej tyre ushtar\u00eb","gt_translate_keys":[{"key":"rendered","format":"text"}]},"content":{"rendered":"<p><span style=\"color: #000000;\"><img loading=\"lazy\" decoding=\"async\" class=\"aligncenter size-full wp-image-467232\" src=\"https:\/\/hashtag.al\/wp-content\/uploads\/2021\/08\/algjerizjarr.jpg\" alt=\"\" width=\"1200\" height=\"800\" srcset=\"https:\/\/www.hashtag.al\/wp-content\/uploads\/2021\/08\/algjerizjarr.jpg 1200w, https:\/\/www.hashtag.al\/wp-content\/uploads\/2021\/08\/algjerizjarr-300x200.jpg 300w, https:\/\/www.hashtag.al\/wp-content\/uploads\/2021\/08\/algjerizjarr-768x512.jpg 768w, https:\/\/www.hashtag.al\/wp-content\/uploads\/2021\/08\/algjerizjarr-1024x683.jpg 1024w\" sizes=\"auto, (max-width: 1200px) 100vw, 1200px\" \/><\/span><\/p>\n<p><span style=\"color: #000000;\">Ka shkuar n\u00eb 42 numri i viktimave nga zjarret n\u00eb Algjeri. Mes viktimave 25 jan\u00eb ushtar\u00eb, t\u00eb cil\u00ebt jan\u00eb pjes\u00eb e operacioneve p\u00ebr shuarjen e flak\u00ebve. <\/span><\/p>\n<p><span style=\"color: #000000;\">Disa provinca algjeriane kan\u00eb d\u00ebshmuar prej dit\u00ebsh shp\u00ebrthime zjarresh masive q\u00eb u p\u00ebrkeq\u00ebsuan p\u00ebr shkak t\u00eb nj\u00eb vale t\u00eb nxeht\u00eb t\u00eb fort\u00eb dhe er\u00ebrave t\u00eb nxehta dhe t\u00eb forta nga jugu i vendit.<\/span><\/p>\n<p><span style=\"color: #000000;\">T\u00eb mart\u00ebn, presidenti algjerian Abdelmadjid Tebboune tha se 25 personel ushtarak vdiq\u00ebn nd\u00ebrsa shp\u00ebtuan m\u00eb shum\u00eb se 100 njer\u00ebz nga zjarret n\u00eb pjes\u00ebn lindore t\u00eb vendit.<\/span><\/p>\n<p><span style=\"color: #000000;\"><em>&#8220;Me trishtim dhe pik\u00ebllim t\u00eb madh, mora lajmin e martirizimit t\u00eb 25 an\u00ebtar\u00ebve t\u00eb Ushtris\u00eb Komb\u00ebtare Popullore,&#8221;<\/em> tha Tebboune n\u00eb Twitter.<\/span><\/p>\n<p><span style=\"color: #000000;\">Ai theksoi se ata u vran\u00eb \u2018pasi arrit\u00ebn t\u00eb shp\u00ebtojn\u00eb m\u00eb shum\u00eb se 100 qytetar\u00eb nga zjarret flak\u00ebruese, n\u00eb malet e Bejaia dhe Tizi Ouzou\u2019.<\/span><\/p>\n","protected":false,"gt_translate_keys":[{"key":"rendered","format":"html"}]},"excerpt":{"rendered":"<p>Ka shkuar n\u00eb 42 numri i viktimave nga zjarret n\u00eb Algjeri. Mes viktimave 25 jan\u00eb ushtar\u00eb, t\u00eb cil\u00ebt jan\u00eb pjes\u00eb e operacioneve p\u00ebr shuarjen e flak\u00ebve. Disa provinca algjeriane kan\u00eb d\u00ebshmuar prej dit\u00ebsh shp\u00ebrthime zjarresh masive q\u00eb u p\u00ebrkeq\u00ebsuan p\u00ebr shkak t\u00eb nj\u00eb vale t\u00eb nxeht\u00eb t\u00eb fort\u00eb dhe er\u00ebrave t\u00eb nxehta dhe t\u00eb forta [&hellip;]<\/p>\n","protected":false,"gt_translate_keys":[{"key":"rendered","format":"html"}]},"author":51,"featured_media":467232,"comment_status":"closed","ping_status":"closed","sticky":false,"template":"","format":"standard","meta":{"footnotes":""},"categories":[6],"tags":[],"class_list":["post-467231","post","type-post","status-publish","format-standard","has-post-thumbnail","hentry","category-nderkombetare"],"gt_translate_keys":[{"key":"link","format":"url"}],"_links":{"self":[{"href":"https:\/\/www.hashtag.al\/index.php\/wp-json\/wp\/v2\/posts\/467231","targetHints":{"allow":["GET"]}}],"collection":[{"href":"https:\/\/www.hashtag.al\/index.php\/wp-json\/wp\/v2\/posts"}],"about":[{"href":"https:\/\/www.hashtag.al\/index.php\/wp-json\/wp\/v2\/types\/post"}],"author":[{"embeddable":true,"href":"https:\/\/www.hashtag.al\/index.php\/wp-json\/wp\/v2\/users\/51"}],"replies":[{"embeddable":true,"href":"https:\/\/www.hashtag.al\/index.php\/wp-json\/wp\/v2\/comments?post=467231"}],"version-history":[{"count":0,"href":"https:\/\/www.hashtag.al\/index.php\/wp-json\/wp\/v2\/posts\/467231\/revisions"}],"wp:featuredmedia":[{"embeddable":true,"href":"https:\/\/www.hashtag.al\/index.php\/wp-json\/wp\/v2\/media\/467232"}],"wp:attachment":[{"href":"https:\/\/www.hashtag.al\/index.php\/wp-json\/wp\/v2\/media?parent=467231"}],"wp:term":[{"taxonomy":"category","embeddable":true,"href":"https:\/\/www.hashtag.al\/index.php\/wp-json\/wp\/v2\/categories?post=467231"},{"taxonomy":"post_tag","embeddable":true,"href":"https:\/\/www.hashtag.al\/index.php\/wp-json\/wp\/v2\/tags?post=467231"}],"curies":[{"name":"wp","href":"https:\/\/api.w.org\/{rel}","templated":true}]}}