{"id":467062,"date":"2021-08-10T09:09:18","date_gmt":"2021-08-10T07:09:18","guid":{"rendered":"https:\/\/hashtag.al\/?p=467062"},"modified":"2021-08-10T09:11:16","modified_gmt":"2021-08-10T07:11:16","slug":"buzhala-ironi-me-ramen-pas-ndihmes-qe-kosova-po-i-jep-shqiperise-ka-me-thane-serbia-ishte-e-para","status":"publish","type":"post","link":"https:\/\/www.hashtag.al\/index.php\/2021\/08\/10\/buzhala-ironi-me-ramen-pas-ndihmes-qe-kosova-po-i-jep-shqiperise-ka-me-thane-serbia-ishte-e-para\/","title":{"rendered":"Buzhala ironi me Ram\u00ebn pas ndihm\u00ebs q\u00eb Kosova po i jep Shqip\u00ebris\u00eb: Ka me than\u00eb Serbia ishte e para","gt_translate_keys":[{"key":"rendered","format":"text"}]},"content":{"rendered":"<p><span style=\"color: #000000;\"><img loading=\"lazy\" decoding=\"async\" class=\"aligncenter wp-image-467064\" src=\"https:\/\/hashtag.al\/wp-content\/uploads\/2021\/08\/beratbuzhalaok-1.png\" alt=\"\" width=\"1008\" height=\"775\" srcset=\"https:\/\/www.hashtag.al\/wp-content\/uploads\/2021\/08\/beratbuzhalaok-1.png 770w, https:\/\/www.hashtag.al\/wp-content\/uploads\/2021\/08\/beratbuzhalaok-1-300x231.png 300w, https:\/\/www.hashtag.al\/wp-content\/uploads\/2021\/08\/beratbuzhalaok-1-768x590.png 768w\" sizes=\"auto, (max-width: 1008px) 100vw, 1008px\" \/><\/span><\/p>\n<p><span style=\"color: #000000;\">Ironizon analisti Berat Buzhala k\u00ebt\u00eb m\u00ebngjes kryeministrin Edi Rama, pas ndihm\u00ebs q\u00eb Kosova dha dje me 34 zjarrfik\u00ebs, ushtrin\u00eb e tyre por edhe me prezenc\u00ebn e p\u00ebrfaq\u00ebsuesve t\u00eb lart\u00eb politik\u00eb p\u00ebr zjarret n\u00eb Kalimash.<\/span><\/p>\n<p><span style=\"color: #000000;\">\u201cQysh tha n\u00eb Shkup n\u00eb Ballkanin e Hapur: Forcat serbe ishin t\u00eb parat q\u00eb na erdh\u00ebn n\u00eb ndihm\u00eb kur ndodhi termeti.<\/span><\/p>\n<p><span style=\"color: #000000;\">N\u00eb takimin e radh\u00ebs garant ka me than\u00eb q\u00eb zjarrfik\u00ebsit nga Serbia ishin t\u00eb par\u00ebt q\u00eb erdh\u00ebn n\u00eb Kuk\u00ebs p\u00ebr t\u00eb na ndihmuar p\u00ebr t\u00eb fikur zjarrin mbi tunelin e Kalimashit.\u201d, shkruan Buzhala.<\/span><\/p>\n<p><span style=\"color: #000000;\">Notat e tij t\u00eb ironis\u00eb dhe sarkazm\u00ebs arrijn\u00eb deri atje ku vet\u00ebquhet \u201cnacionalist primitiv\u201d, duke p\u00ebrfshir\u00eb edhe koncertin e Goran Bregovi\u00e7it n\u00eb Kor\u00e7\u00eb.<\/span><\/p>\n<p><span style=\"color: #000000;\">\u201cShum\u00eb nacionalist\u00eb primitiv\u00eb k\u00ebta t\u00eb Kosov\u00ebs. Si ta shohin nj\u00eb problem p\u00ebrtej kufirit, yrysh me shku me ndihmu.<\/span><\/p>\n<p><span style=\"color: #000000;\">Sido q\u00eb t\u00eb jet\u00eb, po shpresoj q\u00eb nuk bllokohen rrug\u00ebt p\u00ebr n\u00eb Shqip\u00ebri, s\u00eb paku deri pas mb\u00ebrritjes s\u00eb Bregovicit n\u00eb Kor\u00e7\u00eb. Nuk ka kuptim jeta pa at\u00eb koncert.\u201d, p\u00ebrfundon Buzhala.<\/span><\/p>\n","protected":false,"gt_translate_keys":[{"key":"rendered","format":"html"}]},"excerpt":{"rendered":"<p>Ironizon analisti Berat Buzhala k\u00ebt\u00eb m\u00ebngjes kryeministrin Edi Rama, pas ndihm\u00ebs q\u00eb Kosova dha dje me 34 zjarrfik\u00ebs, ushtrin\u00eb e tyre por edhe me prezenc\u00ebn e p\u00ebrfaq\u00ebsuesve t\u00eb lart\u00eb politik\u00eb p\u00ebr zjarret n\u00eb Kalimash. \u201cQysh tha n\u00eb Shkup n\u00eb Ballkanin e Hapur: Forcat serbe ishin t\u00eb parat q\u00eb na erdh\u00ebn n\u00eb ndihm\u00eb kur ndodhi termeti. [&hellip;]<\/p>\n","protected":false,"gt_translate_keys":[{"key":"rendered","format":"html"}]},"author":51,"featured_media":467064,"comment_status":"closed","ping_status":"closed","sticky":false,"template":"","format":"standard","meta":{"footnotes":""},"categories":[65],"tags":[],"class_list":["post-467062","post","type-post","status-publish","format-standard","has-post-thumbnail","hentry","category-lajme"],"gt_translate_keys":[{"key":"link","format":"url"}],"_links":{"self":[{"href":"https:\/\/www.hashtag.al\/index.php\/wp-json\/wp\/v2\/posts\/467062","targetHints":{"allow":["GET"]}}],"collection":[{"href":"https:\/\/www.hashtag.al\/index.php\/wp-json\/wp\/v2\/posts"}],"about":[{"href":"https:\/\/www.hashtag.al\/index.php\/wp-json\/wp\/v2\/types\/post"}],"author":[{"embeddable":true,"href":"https:\/\/www.hashtag.al\/index.php\/wp-json\/wp\/v2\/users\/51"}],"replies":[{"embeddable":true,"href":"https:\/\/www.hashtag.al\/index.php\/wp-json\/wp\/v2\/comments?post=467062"}],"version-history":[{"count":0,"href":"https:\/\/www.hashtag.al\/index.php\/wp-json\/wp\/v2\/posts\/467062\/revisions"}],"wp:featuredmedia":[{"embeddable":true,"href":"https:\/\/www.hashtag.al\/index.php\/wp-json\/wp\/v2\/media\/467064"}],"wp:attachment":[{"href":"https:\/\/www.hashtag.al\/index.php\/wp-json\/wp\/v2\/media?parent=467062"}],"wp:term":[{"taxonomy":"category","embeddable":true,"href":"https:\/\/www.hashtag.al\/index.php\/wp-json\/wp\/v2\/categories?post=467062"},{"taxonomy":"post_tag","embeddable":true,"href":"https:\/\/www.hashtag.al\/index.php\/wp-json\/wp\/v2\/tags?post=467062"}],"curies":[{"name":"wp","href":"https:\/\/api.w.org\/{rel}","templated":true}]}}