{"id":466504,"date":"2021-08-07T18:29:33","date_gmt":"2021-08-07T16:29:33","guid":{"rendered":"https:\/\/hashtag.al\/?p=466504"},"modified":"2021-08-07T18:43:13","modified_gmt":"2021-08-07T16:43:13","slug":"milloshevici-do-na-ktheje-nje-shekull-mbrapa-e-ka-thene-bregovic","status":"publish","type":"post","link":"https:\/\/www.hashtag.al\/index.php\/2021\/08\/07\/milloshevici-do-na-ktheje-nje-shekull-mbrapa-e-ka-thene-bregovic\/","title":{"rendered":"\u201cMilloshevi\u00e7i do na kthej\u00eb nj\u00eb shekull mbrapa\u201d, &#8211; e ka th\u00ebn\u00eb Bregovi\u00e7","gt_translate_keys":[{"key":"rendered","format":"text"}]},"content":{"rendered":"<p><span style=\"color: #000000;\"><img loading=\"lazy\" decoding=\"async\" class=\"aligncenter size-full wp-image-466505\" src=\"https:\/\/hashtag.al\/wp-content\/uploads\/2021\/08\/Bregovic-kunder-Miloshevic-481x360-1.jpg\" alt=\"\" width=\"481\" height=\"360\" srcset=\"https:\/\/www.hashtag.al\/wp-content\/uploads\/2021\/08\/Bregovic-kunder-Miloshevic-481x360-1.jpg 481w, https:\/\/www.hashtag.al\/wp-content\/uploads\/2021\/08\/Bregovic-kunder-Miloshevic-481x360-1-300x225.jpg 300w\" sizes=\"auto, (max-width: 481px) 100vw, 481px\" \/><\/span><\/p>\n<p><span style=\"color: #000000;\">Pjes\u00ebmarrja e Goran Bregovic p\u00ebr t\u00eb performuar n\u00eb Fest\u00ebn e Birr\u00ebs n\u00eb Kor\u00e7\u00eb ka sjell\u00eb polemika t\u00eb ndryshme n\u00ebse k\u00ebng\u00ebtari ka qen\u00eb mb\u00ebshtet\u00ebs i gjenocidit serb gjat\u00eb ndarjes s\u00eb ish-Jugosllavis\u00eb.<\/span><\/p>\n<p><span style=\"color: #000000;\">N\u00eb mediumin shqiptar t\u00eb shumt\u00eb kan\u00eb qen\u00eb z\u00ebrat t\u00eb cil\u00ebt e akuzojn\u00eb at\u00eb se k\u00ebnga e tij \u201cKallashnikov\u201d frym\u00ebzonte ushtar\u00ebt serb\u00eb t\u00eb kryenin akte barbare mbi shqiptar\u00ebt e kosov\u00ebs, boshnjak\u00ebt apo kroat\u00ebt.<\/span><\/p>\n<p><span style=\"color: #000000;\">Por pretendime t\u00eb tilla jan\u00eb hedhur posht\u00eb nga njoh\u00ebs t\u00eb artit t\u00eb Bregovic t\u00eb cil\u00ebt parashtrojn\u00eb se ai asnj\u00ebher\u00eb nuk ka qen\u00eb apo ka b\u00ebr\u00eb ndonj\u00eb deklarat\u00eb pro veprimeve serbe.<\/span><\/p>\n<p><span style=\"color: #000000;\">Gazetari boshnjak, Aleksandar Brezar, ka shkruar sot se Bregovic jo vet\u00ebm nuk ka lidhje me agresionin serb, por ai ishte edhe nj\u00eb kritik dhe mosbesues i filozofis\u00eb dhe veprimeve t\u00eb Milloshevi\u00e7it, ish liderit serb q\u00eb udh\u00ebhoqi masakrat e shumta edhe mbi shqiptar\u00ebt e Kosov\u00ebs.<\/span><\/p>\n<p><span style=\"color: #000000;\">Gazetari zbulon nj\u00eb intervist\u00eb t\u00eb vjet\u00ebr t\u00eb k\u00ebng\u00ebtarit ku ai rr\u00ebfen se si u dhunua nga serb\u00ebt pasi guxoi t\u00eb deklaronte n\u00eb publik se \u201c<em>Milo\u0161evi\u0107 do t\u00eb na kthej\u00eb t\u00eb gjith\u00ebve nj\u00eb shekull prapa\u201d.<\/em><\/span><\/p>\n<p><span style=\"color: #000000;\">Pik\u00ebrisht para shp\u00ebrb\u00ebrjes s\u00eb Jugosllavis\u00eb, Bregovi\u0107 ishte pjes\u00eb e partis\u00eb jo-etnonacionale liberale Reformiste. N\u00eb nj\u00eb intervist\u00eb t\u00eb vitit 2016, ai deklaroi se nj\u00eb mafioz serb e dhu noi n\u00eb at\u00eb koh\u00eb sepse tha publikisht:\u00a0<em>Milo\u0161evi\u0107 do t\u00eb na kthej\u00eb t\u00eb gjith\u00ebve nj\u00eb shekull prapa<\/em>\u2013 shkruan gazetari Brezar.<\/span><\/p>\n<p><span style=\"color: #000000;\">Gazetari boshnjak thekson se t\u00eb akuzosh Bregovicin p\u00ebr frym\u00ebzim t\u00eb masakrave n\u00eb Kosov\u00eb \u00ebsht\u00eb skandaloze.<\/span><\/p>\n<p><span style=\"color: #000000;\"><img loading=\"lazy\" decoding=\"async\" class=\"aligncenter size-full wp-image-466506\" src=\"https:\/\/hashtag.al\/wp-content\/uploads\/2021\/08\/1-1.jpg\" alt=\"\" width=\"752\" height=\"1280\" srcset=\"https:\/\/www.hashtag.al\/wp-content\/uploads\/2021\/08\/1-1.jpg 752w, https:\/\/www.hashtag.al\/wp-content\/uploads\/2021\/08\/1-1-176x300.jpg 176w, https:\/\/www.hashtag.al\/wp-content\/uploads\/2021\/08\/1-1-602x1024.jpg 602w\" sizes=\"auto, (max-width: 752px) 100vw, 752px\" \/><img loading=\"lazy\" decoding=\"async\" class=\"aligncenter size-full wp-image-466507\" src=\"https:\/\/hashtag.al\/wp-content\/uploads\/2021\/08\/2.jpg\" alt=\"\" width=\"591\" height=\"1280\" srcset=\"https:\/\/www.hashtag.al\/wp-content\/uploads\/2021\/08\/2.jpg 591w, https:\/\/www.hashtag.al\/wp-content\/uploads\/2021\/08\/2-139x300.jpg 139w, https:\/\/www.hashtag.al\/wp-content\/uploads\/2021\/08\/2-473x1024.jpg 473w\" sizes=\"auto, (max-width: 591px) 100vw, 591px\" \/><img loading=\"lazy\" decoding=\"async\" class=\"aligncenter size-full wp-image-466508\" src=\"https:\/\/hashtag.al\/wp-content\/uploads\/2021\/08\/3.jpg\" alt=\"\" width=\"1242\" height=\"435\" srcset=\"https:\/\/www.hashtag.al\/wp-content\/uploads\/2021\/08\/3.jpg 1242w, https:\/\/www.hashtag.al\/wp-content\/uploads\/2021\/08\/3-300x105.jpg 300w, https:\/\/www.hashtag.al\/wp-content\/uploads\/2021\/08\/3-768x269.jpg 768w, https:\/\/www.hashtag.al\/wp-content\/uploads\/2021\/08\/3-1024x359.jpg 1024w\" sizes=\"auto, (max-width: 1242px) 100vw, 1242px\" \/><\/span><\/p>\n","protected":false,"gt_translate_keys":[{"key":"rendered","format":"html"}]},"excerpt":{"rendered":"<p>Pjes\u00ebmarrja e Goran Bregovic p\u00ebr t\u00eb performuar n\u00eb Fest\u00ebn e Birr\u00ebs n\u00eb Kor\u00e7\u00eb ka sjell\u00eb polemika t\u00eb ndryshme n\u00ebse k\u00ebng\u00ebtari ka qen\u00eb mb\u00ebshtet\u00ebs i gjenocidit serb gjat\u00eb ndarjes s\u00eb ish-Jugosllavis\u00eb. N\u00eb mediumin shqiptar t\u00eb shumt\u00eb kan\u00eb qen\u00eb z\u00ebrat t\u00eb cil\u00ebt e akuzojn\u00eb at\u00eb se k\u00ebnga e tij \u201cKallashnikov\u201d frym\u00ebzonte ushtar\u00ebt serb\u00eb t\u00eb kryenin akte barbare [&hellip;]<\/p>\n","protected":false,"gt_translate_keys":[{"key":"rendered","format":"html"}]},"author":32,"featured_media":466505,"comment_status":"closed","ping_status":"closed","sticky":false,"template":"","format":"standard","meta":{"footnotes":""},"categories":[65,13],"tags":[],"class_list":["post-466504","post","type-post","status-publish","format-standard","has-post-thumbnail","hentry","category-lajme","category-te-fundit"],"gt_translate_keys":[{"key":"link","format":"url"}],"_links":{"self":[{"href":"https:\/\/www.hashtag.al\/index.php\/wp-json\/wp\/v2\/posts\/466504","targetHints":{"allow":["GET"]}}],"collection":[{"href":"https:\/\/www.hashtag.al\/index.php\/wp-json\/wp\/v2\/posts"}],"about":[{"href":"https:\/\/www.hashtag.al\/index.php\/wp-json\/wp\/v2\/types\/post"}],"author":[{"embeddable":true,"href":"https:\/\/www.hashtag.al\/index.php\/wp-json\/wp\/v2\/users\/32"}],"replies":[{"embeddable":true,"href":"https:\/\/www.hashtag.al\/index.php\/wp-json\/wp\/v2\/comments?post=466504"}],"version-history":[{"count":0,"href":"https:\/\/www.hashtag.al\/index.php\/wp-json\/wp\/v2\/posts\/466504\/revisions"}],"wp:featuredmedia":[{"embeddable":true,"href":"https:\/\/www.hashtag.al\/index.php\/wp-json\/wp\/v2\/media\/466505"}],"wp:attachment":[{"href":"https:\/\/www.hashtag.al\/index.php\/wp-json\/wp\/v2\/media?parent=466504"}],"wp:term":[{"taxonomy":"category","embeddable":true,"href":"https:\/\/www.hashtag.al\/index.php\/wp-json\/wp\/v2\/categories?post=466504"},{"taxonomy":"post_tag","embeddable":true,"href":"https:\/\/www.hashtag.al\/index.php\/wp-json\/wp\/v2\/tags?post=466504"}],"curies":[{"name":"wp","href":"https:\/\/api.w.org\/{rel}","templated":true}]}}