{"id":466256,"date":"2021-08-06T09:14:56","date_gmt":"2021-08-06T07:14:56","guid":{"rendered":"https:\/\/hashtag.al\/?p=466256"},"modified":"2021-08-06T09:14:56","modified_gmt":"2021-08-06T07:14:56","slug":"dy-vellezerit-te-perfshire-ne-goditje-sipas-policise-nje-arrestohet-tjetri-ne-kerkim","status":"publish","type":"post","link":"https:\/\/www.hashtag.al\/index.php\/2021\/08\/06\/dy-vellezerit-te-perfshire-ne-goditje-sipas-policise-nje-arrestohet-tjetri-ne-kerkim\/","title":{"rendered":"Dy v\u00ebllez\u00ebrit t\u00eb p\u00ebrfshir\u00eb n\u00eb goditje sipas policis\u00eb, nj\u00eb arrestohet, tjetri n\u00eb k\u00ebrkim","gt_translate_keys":[{"key":"rendered","format":"text"}]},"content":{"rendered":"<p><span style=\"color: #000000;\"><img loading=\"lazy\" decoding=\"async\" class=\"aligncenter  wp-image-466257\" src=\"https:\/\/hashtag.al\/wp-content\/uploads\/2021\/08\/sherr2.jpg\" alt=\"\" width=\"1005\" height=\"565\" srcset=\"https:\/\/www.hashtag.al\/wp-content\/uploads\/2021\/08\/sherr2.jpg 500w, https:\/\/www.hashtag.al\/wp-content\/uploads\/2021\/08\/sherr2-300x169.jpg 300w\" sizes=\"auto, (max-width: 1005px) 100vw, 1005px\" \/><\/span><\/p>\n<p><span style=\"color: #000000;\">Dy v\u00ebllez\u00ebr mendohen se jan\u00eb p\u00ebrfshir\u00eb n\u00eb nj\u00eb sherr, ku nj\u00eb person ka mbetur i d\u00ebmtuar n\u00eb Vlor\u00eb.<\/span><\/p>\n<p><span style=\"color: #000000;\">Policia njofton se ka arrestuar nj\u00ebrin prej t\u00eb dyshuar\u00ebve, Ndoc P\u00ebrbibajn, n\u00eb k\u00ebrkim \u00ebsht\u00eb shpallur v\u00ebllai Marin P\u00ebrbibaj.<\/span><\/p>\n<p><span style=\"color: #000000;\">Nuk dihen ende rrethanat e sakta t\u00eb ngjarjes por ata kan\u00eb goditur me sende t\u00eb forta nj\u00eb shtetas, situat\u00eb p\u00ebr t\u00eb cil\u00ebn jan\u00eb njoftuar efektiv\u00ebt e policis\u00eb.<\/span><\/p>\n<p>&nbsp;<\/p>\n","protected":false,"gt_translate_keys":[{"key":"rendered","format":"html"}]},"excerpt":{"rendered":"<p>Dy v\u00ebllez\u00ebr mendohen se jan\u00eb p\u00ebrfshir\u00eb n\u00eb nj\u00eb sherr, ku nj\u00eb person ka mbetur i d\u00ebmtuar n\u00eb Vlor\u00eb. Policia njofton se ka arrestuar nj\u00ebrin prej t\u00eb dyshuar\u00ebve, Ndoc P\u00ebrbibajn, n\u00eb k\u00ebrkim \u00ebsht\u00eb shpallur v\u00ebllai Marin P\u00ebrbibaj. Nuk dihen ende rrethanat e sakta t\u00eb ngjarjes por ata kan\u00eb goditur me sende t\u00eb forta nj\u00eb shtetas, situat\u00eb [&hellip;]<\/p>\n","protected":false,"gt_translate_keys":[{"key":"rendered","format":"html"}]},"author":51,"featured_media":466257,"comment_status":"closed","ping_status":"closed","sticky":false,"template":"","format":"standard","meta":{"footnotes":""},"categories":[65,13],"tags":[],"class_list":["post-466256","post","type-post","status-publish","format-standard","has-post-thumbnail","hentry","category-lajme","category-te-fundit"],"gt_translate_keys":[{"key":"link","format":"url"}],"_links":{"self":[{"href":"https:\/\/www.hashtag.al\/index.php\/wp-json\/wp\/v2\/posts\/466256","targetHints":{"allow":["GET"]}}],"collection":[{"href":"https:\/\/www.hashtag.al\/index.php\/wp-json\/wp\/v2\/posts"}],"about":[{"href":"https:\/\/www.hashtag.al\/index.php\/wp-json\/wp\/v2\/types\/post"}],"author":[{"embeddable":true,"href":"https:\/\/www.hashtag.al\/index.php\/wp-json\/wp\/v2\/users\/51"}],"replies":[{"embeddable":true,"href":"https:\/\/www.hashtag.al\/index.php\/wp-json\/wp\/v2\/comments?post=466256"}],"version-history":[{"count":0,"href":"https:\/\/www.hashtag.al\/index.php\/wp-json\/wp\/v2\/posts\/466256\/revisions"}],"wp:featuredmedia":[{"embeddable":true,"href":"https:\/\/www.hashtag.al\/index.php\/wp-json\/wp\/v2\/media\/466257"}],"wp:attachment":[{"href":"https:\/\/www.hashtag.al\/index.php\/wp-json\/wp\/v2\/media?parent=466256"}],"wp:term":[{"taxonomy":"category","embeddable":true,"href":"https:\/\/www.hashtag.al\/index.php\/wp-json\/wp\/v2\/categories?post=466256"},{"taxonomy":"post_tag","embeddable":true,"href":"https:\/\/www.hashtag.al\/index.php\/wp-json\/wp\/v2\/tags?post=466256"}],"curies":[{"name":"wp","href":"https:\/\/api.w.org\/{rel}","templated":true}]}}