{"id":466220,"date":"2021-08-05T21:10:40","date_gmt":"2021-08-05T19:10:40","guid":{"rendered":"https:\/\/hashtag.al\/?p=466220"},"modified":"2021-08-05T21:11:14","modified_gmt":"2021-08-05T19:11:14","slug":"anderlecht-nuk-toleron-mund-lacin-ne-elbasan-arena","status":"publish","type":"post","link":"https:\/\/www.hashtag.al\/index.php\/2021\/08\/05\/anderlecht-nuk-toleron-mund-lacin-ne-elbasan-arena\/","title":{"rendered":"Anderlecht nuk toleron, mund La\u00e7in n\u00eb Elbasan Arena","gt_translate_keys":[{"key":"rendered","format":"text"}]},"content":{"rendered":"<p><span style=\"color: #000000;\"><img loading=\"lazy\" decoding=\"async\" class=\"aligncenter size-full wp-image-466221\" src=\"https:\/\/hashtag.al\/wp-content\/uploads\/2021\/08\/laci-2.jpg\" alt=\"\" width=\"750\" height=\"430\" srcset=\"https:\/\/www.hashtag.al\/wp-content\/uploads\/2021\/08\/laci-2.jpg 750w, https:\/\/www.hashtag.al\/wp-content\/uploads\/2021\/08\/laci-2-300x172.jpg 300w\" sizes=\"auto, (max-width: 750px) 100vw, 750px\" \/><\/span><\/p>\n<p><span style=\"color: #000000;\">La\u00e7i e ka pasur t\u00eb pamundur q\u00eb t\u00eb sh\u00ebnoj\u00eb qoft\u00eb edhe nj\u00eb gol ndaj Anderlecht n\u00eb kualifikueset t\u00eb Conference League.<\/span><\/p>\n<p><span style=\"color: #000000;\">N\u00eb sfid\u00ebn e luajtur n\u00eb Elbasan Arena, belg\u00ebt fituan me rezultatin 0-3.<\/span><\/p>\n<p><span style=\"color: #000000;\">Pjesa e par\u00eb u mbyll me rezultatin 0-2 me gola t\u00eb Delcroix dhe Hoedt nd\u00ebrsa n\u00eb pjes\u00ebn e dyt\u00eb t\u00eb loj\u00ebs sh\u00ebnoi golin e fundit t\u00eb fitores p\u00ebr belg\u00ebt Rafaelov.<\/span><\/p>\n<p><span style=\"color: #000000;\">Sfida e kthimit do jet\u00eb e v\u00ebshtir\u00eb q\u00eb p\u00ebr La\u00e7in t\u00eb prodhoj\u00eb nj\u00eb rezultat pozitiv.<\/span><\/p>\n<p><span style=\"color: #000000;\">Nd\u00ebrkoh\u00eb Teuta luan p\u00ebrball\u00eb skocez\u00ebve t\u00eb Shamrock Rovers dit\u00ebn e sotme.<\/span><\/p>\n<p>&nbsp;<\/p>\n","protected":false,"gt_translate_keys":[{"key":"rendered","format":"html"}]},"excerpt":{"rendered":"<p>La\u00e7i e ka pasur t\u00eb pamundur q\u00eb t\u00eb sh\u00ebnoj\u00eb qoft\u00eb edhe nj\u00eb gol ndaj Anderlecht n\u00eb kualifikueset t\u00eb Conference League. N\u00eb sfid\u00ebn e luajtur n\u00eb Elbasan Arena, belg\u00ebt fituan me rezultatin 0-3. Pjesa e par\u00eb u mbyll me rezultatin 0-2 me gola t\u00eb Delcroix dhe Hoedt nd\u00ebrsa n\u00eb pjes\u00ebn e dyt\u00eb t\u00eb loj\u00ebs sh\u00ebnoi golin [&hellip;]<\/p>\n","protected":false,"gt_translate_keys":[{"key":"rendered","format":"html"}]},"author":32,"featured_media":466221,"comment_status":"closed","ping_status":"closed","sticky":false,"template":"","format":"standard","meta":{"footnotes":""},"categories":[134,13],"tags":[],"class_list":["post-466220","post","type-post","status-publish","format-standard","has-post-thumbnail","hentry","category-sport","category-te-fundit"],"gt_translate_keys":[{"key":"link","format":"url"}],"_links":{"self":[{"href":"https:\/\/www.hashtag.al\/index.php\/wp-json\/wp\/v2\/posts\/466220","targetHints":{"allow":["GET"]}}],"collection":[{"href":"https:\/\/www.hashtag.al\/index.php\/wp-json\/wp\/v2\/posts"}],"about":[{"href":"https:\/\/www.hashtag.al\/index.php\/wp-json\/wp\/v2\/types\/post"}],"author":[{"embeddable":true,"href":"https:\/\/www.hashtag.al\/index.php\/wp-json\/wp\/v2\/users\/32"}],"replies":[{"embeddable":true,"href":"https:\/\/www.hashtag.al\/index.php\/wp-json\/wp\/v2\/comments?post=466220"}],"version-history":[{"count":0,"href":"https:\/\/www.hashtag.al\/index.php\/wp-json\/wp\/v2\/posts\/466220\/revisions"}],"wp:featuredmedia":[{"embeddable":true,"href":"https:\/\/www.hashtag.al\/index.php\/wp-json\/wp\/v2\/media\/466221"}],"wp:attachment":[{"href":"https:\/\/www.hashtag.al\/index.php\/wp-json\/wp\/v2\/media?parent=466220"}],"wp:term":[{"taxonomy":"category","embeddable":true,"href":"https:\/\/www.hashtag.al\/index.php\/wp-json\/wp\/v2\/categories?post=466220"},{"taxonomy":"post_tag","embeddable":true,"href":"https:\/\/www.hashtag.al\/index.php\/wp-json\/wp\/v2\/tags?post=466220"}],"curies":[{"name":"wp","href":"https:\/\/api.w.org\/{rel}","templated":true}]}}