{"id":466039,"date":"2021-08-05T03:40:28","date_gmt":"2021-08-05T01:40:28","guid":{"rendered":"https:\/\/hashtag.al\/?p=466039"},"modified":"2021-08-05T18:21:29","modified_gmt":"2021-08-05T16:21:29","slug":"dalldia-blegtorale-me-sorosin-dhe-mini-schengenin","status":"publish","type":"post","link":"https:\/\/www.hashtag.al\/index.php\/2021\/08\/05\/dalldia-blegtorale-me-sorosin-dhe-mini-schengenin\/","title":{"rendered":"Dalldia blegtorale me Sorosin dhe Mini-Schengenin","gt_translate_keys":[{"key":"rendered","format":"text"}]},"content":{"rendered":"<p><span style=\"color: #000000;\"><em><strong><img loading=\"lazy\" decoding=\"async\" class=\"aligncenter size-full wp-image-466042\" src=\"https:\/\/hashtag.al\/wp-content\/uploads\/2021\/08\/Soros-george.jpg\" alt=\"\" width=\"1280\" height=\"720\" srcset=\"https:\/\/www.hashtag.al\/wp-content\/uploads\/2021\/08\/Soros-george.jpg 1280w, https:\/\/www.hashtag.al\/wp-content\/uploads\/2021\/08\/Soros-george-300x169.jpg 300w, https:\/\/www.hashtag.al\/wp-content\/uploads\/2021\/08\/Soros-george-768x432.jpg 768w, https:\/\/www.hashtag.al\/wp-content\/uploads\/2021\/08\/Soros-george-1024x576.jpg 1024w\" sizes=\"auto, (max-width: 1280px) 100vw, 1280px\" \/><br \/>\nNga Habjon Hasani<\/strong><\/em><\/span><\/p>\n<p><span style=\"color: #000000;\">Viti 2021 \u00ebsht\u00eb i kat\u00ebrti vit i p\u00ebrpjekjeve t\u00eb pand\u00ebrprera dhe jo fort\u00eb t\u00eb qarta t\u00eb nj\u00eb bashk\u00ebpunimi nd\u00ebrmjet Edi Ram\u00ebs dhe Aleksand\u00ebr Vu\u00e7i\u00e7. Ata t\u00eb dy kan\u00eb l\u00ebn\u00eb plot gjurm\u00eb \u00a0n\u00eb ecejaket e tyre, por dihet shum\u00eb pak mbi shtysat e tyre, apo planin e tyre rajonal.<\/span><\/p>\n<p><span style=\"color: #000000;\">Ky shkrim do tentoj\u00eb t\u00eb sqaroj\u00eb e t\u00eb orientoj\u00eb disa piketa q\u00eb lidhen kryesisht me Shqip\u00ebrin\u00eb, por gjithnj\u00eb n\u00eb kontekstin e k\u00ebsaj nisme rajonale n\u00eb dukje t\u00eb paqart\u00eb, q\u00eb disa e quajn\u00eb ri-shpikje e ish-Jugosllavis\u00eb (favorizim i Serbis\u00eb), e disa t\u00eb tjer\u00eb e quajn\u00eb imponim okult t\u00eb Sorosit.<\/span><\/p>\n<p><span style=\"color: #000000;\">***<\/span><\/p>\n<p><span style=\"color: #000000;\">Q\u00eb prej ardhjes s\u00eb Edi Ram\u00ebs n\u00eb pushtet, u lexua nj\u00eb marr\u00ebdh\u00ebnie e ve\u00e7ant\u00eb e tij me Presidentin e Serbis\u00eb Aleksand\u00ebr Vu\u00e7i\u00e7.<\/span><\/p>\n<p><span style=\"color: #000000;\">N\u00eb vitin 2018, nd\u00ebrmjet Ram\u00ebs, Tha\u00e7it dhe Vu\u00e7icit u intensifikuan takimet, gradualisht nisi t\u00eb p\u00ebrflitej ideja e k\u00ebmbimit territorial. Kosova do t\u00eb \u00e7edonte mbi zon\u00ebn e Trep\u00e7es ku ndodhen dhe pasuri t\u00eb m\u00ebdha natyrore.<\/span><\/p>\n<p><span style=\"color: #000000;\">Kam publikuar ekskluzivisht n\u00eb Hashtag.al n\u00eb vitin 2019, <a style=\"color: #000000;\" href=\"https:\/\/hashtag.al\/index.php\/2019\/05\/09\/raporti-i-plote-fondacioni-soros-kerkoi-qe-minierat-e-trepces-ti-jepen-serbise\/\"><span style=\"text-decoration: underline;\"><em>raportin e Fondacionit Soros Dega Beograd<\/em><\/span><\/a>, q\u00eb detajonte pik\u00ebrisht skenar\u00ebt e k\u00ebmbimit territorial, duke i v\u00ebn\u00eb vul\u00ebn n\u00eb nj\u00ebfar\u00eb m\u00ebnyre spekulimeve mbi rolin e mundsh\u00ebm t\u00eb Fondacionit Soros n\u00eb k\u00ebt\u00eb proces.<\/span><\/p>\n<p><span style=\"color: #000000;\">Ky Fondacion \u00ebsht\u00eb entitet global, p\u00ebr \u00e7udi shkrimit ton\u00eb ju kund\u00ebrp\u00ebrgjigj kreu i Fondacionit n\u00eb Prishtin\u00eb (<span style=\"color: #0000ff;\"><em><a style=\"color: #0000ff;\" href=\"https:\/\/hashtag.al\/index.php\/2019\/07\/09\/laku-noc-gospodin-shllaku\/\"><span style=\"color: #0000ff;\">lexo k\u00ebtu<\/span><\/a><\/em><\/span>), i cili sfidoi gjith\u00eb pritshm\u00ebrit\u00eb e mia, pasi\u00a0 Fondacioni i Prishtin\u00ebs po p\u00ebrpiqej t\u00eb mbronte koleg\u00ebt e Beogradit me planin p\u00ebr ndarjen e territoreve, nd\u00ebrsa argumentet q\u00eb paraqit\u00ebn ishin jo vet\u00ebm spekulative por edhe banale, leht\u00ebsisht t\u00eb demontueshme.<\/span><\/p>\n<p><span style=\"color: #000000;\">Plani p\u00ebr k\u00ebmbim territorial u godit fort nga Berlini, sh\u00ebrbimet gjermane vepruan me shpejt\u00ebsi; Hashim Tha\u00e7i u nis pakopostal n\u00eb gjyq n\u00eb Hag\u00eb edhe si nj\u00eb nd\u00ebshkim nga gjerman\u00ebt, t\u00eb cil\u00ebt ishin kategorikisht kund\u00ebr k\u00ebmbimit territorial n\u00eb Kosov\u00eb pasi e shihnin si precedent me rrezik edhe p\u00ebr territore t\u00eb tjera ku ka mosmarr\u00ebveshje. \u00a0<\/span><\/p>\n<p><span style=\"color: #000000;\">Asokohe plani i ndarjes\u00a0 gjeti mb\u00ebshtetje dhe nga administrata Trump, sidomos nga John Bolton.<\/span><\/p>\n<p><span style=\"color: #000000;\">I vetmi politikan shqiptar q\u00eb \u201ce kapi n\u00eb aj\u00ebr\u201d r\u00ebnd\u00ebsin\u00eb e publikimit n\u00eb <em>Hashtag<\/em> ishte Sali Berisha. \u00a0Gjej rastin ta fal\u00ebnderoj sot publikisht p\u00ebr reagimin e menj\u00ebhersh\u00ebm, t\u00eb cilin e konsideroj t\u00eb r\u00ebnd\u00ebsish\u00ebm dhe thelb\u00ebsor p\u00ebr sensibilizimin mbi t\u00eb v\u00ebrtet\u00ebn e asaj q\u00eb po ndodhte.<\/span><\/p>\n<p><span style=\"color: #000000;\">Pas shpalljes \u201cnon grata\u201d n\u00eb 2021, Berisha thot\u00eb se ishte pik\u00ebrisht roli i tij n\u00eb denoncimin e k\u00ebsaj marr\u00ebveshje q\u00eb e shtyu Fondacionin Soros n\u00eb nj\u00eb hakmarrje ndaj tij. \u00a0<\/span><\/p>\n<p><span style=\"color: #000000;\"><img loading=\"lazy\" decoding=\"async\" class=\"aligncenter size-full wp-image-466043\" src=\"https:\/\/hashtag.al\/wp-content\/uploads\/2021\/08\/Sali-berisha.jpg\" alt=\"\" width=\"925\" height=\"603\" srcset=\"https:\/\/www.hashtag.al\/wp-content\/uploads\/2021\/08\/Sali-berisha.jpg 925w, https:\/\/www.hashtag.al\/wp-content\/uploads\/2021\/08\/Sali-berisha-300x196.jpg 300w, https:\/\/www.hashtag.al\/wp-content\/uploads\/2021\/08\/Sali-berisha-768x501.jpg 768w\" sizes=\"auto, (max-width: 925px) 100vw, 925px\" \/><br \/>\nJam skeptik mbi k\u00ebt\u00eb pretendim t\u00eb Berish\u00ebs, sepse roli i tij ishte vendimtar n\u00eb sensibilizimin e opinionit publik, por ai nuk kishte asnj\u00eb instrument t\u00eb pengonte ngjarjen, marr\u00ebveshjen. Marr\u00ebveshja u nd\u00ebrpre sepse nd\u00ebrhyn\u00eb autoritetet gjermane, diplomacia dhe sh\u00ebrbimi inteligjent gjerman ka lozur rol vendimtar n\u00eb parandalimin e skenarit t\u00eb ndarjes territoriale. <\/span><br \/>\n<span style=\"color: #000000;\">Logjika ta do se n\u00eb qoft\u00eb se Soros do kishte ndonj\u00eb \u201cmerak\u201d ai do e kishte me gjerman\u00ebt m\u00eb s\u00eb pari, ata e b\u00ebn\u00eb \u201cd\u00ebmin\u201d, madje shum\u00eb koh\u00eb para se \u00e7\u00ebshtja t\u00eb denoncohej n\u00eb <em>Hashtag<\/em> apo para se Berisha t\u00eb niste denoncimet publike.<\/span><\/p>\n<p><span style=\"color: #000000;\">Kjo marr\u00ebveshje e nd\u00ebrprer\u00eb \u00a0krijoi dyshime t\u00eb forta mbi rolin e Soros, t\u00eb SHBA-ve e t\u00eb aktor\u00ebve rajonal\u00eb, k\u00ebto dyshime vijojn\u00eb t\u00eb q\u00ebndrojn\u00eb si hije tashm\u00eb sa her\u00eb Rama dhe Vu\u00e7i\u00e7 b\u00ebjn\u00eb ecejake dhe kalisin nism\u00ebn e tyre rajonale.<\/span><\/p>\n<p><span style=\"color: #000000;\"><strong><em><img loading=\"lazy\" decoding=\"async\" class=\"aligncenter size-full wp-image-466041\" src=\"https:\/\/hashtag.al\/wp-content\/uploads\/2021\/08\/auto_Screenshot_5-171511362427.jpg\" alt=\"\" width=\"900\" height=\"629\" srcset=\"https:\/\/www.hashtag.al\/wp-content\/uploads\/2021\/08\/auto_Screenshot_5-171511362427.jpg 900w, https:\/\/www.hashtag.al\/wp-content\/uploads\/2021\/08\/auto_Screenshot_5-171511362427-300x210.jpg 300w, https:\/\/www.hashtag.al\/wp-content\/uploads\/2021\/08\/auto_Screenshot_5-171511362427-768x537.jpg 768w, https:\/\/www.hashtag.al\/wp-content\/uploads\/2021\/08\/auto_Screenshot_5-171511362427-360x252.jpg 360w\" sizes=\"auto, (max-width: 900px) 100vw, 900px\" \/><br \/>\nNj\u00eb eksplorim mbi paranoj\u00ebn<br \/>\n<\/em><\/strong><\/span><\/p>\n<p><span style=\"color: #000000;\">10 apo 15 vite m\u00eb par\u00eb n\u00ebse p\u00ebrpiqeshe q\u00eb nj\u00eb proces t\u00eb caktuar ta shihje n\u00eb kontekstin e ndikimit t\u00eb Fondacionit Soros, shumica d\u00ebrrmuese e politikan\u00ebve apo gazetar\u00ebve n\u00eb k\u00ebt\u00eb vend, t\u00eb akuzonin p\u00ebr prirje konspirative.<\/span><\/p>\n<p><span style=\"color: #000000;\">Edhe ministra t\u00eb Berish\u00ebs apo deri dhe familjar\u00ebt e tij, gjat\u00eb koh\u00ebs kur ai ishte n\u00eb pushtet, dekurajuan z\u00ebrat e shoq\u00ebris\u00eb civile apo t\u00eb medias q\u00eb vinin theksin te ndikimi okult i Soros. Nuk e kam kuptuar dot n\u00ebse dekurajonin sepse e kishin frik\u00eb Sorosin, apo sepse ishin aq injorant\u00eb sa mendonin q\u00eb me k\u00ebt\u00eb taktik\u00eb do tregoheshin m\u00eb finok se rrjeti Soros.<\/span><\/p>\n<p><span style=\"color: #000000;\">Problemi \u00ebsht\u00eb se Soros operon me strategji, jo me taktika apo teknika. Kjo e b\u00ebn m\u00eb afatgjat\u00eb, m\u00eb t\u00eb blinduar, m\u00eb efikas.<\/span><\/p>\n<p><span style=\"color: #000000;\">Pas ardhjes s\u00eb Trump dhe polemizimit t\u00eb skajsh\u00ebm q\u00eb ndodhi n\u00eb shoq\u00ebrin\u00eb amerikane, p\u00ebr Sorosin po flitej m\u00eb hapur, aq sa sot druaj se po inflacionohet p\u00ebrdorimi i rolit t\u00eb tij, her\u00eb duke ja futur kot nga paranoja, e her\u00eb duke e implikuar q\u00ebllimisht edhe n\u00eb pun\u00eb ku ai mund t\u00eb mos ket\u00eb asnj\u00eb lidhje.<\/span><\/p>\n<p><span style=\"color: #000000;\">Gjykoj se \u00e7do arsyetim q\u00eb e paraqet Sorosin si nj\u00eb individ privat q\u00eb b\u00ebn politika private dhe me diabolizmin e tij \u201cpeshkon\u201d politik\u00ebn e virgj\u00ebr amerikane, \u00ebsht\u00eb arsyetim NUL, duhet refuzuar.<\/span><\/p>\n<p><span style=\"color: #000000;\">Soros nuk \u00ebsht\u00eb aspak nj\u00eb dinozaur q\u00eb arrin t\u00eb imponoj\u00eb Amerik\u00ebn, por \u00ebsht\u00eb nj\u00eb dinozaur q\u00eb vepron me lejen dhe autorizimin special t\u00eb SHBA-ve.<\/span><\/p>\n<p><span style=\"color: #000000;\">Ka me qindra t\u00eb dh\u00ebna q\u00eb sugjerojn\u00eb se Soros \u00ebsht\u00eb instrument i shtetit amerikan, me rol t\u00eb spikatur sidomos n\u00eb CIA dhe n\u00eb Departamentin e Shtetit.<\/span><\/p>\n<p><span style=\"color: #000000;\">Jan\u00eb CIA dhe Departamenti i Shtetit ato q\u00eb p\u00ebrdorin Sorosin, q\u00eb e kan\u00eb caktuar at\u00eb (nd\u00ebr t\u00eb tjera) menaxher t\u00eb nj\u00eb infrastrukture t\u00eb shtrir\u00eb sidomos n\u00eb vendet e Evrop\u00ebs Lindore,\u00a0 pak a shum\u00eb si ato strukturat \u201cparamilitare\u201d q\u00eb arrijn\u00eb pushtimin pa implikuar zyrtarisht \u201cushtrin\u00eb\u201d.<\/span><\/p>\n<p><span style=\"color: #000000;\">\u00c7do diskutim i personalizuar mbi George Soros nuk do ishte realist, rrjeti Soros \u00ebsht\u00eb pjes\u00eb integrale e institucioneve amerikane, pararoj\u00eb e inteligjenc\u00ebs dhe diplomacis\u00eb s\u00eb saj.<\/span><\/p>\n<p><span style=\"color: #000000;\">Duke e kuptuar dhe duke e gjykuar si t\u00eb till\u00eb mund ta p\u00ebrballosh, apo dhe mund ta kund\u00ebrshtosh, por s\u2019mund t\u00eb thuash q\u00eb un\u00eb jam armik i Soros por mik i SHBA-ve, sepse rrjeti Soros \u00ebsht\u00eb Amerika dora vet.<\/span><\/p>\n<p><span style=\"color: #000000;\">Mund t\u00eb jesh <em>anti-amerikan<\/em> dhe <em>anti-Soros<\/em>; por jo anti-Soros dhe pro-amerikan.\u00a0<\/span><\/p>\n<p><span style=\"color: #000000;\">Dhe n\u00eb momentin q\u00eb pranojm\u00eb se Soros po \u00e7on p\u00ebrpara nj\u00eb projekt rajonal q\u00eb aktualisht p\u00ebrfshin Shqip\u00ebrin\u00eb-Serbin\u00eb-Maqedonin\u00eb, duhet t\u00eb pranojm\u00eb se ky \u00ebsht\u00eb projekt amerikan. <\/span><\/p>\n<p><span style=\"color: #000000;\">Projekt i shtetit amerikan.<\/span><\/p>\n<p><span style=\"color: #000000;\"><img loading=\"lazy\" decoding=\"async\" class=\"aligncenter size-full wp-image-466040\" src=\"https:\/\/hashtag.al\/wp-content\/uploads\/2021\/08\/rama-vucic-zaev-ok.jpg\" alt=\"\" width=\"900\" height=\"506\" srcset=\"https:\/\/www.hashtag.al\/wp-content\/uploads\/2021\/08\/rama-vucic-zaev-ok.jpg 900w, https:\/\/www.hashtag.al\/wp-content\/uploads\/2021\/08\/rama-vucic-zaev-ok-300x169.jpg 300w, https:\/\/www.hashtag.al\/wp-content\/uploads\/2021\/08\/rama-vucic-zaev-ok-768x432.jpg 768w\" sizes=\"auto, (max-width: 900px) 100vw, 900px\" \/><br \/>\nN\u00eb vitin 2018 George Soros bashk\u00eb me t\u00eb birin publikuan nj\u00eb editorial (<span style=\"color: #0000ff;\"><em><a style=\"color: #0000ff;\" href=\"https:\/\/www.nytimes.com\/2018\/06\/18\/opinion\/northern-macedonia-rename-greece.html\">lexoje k\u00ebtu<\/a><\/em><\/span>) q\u00eb shpaloste pik\u00ebpamjen e tyre mbi at\u00eb q\u00eb ata e quanin \u201cPerspektiva e vendeve t\u00eb Ballkanit Per\u00ebndimor\u201d.<\/span><\/p>\n<p><span style=\"color: #000000;\">Pak kush e di q\u00eb ky termi aq shum\u00eb i p\u00ebrdorur \u201cBallkani Per\u00ebndimor\u201d gjeografikisht nuk b\u00ebn asnj\u00eb sens, sepse \u201cpellgu\u201d q\u00eb ata kan\u00eb parasysh, n\u00eb busull\u00ebn gjeopolitike t\u00eb SHBA-ve dhe p\u00ebrcaktimin e CIA-s etiketohet si <em>Evropa Juglindore<\/em>, ky \u00ebsht\u00eb p\u00ebrcaktimi korrekt.<\/span><\/p>\n<p><span style=\"color: #000000;\">P\u00ebrtej em\u00ebrtes\u00ebs s\u00eb gabuar, doktrina e shkrimit t\u00eb George Soros dhe t\u00eb birit vinte theksin n\u00eb k\u00ebto 5 parime:<\/span><\/p>\n<p><span style=\"color: #000000;\"><strong>1 &#8211;<\/strong><em> Krijimin e nj\u00eb perspektive t\u00eb p\u00ebrbashk\u00ebt bashk\u00ebpunuese nd\u00ebrmjet Serbis\u00eb, Shqip\u00ebris\u00eb, Maqedonis\u00eb, Kosov\u00ebs, Malit t\u00eb Zi.<br \/>\n<\/em><\/span><span style=\"color: #000000;\"><strong>2 &#8211;<\/strong><em> Kjo nism\u00eb lokale do t\u00eb bazohet n\u00eb principe identike me ato t\u00eb Bashkimit Evropian mbi kufijt\u00eb dhe tregun.<br \/>\n<\/em><\/span><span style=\"color: #000000;\"><em><strong>3 &#8211;<\/strong> Meqen\u00ebse Bashkimi Evropian aktualisht ka stanjacion dhe probleme t\u00eb brendshme dhe pengon aderimin e k\u00ebtyre shteteve, bashk\u00ebpunimi nd\u00ebrmjet vet shteteve do t\u00eb krijonte pozita m\u00eb t\u00eb favorshme p\u00ebr aderimin e tyre kur BE-ja t\u00eb jet\u00eb gati.<br \/>\n<\/em><\/span><span style=\"color: #000000;\"><em><strong>4 &#8211;<\/strong> Kjo nism\u00eb nuk \u00ebsht\u00eb absolutisht nj\u00eb ri-shpikje e Ish-Jugosllavis\u00eb, por nj\u00eb nism\u00eb q\u00eb hedh hapin e par\u00eb p\u00ebr aderimin final t\u00eb Kosov\u00ebs dhe Serbis\u00eb si dy shtete t\u00eb pamvarura n\u00eb BE.<br \/>\n<\/em><\/span><span style=\"color: #000000;\"><em><strong>5 &#8211;<\/strong> N\u00eb kushtet e stanjacionit aktual t\u00eb BE-s\u00eb, kjo nism\u00eb e ideuar dhe kontrolluar nga fuqit\u00eb per\u00ebndimore, minimizon nd\u00ebrhyrjet q\u00eb mund t\u00eb b\u00ebjn\u00eb Rusia, Kina, Turqia n\u00eb \u201cBallkanin Per\u00ebndimor\u201d, duke p\u00ebrfituar nga apatia e BE-s\u00eb. <\/em><\/span><\/p>\n<p><span style=\"color: #000000;\">K\u00ebto jan\u00eb parimet q\u00eb ka shpalosur George Soros dhe i biri n\u00eb vitin 2018, e duke u nisur nga valenca e Fondacionit t\u00eb shpjeguar m\u00eb lart\u00eb, k\u00ebto i bie t\u00eb jen\u00eb dhe parimet e SHBA-ve lidhur me k\u00ebt\u00eb proces q\u00eb aktualisht ka angazhuar Ram\u00ebn, Vu\u00e7i\u00e7in dhe Zaevin.<\/span><\/p>\n<p><span style=\"color: #000000;\">\u00c7ka t\u00eb b\u00ebn t\u00eb mendosh se k\u00ebto ecejaket e Ram\u00ebs dhe Vu\u00e7icit, nuk mund t\u00eb komentohen n\u00eb asnj\u00eb m\u00ebnyr\u00eb si pun\u00eb despot\u00ebsh e mitoman\u00ebsh ballkanik\u00eb, absolutisht jo.<\/span><\/p>\n<p><span style=\"color: #000000;\">\u00c7do kund\u00ebrshti ndaj projektit \u00ebsht\u00eb kund\u00ebrshti ndaj interesave strategjike t\u00eb Shteteve t\u00eb Bashkuara t\u00eb Amerik\u00ebs.<\/span><\/p>\n<p><span style=\"color: #000000;\">SHBA-t\u00eb duan t\u00eb ngulin fort flamurin e tyre n\u00eb pellgun q\u00eb ata e etiketojn\u00eb gabimisht si \u201cBallkani Per\u00ebndimor\u201d duke minimizuar ose duke i b\u00ebr\u00eb bllokad\u00eb \u00e7do inkursioni rus, kinez apo turk, q\u00eb mund t\u00eb gjej\u00eb terren, n\u00eb kushtet kur pelllgu n\u00eb fjal\u00eb po pret me d\u00ebshp\u00ebrim pas der\u00ebs s\u00eb mbyllur t\u00eb BE-s\u00eb.<\/span><\/p>\n<p><span style=\"color: #000000;\">P\u00ebr k\u00ebt\u00eb arsye etiketimet apo kund\u00ebrshtit\u00eb q\u00eb po i b\u00ebn opozita shqiptare k\u00ebtyre ecejakeve, jan\u00eb banale dhe primitive.<\/span><\/p>\n<p><span style=\"color: #000000;\">Nuk mund t\u00eb thuash brro\u00e7kulla t\u00eb tipit \u201c<em>Vu\u00e7i\u00e7i \u00ebsht\u00eb shefi i Ram\u00ebs\u201d<\/em>, <em>\u201cRama i sh\u00ebrben interesit serbomadh\u201d<\/em>, <em>\u201cSoros armik i shqiptar\u00ebve dhe mik i serb\u00ebve\u201d <\/em>dhe pastaj t\u00eb shtosh <em>\u201cAmerika \u00ebsht\u00eb aleati yn\u00eb strategjik dhe ylli yn\u00eb polar\u201d. <\/em><\/span><\/p>\n<p><span style=\"color: #000000;\">\u00cbsht\u00eb injoranc\u00eb dhe propagand\u00eb imbecil\u00ebsh kjo gj\u00eb.<\/span><\/p>\n<p><span style=\"color: #000000;\">Mund t\u00eb thuash q\u00eb jam kund\u00ebr SHBA-ve n\u00eb lidhje me k\u00ebt\u00eb projekt duke renditur arsyet dhe je m\u00eb i ndersh\u00ebm dhe m\u00eb i besuesh\u00ebm, por kurrsesi nuk mundet q\u00eb nj\u00eb projekt strategjik t\u00eb SHBA-ve ta trajtosh me akuza dhe teori qepujkash, duke nxitur nacionalizma boshe dhe duke i dh\u00ebn\u00eb Ram\u00ebs dhe Vu\u00e7i\u00e7it, apo dhe vet Sorosit, valenca q\u00eb n\u00eb fakt nuk i kan\u00eb.<\/span><\/p>\n<p><span style=\"color: #000000;\">Personalisht kam bindjen se projektet per\u00ebndimore p\u00ebr Shqip\u00ebrin\u00eb dhe \u201cBallkanin Per\u00ebndimor\u201d jan\u00eb apriori m\u00eb t\u00eb mira p\u00ebr interesin e bot\u00ebs shqiptare se \u00e7do projekt rival q\u00eb mund t\u00eb vij\u00eb nga Lindja. <\/span><\/p>\n<p><span style=\"color: #000000;\">Kjo \u00ebsht\u00eb kredoja ime. <\/span><\/p>\n<p><span style=\"color: #000000;\">Do mir\u00ebkuptoja dhe ndonj\u00eb q\u00eb e mendon ndryshe, q\u00eb ka rezerva apo q\u00eb \u00ebsht\u00eb kund\u00ebr, por nuk mund t\u00eb mir\u00ebkuptoj dot n\u00eb asnj\u00eb m\u00ebnyr\u00eb dik\u00eb q\u00eb thot\u00eb se mb\u00ebshtet interesin amerikan, por nga ana tjet\u00ebr diskretiton projektin amerikan t\u00eb \u201cBallkanit Per\u00ebndimor\u201d sikur t\u00eb ishte kapri\u00e7o e Vu\u00e7i\u00e7it apo amanet i shokut Josif Broz Tito.<\/span><\/p>\n<p><span style=\"color: #000000;\">Gjykoj se opozita shqiptare duhet t\u00eb heq\u00eb dor\u00eb p\u00ebrfundimisht nga p\u00ebrdorimi i projekteve strategjike afatgjata si instrument p\u00ebr luft\u00ebn politike t\u00eb dit\u00ebs n\u00eb Tiran\u00eb.<\/span><\/p>\n<p><span style=\"color: #000000;\">Do t\u00eb d\u00ebshiroja nj\u00eb opozit\u00eb q\u00eb shfaq hapur skepticizmin e saj ndaj nj\u00eb projekti strategjik qoft\u00eb ky dhe amerikan, por me argumente t\u00eb renditura, n\u00ebse i ka.<\/span><\/p>\n<p><span style=\"color: #000000;\">\u00cbsht\u00eb e pafalshme q\u00eb hija e Soros t\u00eb p\u00ebrdoret n\u00eb Tiran\u00eb p\u00ebr interesa vetjake, e mbi k\u00ebt\u00eb hije t\u00eb goditen dhe interesa strategjike amerikane q\u00eb lidhen me rajonin.<\/span><\/p>\n<p><span style=\"color: #000000;\">Kjo nuk \u00ebsht\u00eb politik\u00eb, \u00ebsht\u00eb vetvrasje. <\/span><\/p>\n<p><span style=\"color: #000000;\"><img loading=\"lazy\" decoding=\"async\" class=\"aligncenter size-full wp-image-466044\" src=\"https:\/\/hashtag.al\/wp-content\/uploads\/2021\/08\/118892492_917737332082362_3118676808653029364_n.jpg\" alt=\"\" width=\"678\" height=\"452\" srcset=\"https:\/\/www.hashtag.al\/wp-content\/uploads\/2021\/08\/118892492_917737332082362_3118676808653029364_n.jpg 678w, https:\/\/www.hashtag.al\/wp-content\/uploads\/2021\/08\/118892492_917737332082362_3118676808653029364_n-300x200.jpg 300w\" sizes=\"auto, (max-width: 678px) 100vw, 678px\" \/><br \/>\nShembulli i vitit 2018 i planit p\u00ebr ndarjen territoriale t\u00eb Kosov\u00ebs tregoi q\u00eb Soros dhe vet SHBA u fut\u00ebn n\u00eb nj\u00eb qorrsokak q\u00eb m\u00eb pas e ndreq\u00ebn gjerman\u00ebt.<\/span><\/p>\n<p><span style=\"color: #000000;\">Ky \u00ebsht\u00eb precedent q\u00eb na sh\u00ebrben t\u00eb kuptojm\u00eb se SHBA-t\u00eb dhe projektet e saj mund edhe t\u00eb na kanosin ose t\u00eb na d\u00ebmtojn\u00eb.<\/span><\/p>\n<p><span style=\"color: #000000;\">Fundja n\u00eb SHBA lobimi \u00ebsht\u00eb i sanksionuar me ligj, e serb\u00ebt kur vjen puna te interesi shtet\u00ebror punojn\u00eb si makin\u00eb qepse.<\/span><\/p>\n<p><span style=\"color: #000000;\">SHBA-t\u00eb mund dhe t\u00eb gabojn\u00eb n\u00eb segmente t\u00eb caktuara, Soros gjithashtu, por kjo nuk \u00ebsht\u00eb arsye q\u00eb \u00e7do projekt apo \u00e7do nism\u00eb e Soros duhet konsideruar konspirative apo anti-shqiptare. Sepse n\u00eb k\u00ebt\u00eb m\u00ebnyr\u00eb nuk je duke i shpallur luft\u00eb atij individit, atij plakut, apo multimiliarderit George, por je duke sfiduar interesat strategjike t\u00eb Shteteve t\u00eb Bashkuara t\u00eb Amerik\u00ebs.<\/span><\/p>\n<p><span style=\"color: #000000;\">Personalisht ashtu si\u00e7 kam denoncuar me sa kam patur takat n\u00eb vitin 2019 planin p\u00ebr ndarjen territoriale t\u00eb Kosov\u00ebs, ashtu dhe mendoj sot se parimet q\u00eb ka shpalosur George Soros dhe i biri n\u00eb shkrimin p\u00ebr \u201cBallkanin Per\u00ebndimor\u201d, m\u00eb duken korrekte dhe n\u00eb favor t\u00eb bot\u00ebs shqiptare.\u00a0<\/span><\/p>\n<p><span style=\"color: #000000;\">E gjykoj tep\u00ebr korrekt \u00a0nj\u00eb plan t\u00eb bazuar mbi k\u00ebto parime dhe mendoj se \u00ebsht\u00eb n\u00eb interesin e bot\u00ebs shqiptare blindimi i indikimit amerikan n\u00eb pellgun e ashtuquajtur \u201cBallkani Per\u00ebndimor\u201d.<\/span><\/p>\n<p><span style=\"color: #000000;\">Do isha shum\u00eb i interesuar t\u00eb d\u00ebgjoja nga profesionist\u00eb t\u00eb fush\u00ebs apo dhe nga opozita kritika profesionale mbi k\u00ebt\u00eb plan strategjik amerikan, nd\u00ebrsa \u00e7do p\u00ebrpjekje p\u00ebr ta paraqitur k\u00ebt\u00eb plan si djall\u00ebzi t\u00eb \u201cPlakut Soros\u201d apo si muhabet qepujkash nd\u00ebrmjet Vu\u00e7i\u00e7it dhe Ram\u00ebs e konsideroj dalldi blegtorale.<\/span><\/p>\n<p><span style=\"color: #000000;\">Amerikan\u00ebt ndoshta as nuk duhet ta kishin em\u00ebrtuar pellgun n\u00eb fjal\u00eb si \u201cBallkani Per\u00ebndimor\u201d, nd\u00ebrsa klasa politike shqiptare duhej t\u00eb kishte k\u00ebmb\u00ebngulur q\u00eb ne t\u00eb quhemi vet\u00ebm <em>Evrop\u00eb Juglindore. <\/em>Jam i vet\u00ebdijsh\u00ebm p\u00ebr kufizimet dhe kultur\u00ebn \u201cfast food\u201d t\u00eb burokrat\u00ebve amerikane dhe p\u00ebr <em>\u00a0<\/em>munges\u00ebn e prestigjit t\u00eb elit\u00ebs politike shqiptare, m\u00eb mjafton em\u00ebrtesa <em>\u201cBallkani Per\u00ebndimor\u201d<\/em> p\u00ebr ta kuptuar dhe n\u00eb rastin konkret,\u00a0 mir\u00ebpo k\u00ebto dizavantazhe t\u00eb elit\u00ebs son\u00eb apo t\u00eb burokracis\u00eb amerikane duhen p\u00ebrballuar profesionalisht, duhen amortizuar, duhen kritikuar hapur, pa komplekse.<\/span><\/p>\n<p><span style=\"color: #000000;\">\u00c7do q\u00ebndrim prej struci, i tipit mb\u00ebshtesim Amerik\u00ebn por Sorosin e kemi armik se e ka bler\u00eb Jugosllavia, \u00ebsht\u00eb q\u00ebndrim parapolitik q\u00eb vet\u00ebm sa e nxjerr opozit\u00ebn jasht\u00eb loje, duke u mohuar shqiptar\u00ebve nj\u00eb instrument t\u00eb \u00e7muar, me t\u00eb cilin mund t\u00eb korrektojn\u00eb gabimet e amerikan\u00ebve dhe vet qeveris\u00eb s\u00eb tyre. <em><strong>\/ Hashtag.al<\/strong><\/em><\/span><\/p>\n","protected":false,"gt_translate_keys":[{"key":"rendered","format":"html"}]},"excerpt":{"rendered":"<p>Nga Habjon Hasani Viti 2021 \u00ebsht\u00eb i kat\u00ebrti vit i p\u00ebrpjekjeve t\u00eb pand\u00ebrprera dhe jo fort\u00eb t\u00eb qarta t\u00eb nj\u00eb bashk\u00ebpunimi nd\u00ebrmjet Edi Ram\u00ebs dhe Aleksand\u00ebr Vu\u00e7i\u00e7. Ata t\u00eb dy kan\u00eb l\u00ebn\u00eb plot gjurm\u00eb \u00a0n\u00eb ecejaket e tyre, por dihet shum\u00eb pak mbi shtysat e tyre, apo planin e tyre rajonal. Ky shkrim do tentoj\u00eb [&hellip;]<\/p>\n","protected":false,"gt_translate_keys":[{"key":"rendered","format":"html"}]},"author":6,"featured_media":466042,"comment_status":"closed","ping_status":"closed","sticky":false,"template":"","format":"standard","meta":{"footnotes":""},"categories":[22,23,11],"tags":[],"class_list":["post-466039","post","type-post","status-publish","format-standard","has-post-thumbnail","hentry","category-ballina","category-editorial","category-super-click"],"gt_translate_keys":[{"key":"link","format":"url"}],"_links":{"self":[{"href":"https:\/\/www.hashtag.al\/index.php\/wp-json\/wp\/v2\/posts\/466039","targetHints":{"allow":["GET"]}}],"collection":[{"href":"https:\/\/www.hashtag.al\/index.php\/wp-json\/wp\/v2\/posts"}],"about":[{"href":"https:\/\/www.hashtag.al\/index.php\/wp-json\/wp\/v2\/types\/post"}],"author":[{"embeddable":true,"href":"https:\/\/www.hashtag.al\/index.php\/wp-json\/wp\/v2\/users\/6"}],"replies":[{"embeddable":true,"href":"https:\/\/www.hashtag.al\/index.php\/wp-json\/wp\/v2\/comments?post=466039"}],"version-history":[{"count":0,"href":"https:\/\/www.hashtag.al\/index.php\/wp-json\/wp\/v2\/posts\/466039\/revisions"}],"wp:featuredmedia":[{"embeddable":true,"href":"https:\/\/www.hashtag.al\/index.php\/wp-json\/wp\/v2\/media\/466042"}],"wp:attachment":[{"href":"https:\/\/www.hashtag.al\/index.php\/wp-json\/wp\/v2\/media?parent=466039"}],"wp:term":[{"taxonomy":"category","embeddable":true,"href":"https:\/\/www.hashtag.al\/index.php\/wp-json\/wp\/v2\/categories?post=466039"},{"taxonomy":"post_tag","embeddable":true,"href":"https:\/\/www.hashtag.al\/index.php\/wp-json\/wp\/v2\/tags?post=466039"}],"curies":[{"name":"wp","href":"https:\/\/api.w.org\/{rel}","templated":true}]}}