{"id":465573,"date":"2021-08-03T20:50:05","date_gmt":"2021-08-03T18:50:05","guid":{"rendered":"https:\/\/hashtag.al\/?p=465573"},"modified":"2021-08-03T20:50:05","modified_gmt":"2021-08-03T18:50:05","slug":"zjarret-ne-vend-arrestohen-tre-persona-ne-vlore-e-sarande","status":"publish","type":"post","link":"https:\/\/www.hashtag.al\/index.php\/2021\/08\/03\/zjarret-ne-vend-arrestohen-tre-persona-ne-vlore-e-sarande\/","title":{"rendered":"Zjarret n\u00eb vend, arrestohen tre persona n\u00eb Vlor\u00eb e Sarand\u00eb","gt_translate_keys":[{"key":"rendered","format":"text"}]},"content":{"rendered":"<p><span style=\"color: #000000;\"><img loading=\"lazy\" decoding=\"async\" class=\"aligncenter size-full wp-image-465544\" src=\"https:\/\/hashtag.al\/wp-content\/uploads\/2021\/08\/zjarrii.jpg\" alt=\"\" width=\"1100\" height=\"620\" srcset=\"https:\/\/www.hashtag.al\/wp-content\/uploads\/2021\/08\/zjarrii.jpg 1100w, https:\/\/www.hashtag.al\/wp-content\/uploads\/2021\/08\/zjarrii-300x169.jpg 300w, https:\/\/www.hashtag.al\/wp-content\/uploads\/2021\/08\/zjarrii-768x433.jpg 768w, https:\/\/www.hashtag.al\/wp-content\/uploads\/2021\/08\/zjarrii-1024x577.jpg 1024w\" sizes=\"auto, (max-width: 1100px) 100vw, 1100px\" \/><\/span><\/p>\n<p><span style=\"color: #000000;\">Policia ka arrestuar tre persona si autor\u00eb t\u00eb dyshuar p\u00ebr zjarrv\u00ebnie t\u00eb q\u00ebllimshme n\u00eb zonat e Vlor\u00ebs dhe Sarand\u00ebs.<\/span><\/p>\n<p><span style=\"color: #000000;\">Ndalimi i shtetasit S. Q, 59 vje\u00e7, banues n\u00eb fshatin Dukat u b\u00eb pasi kys htetas dyshohet se n\u00eb dat\u00ebn 27.07.2021, ka djegur me zjarr nj\u00eb sip\u00ebrfaqe me shkurre dhe bim\u00ebsi t\u00eb eg\u00ebr, n\u00eb zon\u00ebn e quajtura \u201cToc\u201d dhe \u201cGjolpec\u201d n\u00eb Karaburun.<\/span><\/p>\n<p><span style=\"color: #000000;\">Gjithashtu u b\u00eb arrestimi n\u00eb flagranc\u00eb i shtetasit I. S., 45 vje\u00e7, banues n\u00eb P\u00ebrmet.<\/span><\/p>\n<p><span style=\"color: #000000;\">Ky shtetas dyshohet se mesdit\u00ebn e sotme, ka ndezur zjarr n\u00eb nj\u00eb sip\u00ebrfaqe toke, me q\u00ebllim pastrimin e saj dhe si pasoj\u00eb e p\u00ebrhapjes s\u00eb flak\u00ebve \u00ebsht\u00eb djegur dhe nj\u00eb sip\u00ebrfaqe pylli me pisha, n\u00eb fshatin Delisuf.<\/span><\/p>\n<p><span style=\"color: #000000;\">Nd\u00ebrsa n\u00eb Sarand\u00eb iu vun\u00eb prangat n\u00eb flagranc\u00eb p\u00ebr vepr\u00ebn penale \u201cShkatrrimi i pron\u00ebs me zjarr\u201d i shtetasit L. M, 53 vje\u00e7, pasi dyshohet si autori i zjarrv\u00ebnies n\u00eb fshatin Shal\u00ebs, ku \u00ebsht\u00eb djegur nj\u00eb sip\u00ebrfaqe toke, rreth 2 hektar\u00eb.<\/span><\/p>\n<p><span style=\"color: #000000;\">Materialet n\u00eb ngarkim t\u00eb tyre i kaluan Prokuroris\u00eb s\u00eb Rrethit Gjyq\u00ebsor Vlor\u00eb, p\u00ebr vepr\u00ebn penale \u201cShkatrrimi i pron\u00ebs me zjarr\u201d.<\/span><\/p>\n<p>&nbsp;<\/p>\n","protected":false,"gt_translate_keys":[{"key":"rendered","format":"html"}]},"excerpt":{"rendered":"<p>Policia ka arrestuar tre persona si autor\u00eb t\u00eb dyshuar p\u00ebr zjarrv\u00ebnie t\u00eb q\u00ebllimshme n\u00eb zonat e Vlor\u00ebs dhe Sarand\u00ebs. Ndalimi i shtetasit S. Q, 59 vje\u00e7, banues n\u00eb fshatin Dukat u b\u00eb pasi kys htetas dyshohet se n\u00eb dat\u00ebn 27.07.2021, ka djegur me zjarr nj\u00eb sip\u00ebrfaqe me shkurre dhe bim\u00ebsi t\u00eb eg\u00ebr, n\u00eb zon\u00ebn e [&hellip;]<\/p>\n","protected":false,"gt_translate_keys":[{"key":"rendered","format":"html"}]},"author":32,"featured_media":465544,"comment_status":"closed","ping_status":"closed","sticky":false,"template":"","format":"standard","meta":{"footnotes":""},"categories":[65,13],"tags":[],"class_list":["post-465573","post","type-post","status-publish","format-standard","has-post-thumbnail","hentry","category-lajme","category-te-fundit"],"gt_translate_keys":[{"key":"link","format":"url"}],"_links":{"self":[{"href":"https:\/\/www.hashtag.al\/index.php\/wp-json\/wp\/v2\/posts\/465573","targetHints":{"allow":["GET"]}}],"collection":[{"href":"https:\/\/www.hashtag.al\/index.php\/wp-json\/wp\/v2\/posts"}],"about":[{"href":"https:\/\/www.hashtag.al\/index.php\/wp-json\/wp\/v2\/types\/post"}],"author":[{"embeddable":true,"href":"https:\/\/www.hashtag.al\/index.php\/wp-json\/wp\/v2\/users\/32"}],"replies":[{"embeddable":true,"href":"https:\/\/www.hashtag.al\/index.php\/wp-json\/wp\/v2\/comments?post=465573"}],"version-history":[{"count":0,"href":"https:\/\/www.hashtag.al\/index.php\/wp-json\/wp\/v2\/posts\/465573\/revisions"}],"wp:featuredmedia":[{"embeddable":true,"href":"https:\/\/www.hashtag.al\/index.php\/wp-json\/wp\/v2\/media\/465544"}],"wp:attachment":[{"href":"https:\/\/www.hashtag.al\/index.php\/wp-json\/wp\/v2\/media?parent=465573"}],"wp:term":[{"taxonomy":"category","embeddable":true,"href":"https:\/\/www.hashtag.al\/index.php\/wp-json\/wp\/v2\/categories?post=465573"},{"taxonomy":"post_tag","embeddable":true,"href":"https:\/\/www.hashtag.al\/index.php\/wp-json\/wp\/v2\/tags?post=465573"}],"curies":[{"name":"wp","href":"https:\/\/api.w.org\/{rel}","templated":true}]}}