{"id":465549,"date":"2021-08-03T18:17:23","date_gmt":"2021-08-03T16:17:23","guid":{"rendered":"https:\/\/hashtag.al\/?p=465549"},"modified":"2021-08-03T18:18:01","modified_gmt":"2021-08-03T16:18:01","slug":"viktima-e-pare-nga-zjarri-ne-shqiperi-detajet-dhe-situata-ne-gjirokaster","status":"publish","type":"post","link":"https:\/\/www.hashtag.al\/index.php\/2021\/08\/03\/viktima-e-pare-nga-zjarri-ne-shqiperi-detajet-dhe-situata-ne-gjirokaster\/","title":{"rendered":"Viktima e par\u00eb nga zjarri n\u00eb Shqip\u00ebri, detajet dhe situata n\u00eb Gjirokast\u00ebr","gt_translate_keys":[{"key":"rendered","format":"text"}]},"content":{"rendered":"<p><span style=\"color: #000000;\"><img loading=\"lazy\" decoding=\"async\" class=\"aligncenter size-full wp-image-465550\" src=\"https:\/\/hashtag.al\/wp-content\/uploads\/2021\/08\/zjarri-shuhet.jpeg\" alt=\"\" width=\"1080\" height=\"607\" srcset=\"https:\/\/www.hashtag.al\/wp-content\/uploads\/2021\/08\/zjarri-shuhet.jpeg 1080w, https:\/\/www.hashtag.al\/wp-content\/uploads\/2021\/08\/zjarri-shuhet-300x169.jpeg 300w, https:\/\/www.hashtag.al\/wp-content\/uploads\/2021\/08\/zjarri-shuhet-768x432.jpeg 768w, https:\/\/www.hashtag.al\/wp-content\/uploads\/2021\/08\/zjarri-shuhet-1024x576.jpeg 1024w\" sizes=\"auto, (max-width: 1080px) 100vw, 1080px\" \/><\/span><\/p>\n<p><span style=\"color: #000000;\">Policia ka dh\u00ebn\u00eb informacion p\u00ebr ngjarjen e ndodhur n\u00eb Gjirokast\u00ebr ku humbi jet\u00ebn nj\u00eb person nga flak\u00ebt e zjarrit q\u00eb ka p\u00ebrfshir\u00eb fshatin Asim Zenel.<\/span><\/p>\n<p><span style=\"color: #000000;\">Shtetasi me iniciale A.H rreth 64-vje\u00e7 ka nd\u00ebrruar jet\u00eb n\u00eb bah\u00e7en af\u00ebr banes\u00ebs s\u00eb tij.<\/span><\/p>\n<p><span style=\"color: #000000;\">Nga flak\u00ebt \u00ebsht\u00eb d\u00ebmtuar edhe shtetasaja T.H bashk\u00ebshortja e viktim\u00ebs e cila \u00ebsht\u00eb d\u00ebrguar n\u00eb Spitalin e Gjirokast\u00ebr.<\/span><\/p>\n<p><span style=\"color: #000000;\">\u201c<em>Rreth or\u00ebs 17:00, njoftohemi se n\u00eb fshatin \u201cAsim Zeneli\u201d, n\u00eb bah\u00e7en n\u00eb af\u00ebri banes\u00ebs s\u00eb tij, shtetasi A. H., rreth 64 vje\u00e7, ka humbur jet\u00ebn, si pasoj\u00eb e flak\u00ebve t\u00eb p\u00ebrhapura nga nj\u00eb vat\u00ebr zjarri n\u00eb fshatin \u201cAsim Zeneli\u201d.<\/em><\/span><\/p>\n<p><span style=\"color: #000000;\"><em>Gjithashtu ka mbetur e d\u00ebmtuar nga flak\u00ebt dhe bashk\u00ebshortja e tij, shtetasia T. H., rreth 57 vje\u00e7e, e cila ndodhet n\u00eb Spitalin Rajonal Gjirokast\u00ebr.<\/em><\/span><\/p>\n<p><span style=\"color: #000000;\"><em>N\u00eb vendngjarje kan\u00eb shkuar sh\u00ebrbimet e Policis\u00eb dhe zjarrfik\u00ebse.<\/em><\/span><\/p>\n<p><span style=\"color: #000000;\"><em>Grupi hetimor n\u00ebn drejtimin e Prokuroris\u00eb Pran\u00eb Gjykat\u00ebs s\u00eb Rrethit Gjyq\u00ebsor Gjirokast\u00ebr ndodhen n\u00eb vendngjarje dhe vijojn\u00eb pun\u00ebn p\u00ebr zbardhjen e rrethanave t\u00eb ngjarjes<\/em>\u201d-njofton policia.<\/span><\/p>\n<p><span style=\"color: #000000;\">Situata me zjarret n\u00eb Shqip\u00ebri paraqitet shum\u00eb e r\u00ebnd\u00eb kjo edhe p\u00ebr shkak t\u00eb masave t\u00eb vogla q\u00eb strukturat shtet\u00ebrore kan\u00eb marr\u00eb.<\/span><\/p>\n<p><span style=\"color: #000000;\">Ushtria dhe zjarrfik\u00ebsit jan\u00eb par\u00eb duke shuar zjarret me mjete primitive. Masa k\u00ebto q\u00eb tashm\u00eb kan\u00eb sjell\u00eb edhe humbjen e nj\u00eb jete dit\u00ebn e sotme.<\/span><\/p>\n<p><span style=\"color: #000000;\">N\u00eb zon\u00ebn e Lunxheri Antigon\u00ebs \u00ebsht\u00eb urdh\u00ebruar nga Ministria e Mbrojtjes, evakuimi i banor\u00ebve.<\/span><\/p>\n<p><span style=\"color: #000000;\">Vatra zjarri ka edhe n\u00eb Dukat e Karaburun. \/<strong>Hashtag.al<\/strong><\/span><\/p>\n","protected":false,"gt_translate_keys":[{"key":"rendered","format":"html"}]},"excerpt":{"rendered":"<p>Policia ka dh\u00ebn\u00eb informacion p\u00ebr ngjarjen e ndodhur n\u00eb Gjirokast\u00ebr ku humbi jet\u00ebn nj\u00eb person nga flak\u00ebt e zjarrit q\u00eb ka p\u00ebrfshir\u00eb fshatin Asim Zenel. Shtetasi me iniciale A.H rreth 64-vje\u00e7 ka nd\u00ebrruar jet\u00eb n\u00eb bah\u00e7en af\u00ebr banes\u00ebs s\u00eb tij. Nga flak\u00ebt \u00ebsht\u00eb d\u00ebmtuar edhe shtetasaja T.H bashk\u00ebshortja e viktim\u00ebs e cila \u00ebsht\u00eb d\u00ebrguar n\u00eb [&hellip;]<\/p>\n","protected":false,"gt_translate_keys":[{"key":"rendered","format":"html"}]},"author":32,"featured_media":465550,"comment_status":"closed","ping_status":"closed","sticky":false,"template":"","format":"standard","meta":{"footnotes":""},"categories":[22,65,13],"tags":[],"class_list":["post-465549","post","type-post","status-publish","format-standard","has-post-thumbnail","hentry","category-ballina","category-lajme","category-te-fundit"],"gt_translate_keys":[{"key":"link","format":"url"}],"_links":{"self":[{"href":"https:\/\/www.hashtag.al\/index.php\/wp-json\/wp\/v2\/posts\/465549","targetHints":{"allow":["GET"]}}],"collection":[{"href":"https:\/\/www.hashtag.al\/index.php\/wp-json\/wp\/v2\/posts"}],"about":[{"href":"https:\/\/www.hashtag.al\/index.php\/wp-json\/wp\/v2\/types\/post"}],"author":[{"embeddable":true,"href":"https:\/\/www.hashtag.al\/index.php\/wp-json\/wp\/v2\/users\/32"}],"replies":[{"embeddable":true,"href":"https:\/\/www.hashtag.al\/index.php\/wp-json\/wp\/v2\/comments?post=465549"}],"version-history":[{"count":0,"href":"https:\/\/www.hashtag.al\/index.php\/wp-json\/wp\/v2\/posts\/465549\/revisions"}],"wp:featuredmedia":[{"embeddable":true,"href":"https:\/\/www.hashtag.al\/index.php\/wp-json\/wp\/v2\/media\/465550"}],"wp:attachment":[{"href":"https:\/\/www.hashtag.al\/index.php\/wp-json\/wp\/v2\/media?parent=465549"}],"wp:term":[{"taxonomy":"category","embeddable":true,"href":"https:\/\/www.hashtag.al\/index.php\/wp-json\/wp\/v2\/categories?post=465549"},{"taxonomy":"post_tag","embeddable":true,"href":"https:\/\/www.hashtag.al\/index.php\/wp-json\/wp\/v2\/tags?post=465549"}],"curies":[{"name":"wp","href":"https:\/\/api.w.org\/{rel}","templated":true}]}}