{"id":465318,"date":"2021-08-02T17:31:01","date_gmt":"2021-08-02T15:31:01","guid":{"rendered":"https:\/\/hashtag.al\/?p=465318"},"modified":"2021-08-02T17:31:01","modified_gmt":"2021-08-02T15:31:01","slug":"roja-i-kampit-nazist-del-para-gjykates-gjermane-ne-moshen-100-vjecare","status":"publish","type":"post","link":"https:\/\/www.hashtag.al\/index.php\/2021\/08\/02\/roja-i-kampit-nazist-del-para-gjykates-gjermane-ne-moshen-100-vjecare\/","title":{"rendered":"Roja i kampit nazist del para gjykat\u00ebs gjermane n\u00eb mosh\u00ebn 100-vje\u00e7are","gt_translate_keys":[{"key":"rendered","format":"text"}]},"content":{"rendered":"<p><img loading=\"lazy\" decoding=\"async\" class=\"aligncenter size-full wp-image-465319\" src=\"https:\/\/hashtag.al\/wp-content\/uploads\/2021\/08\/nazist.jpg\" alt=\"\" width=\"700\" height=\"394\" srcset=\"https:\/\/www.hashtag.al\/wp-content\/uploads\/2021\/08\/nazist.jpg 700w, https:\/\/www.hashtag.al\/wp-content\/uploads\/2021\/08\/nazist-300x169.jpg 300w\" sizes=\"auto, (max-width: 700px) 100vw, 700px\" \/><\/p>\n<p>Nj\u00eb ish-roje 100-vje\u00e7ar i nj\u00eb kampi t\u00eb p\u00ebrqendrimit nazist do t\u00eb dal\u00eb para gjykat\u00ebs n\u00eb Gjermani n\u00eb muajin tetor.<\/p>\n<p>Ai akuzohet p\u00ebr bashk\u00ebpunim n\u00eb vrasjen e 3.518 personave, njoftuan t\u00eb h\u00ebn\u00ebn (2 gusht) prokuror\u00ebt publik\u00eb.<\/p>\n<p>Zyra e prokurorit n\u00eb Neurupin ngriti akuzat n\u00eb muajin shkurt. Nj\u00eb vler\u00ebsim mjek\u00ebsor q\u00eb mori kjo zyr\u00eb konfirmon se burri \u00ebsht\u00eb &#8220;i aft\u00eb p\u00ebr t\u00eb dal\u00eb n\u00eb gjyq&#8221; pavar\u00ebsisht mosh\u00ebs s\u00eb tij, raporton REL.<\/p>\n<p>Sipas prokuror\u00ebve, seancat d\u00ebgjimore do t\u00eb kufizohen n\u00eb dy or\u00eb e gjysm\u00eb n\u00eb dit\u00eb.<\/p>\n<p>I dyshuari akuzohet se &#8220;me vet\u00ebdije dhe me d\u00ebshir\u00eb&#8221; ka ndihmuar n\u00eb vrasjen e t\u00eb burgosurve n\u00eb kampin Sachsenhausen n\u00eb Oranienburg, n\u00eb veri t\u00eb Berlinit, midis viteve 1942 dhe 1945.<\/p>\n<p>Ai akuzohet ve\u00e7an\u00ebrisht p\u00ebr bashk\u00ebpunim n\u00eb &#8220;ekzekutimin e t\u00eb burgosurve sovjetik\u00eb t\u00eb luft\u00ebs m\u00eb 1942&#8221; dhe vrasjen e t\u00eb burgosurve &#8220;duke p\u00ebrdorur gazin helmues Zyklon B&#8221;.<\/p>\n<p>Thomas Walther, nj\u00eb avokat q\u00eb p\u00ebrfaq\u00ebson nj\u00eb num\u00ebr viktimash n\u00eb k\u00ebt\u00eb \u00e7\u00ebshtje, i tha gazet\u00ebs gjermane Welt am Sonntag se &#8220;presin q\u00eb t\u00eb vendoset drejt\u00ebsia&#8221;.<\/p>\n<p>Holokausti \u00ebsht\u00eb vrasja masive e rreth 6 milion\u00eb hebrenjve, vrasje kjo e organizuar nga partia naziste e liderit gjerman, Adolf Hitler, nga viti 1933 deri m\u00eb 1945. Gati 7 nga \u00e7do 10 hebrenj q\u00eb ka jetuar n\u00eb Evrop\u00eb \u00ebsht\u00eb vrar\u00eb gjat\u00eb k\u00ebsaj kohe.<\/p>\n<p>Holokausti mbetet nj\u00ebra nga tragjedit\u00eb m\u00eb t\u00eb m\u00ebdha t\u00eb koh\u00ebs moderne dhe megjith\u00ebse njihet bot\u00ebrisht, n\u00eb vete ng\u00ebrthen edhe miliona tragjedi personale dhe rr\u00ebfime t\u00eb patreguara.<\/p>\n<p>&nbsp;<\/p>\n","protected":false,"gt_translate_keys":[{"key":"rendered","format":"html"}]},"excerpt":{"rendered":"<p>Nj\u00eb ish-roje 100-vje\u00e7ar i nj\u00eb kampi t\u00eb p\u00ebrqendrimit nazist do t\u00eb dal\u00eb para gjykat\u00ebs n\u00eb Gjermani n\u00eb muajin tetor. Ai akuzohet p\u00ebr bashk\u00ebpunim n\u00eb vrasjen e 3.518 personave, njoftuan t\u00eb h\u00ebn\u00ebn (2 gusht) prokuror\u00ebt publik\u00eb. Zyra e prokurorit n\u00eb Neurupin ngriti akuzat n\u00eb muajin shkurt. Nj\u00eb vler\u00ebsim mjek\u00ebsor q\u00eb mori kjo zyr\u00eb konfirmon se burri [&hellip;]<\/p>\n","protected":false,"gt_translate_keys":[{"key":"rendered","format":"html"}]},"author":32,"featured_media":465319,"comment_status":"closed","ping_status":"closed","sticky":false,"template":"","format":"standard","meta":{"footnotes":""},"categories":[65,13],"tags":[],"class_list":["post-465318","post","type-post","status-publish","format-standard","has-post-thumbnail","hentry","category-lajme","category-te-fundit"],"gt_translate_keys":[{"key":"link","format":"url"}],"_links":{"self":[{"href":"https:\/\/www.hashtag.al\/index.php\/wp-json\/wp\/v2\/posts\/465318","targetHints":{"allow":["GET"]}}],"collection":[{"href":"https:\/\/www.hashtag.al\/index.php\/wp-json\/wp\/v2\/posts"}],"about":[{"href":"https:\/\/www.hashtag.al\/index.php\/wp-json\/wp\/v2\/types\/post"}],"author":[{"embeddable":true,"href":"https:\/\/www.hashtag.al\/index.php\/wp-json\/wp\/v2\/users\/32"}],"replies":[{"embeddable":true,"href":"https:\/\/www.hashtag.al\/index.php\/wp-json\/wp\/v2\/comments?post=465318"}],"version-history":[{"count":0,"href":"https:\/\/www.hashtag.al\/index.php\/wp-json\/wp\/v2\/posts\/465318\/revisions"}],"wp:featuredmedia":[{"embeddable":true,"href":"https:\/\/www.hashtag.al\/index.php\/wp-json\/wp\/v2\/media\/465319"}],"wp:attachment":[{"href":"https:\/\/www.hashtag.al\/index.php\/wp-json\/wp\/v2\/media?parent=465318"}],"wp:term":[{"taxonomy":"category","embeddable":true,"href":"https:\/\/www.hashtag.al\/index.php\/wp-json\/wp\/v2\/categories?post=465318"},{"taxonomy":"post_tag","embeddable":true,"href":"https:\/\/www.hashtag.al\/index.php\/wp-json\/wp\/v2\/tags?post=465318"}],"curies":[{"name":"wp","href":"https:\/\/api.w.org\/{rel}","templated":true}]}}