{"id":465010,"date":"2021-07-31T18:37:00","date_gmt":"2021-07-31T16:37:00","guid":{"rendered":"https:\/\/hashtag.al\/?p=465010"},"modified":"2021-07-31T21:38:17","modified_gmt":"2021-07-31T19:38:17","slug":"shkarkohet-drejtori-i-albpetrol-dyshohej-si-sponsor-i-petro-kocit","status":"publish","type":"post","link":"https:\/\/www.hashtag.al\/index.php\/2021\/07\/31\/shkarkohet-drejtori-i-albpetrol-dyshohej-si-sponsor-i-petro-kocit\/","title":{"rendered":"Shkarkohet drejtori i Albpetrol, dyshohej si sponsor i Petro Ko\u00e7it","gt_translate_keys":[{"key":"rendered","format":"text"}]},"content":{"rendered":"<div id=\"attachment_465011\" style=\"width: 2010px\" class=\"wp-caption aligncenter\"><img loading=\"lazy\" decoding=\"async\" aria-describedby=\"caption-attachment-465011\" class=\"wp-image-465011 size-full\" src=\"https:\/\/hashtag.al\/wp-content\/uploads\/2021\/07\/mato-petro-koci.jpg\" alt=\"\" width=\"2000\" height=\"1000\" srcset=\"https:\/\/www.hashtag.al\/wp-content\/uploads\/2021\/07\/mato-petro-koci.jpg 2000w, https:\/\/www.hashtag.al\/wp-content\/uploads\/2021\/07\/mato-petro-koci-300x150.jpg 300w, https:\/\/www.hashtag.al\/wp-content\/uploads\/2021\/07\/mato-petro-koci-768x384.jpg 768w, https:\/\/www.hashtag.al\/wp-content\/uploads\/2021\/07\/mato-petro-koci-1024x512.jpg 1024w\" sizes=\"auto, (max-width: 2000px) 100vw, 2000px\" \/><p id=\"caption-attachment-465011\" class=\"wp-caption-text\">Flamur Mato (majtas), Petro Ko\u00e7i (djathtas)<\/p><\/div>\n<p><span style=\"color: #000000;\">Drejtori i Albpetrol Flamur Mato \u00ebsht\u00eb shkarkuar nga detyra.<\/span><\/p>\n<p><span style=\"color: #000000;\">Mato i cili ishte em\u00ebruar n\u00eb k\u00ebt\u00eb pozicion vet\u00ebm 4 muaj m\u00eb par\u00eb pasi z\u00ebvend\u00ebsoi n\u00eb detyr\u00eb ish-drejtorin Baftjar Zeqo q\u00eb kandidoi n\u00eb zgjedhjet 25 prill.<\/span><\/p>\n<p><span style=\"color: #000000;\">Nuk dihen arsyet e dor\u00ebheqjes s\u00eb Matos por duket se largimi i tij t\u00eb ket\u00eb lidhje me nj\u00eb p\u00ebrplasje mes socialist\u00ebve n\u00eb Fier.<\/span><\/p>\n<p><span style=\"color: #000000;\">Mato dyshohej si financuesi i Petro Ko\u00e7it me k\u00ebt\u00eb fundit q\u00eb u em\u00ebrua n\u00eb t\u00eb nj\u00ebjt\u00ebn koh\u00eb n\u00eb Fier si drejtues politik.<\/span><\/p>\n<p><span style=\"color: #000000;\"><img loading=\"lazy\" decoding=\"async\" class=\"aligncenter size-full wp-image-465013\" src=\"https:\/\/hashtag.al\/wp-content\/uploads\/2021\/07\/albpetrol-780x405.jpg\" alt=\"\" width=\"780\" height=\"405\" srcset=\"https:\/\/www.hashtag.al\/wp-content\/uploads\/2021\/07\/albpetrol-780x405.jpg 780w, https:\/\/www.hashtag.al\/wp-content\/uploads\/2021\/07\/albpetrol-780x405-300x156.jpg 300w, https:\/\/www.hashtag.al\/wp-content\/uploads\/2021\/07\/albpetrol-780x405-768x399.jpg 768w\" sizes=\"auto, (max-width: 780px) 100vw, 780px\" \/><\/span><\/p>\n<p><span style=\"color: #000000;\">Petro Ko\u00e7i i cili u zgjodh deputet n\u00eb zgjedhjet e 25 prillit, para disa dit\u00ebsh b\u00ebri nj\u00eb deklarat\u00eb n\u00eb media se \u201ckrimi po merr tenderat n\u00eb Fier\u201d por duke mos p\u00ebrmendur se nga cilat institucione.<\/span><\/p>\n<p><span style=\"color: #000000;\">Sipas<strong><span style=\"color: #0000ff;\"><a style=\"color: #0000ff;\" href=\"https:\/\/www.cna.al\/2021\/07\/26\/lufta-ne-ps-zbulohet-kontrata-baftjar-zeqaj-financoi-portalin-qe-godet-armando-subashin\/\"> CNA<\/a>,<\/span><\/strong> n\u00eb Fier p\u00ebrflitet n\u00ebn z\u00eb se drejtori i Albpetrolit Flamur Mato \u00ebsht\u00eb intimiduar dhe ofenduar disa jav\u00eb me par\u00eb nga njer\u00ebz t\u00eb nj\u00eb personazhi problematik n\u00eb Fier.<\/span><\/p>\n<p><span style=\"color: #000000;\">Dyshohet se pas debateve me njer\u00ebzit personazhit problematik, drejtori Mato ka ndryshuar fituesin e nj\u00eb tenderi n\u00eb Albpetrol.<\/span><\/p>\n<p><span style=\"color: #000000;\">Ish-drejtori Zeqaj i cili ka qen\u00eb kryetar Bashkie i k\u00ebtij qyteti p\u00ebrpara Armando Subashit ka paguar p\u00ebr vite me radh\u00eb Petro Ko\u00e7in si k\u00ebshilltar n\u00eb Bashki, n\u00eb vitet 2003-2012.<\/span><\/p>\n<div id=\"attachment_465015\" style=\"width: 1187px\" class=\"wp-caption aligncenter\"><img loading=\"lazy\" decoding=\"async\" aria-describedby=\"caption-attachment-465015\" class=\"size-full wp-image-465015\" src=\"https:\/\/hashtag.al\/wp-content\/uploads\/2021\/07\/Baftiar-Zeqaj-e1618408454970.jpg\" alt=\"\" width=\"1177\" height=\"867\" srcset=\"https:\/\/www.hashtag.al\/wp-content\/uploads\/2021\/07\/Baftiar-Zeqaj-e1618408454970.jpg 1177w, https:\/\/www.hashtag.al\/wp-content\/uploads\/2021\/07\/Baftiar-Zeqaj-e1618408454970-300x221.jpg 300w, https:\/\/www.hashtag.al\/wp-content\/uploads\/2021\/07\/Baftiar-Zeqaj-e1618408454970-768x566.jpg 768w, https:\/\/www.hashtag.al\/wp-content\/uploads\/2021\/07\/Baftiar-Zeqaj-e1618408454970-1024x754.jpg 1024w\" sizes=\"auto, (max-width: 1177px) 100vw, 1177px\" \/><p id=\"caption-attachment-465015\" class=\"wp-caption-text\">Ish-drejtori Baftjar Zeqaj<\/p><\/div>\n<p><span style=\"color: #000000;\">Zeqaj, si\u00e7 raporton CNA ka financuar nj\u00eb medie e cila s\u00eb fundmi ka popmuar deklaratat e Ko\u00e7it p\u00ebr tenderat e dh\u00ebn\u00eb duke raportuar madje se edhe SPAK ka shkuar n\u00eb Bashkin\u00eb e Fierit p\u00ebr t\u00eb par\u00eb tenderat.<\/span><\/p>\n<p><span style=\"color: #000000;\">Duket se t\u00eb tre s\u00eb bashku me financat e kompanis\u00eb Albetrol, t\u00eb dy drejtor\u00ebt kan\u00eb mb\u00ebshtetur Petro Ko\u00e7in duke realizuar nj\u00eb p\u00ebrplasje mes socialist\u00ebve.<\/span><\/p>\n<p><span style=\"color: #000000;\">Kjo p\u00ebrplasje \u00ebsht\u00eb kamufluar m\u00eb pas nga Petro Ko\u00e7i duke shfryr\u00eb deklarat\u00ebn e tij se mafia po merr tendera n\u00eb Fier. Kjo pasi ai pas daljes nga zyrat e SPAK tha se mafia n\u00eb bashk\u00ebpunim me LSI-n\u00eb n\u00eb Fier po merrnin tenderat. Por n\u00eb Fier LSI nuk posedon asnj\u00eb pushtet dhe t\u00eb gjitha pushtetet jan\u00eb n\u00eb duart e socialist\u00ebve.<\/span><\/p>\n<p><span style=\"color: #000000;\">Deri m\u00eb tani nuk dihen arsyet e largimit t\u00eb Matos n\u00ebse kan\u00eb apo jo lidhje me k\u00ebt\u00eb p\u00ebrplasje n\u00eb Fier.<strong>\/Hashtag.al<\/strong><\/span><\/p>\n","protected":false,"gt_translate_keys":[{"key":"rendered","format":"html"}]},"excerpt":{"rendered":"<p>Drejtori i Albpetrol Flamur Mato \u00ebsht\u00eb shkarkuar nga detyra. Mato i cili ishte em\u00ebruar n\u00eb k\u00ebt\u00eb pozicion vet\u00ebm 4 muaj m\u00eb par\u00eb pasi z\u00ebvend\u00ebsoi n\u00eb detyr\u00eb ish-drejtorin Baftjar Zeqo q\u00eb kandidoi n\u00eb zgjedhjet 25 prill. Nuk dihen arsyet e dor\u00ebheqjes s\u00eb Matos por duket se largimi i tij t\u00eb ket\u00eb lidhje me nj\u00eb p\u00ebrplasje mes [&hellip;]<\/p>\n","protected":false,"gt_translate_keys":[{"key":"rendered","format":"html"}]},"author":32,"featured_media":465011,"comment_status":"closed","ping_status":"closed","sticky":false,"template":"","format":"standard","meta":{"footnotes":""},"categories":[22,65,13],"tags":[],"class_list":["post-465010","post","type-post","status-publish","format-standard","has-post-thumbnail","hentry","category-ballina","category-lajme","category-te-fundit"],"gt_translate_keys":[{"key":"link","format":"url"}],"_links":{"self":[{"href":"https:\/\/www.hashtag.al\/index.php\/wp-json\/wp\/v2\/posts\/465010","targetHints":{"allow":["GET"]}}],"collection":[{"href":"https:\/\/www.hashtag.al\/index.php\/wp-json\/wp\/v2\/posts"}],"about":[{"href":"https:\/\/www.hashtag.al\/index.php\/wp-json\/wp\/v2\/types\/post"}],"author":[{"embeddable":true,"href":"https:\/\/www.hashtag.al\/index.php\/wp-json\/wp\/v2\/users\/32"}],"replies":[{"embeddable":true,"href":"https:\/\/www.hashtag.al\/index.php\/wp-json\/wp\/v2\/comments?post=465010"}],"version-history":[{"count":0,"href":"https:\/\/www.hashtag.al\/index.php\/wp-json\/wp\/v2\/posts\/465010\/revisions"}],"wp:featuredmedia":[{"embeddable":true,"href":"https:\/\/www.hashtag.al\/index.php\/wp-json\/wp\/v2\/media\/465011"}],"wp:attachment":[{"href":"https:\/\/www.hashtag.al\/index.php\/wp-json\/wp\/v2\/media?parent=465010"}],"wp:term":[{"taxonomy":"category","embeddable":true,"href":"https:\/\/www.hashtag.al\/index.php\/wp-json\/wp\/v2\/categories?post=465010"},{"taxonomy":"post_tag","embeddable":true,"href":"https:\/\/www.hashtag.al\/index.php\/wp-json\/wp\/v2\/tags?post=465010"}],"curies":[{"name":"wp","href":"https:\/\/api.w.org\/{rel}","templated":true}]}}