{"id":464952,"date":"2021-07-31T10:56:16","date_gmt":"2021-07-31T08:56:16","guid":{"rendered":"https:\/\/hashtag.al\/?p=464952"},"modified":"2021-07-31T12:32:23","modified_gmt":"2021-07-31T10:32:23","slug":"rama-vendos-toka-e-teatrit-kombetar-i-kalon-bashkise-se-tiranes","status":"publish","type":"post","link":"https:\/\/www.hashtag.al\/index.php\/2021\/07\/31\/rama-vendos-toka-e-teatrit-kombetar-i-kalon-bashkise-se-tiranes\/","title":{"rendered":"Rama vendos, toka e Teatrit Komb\u00ebtar i kalon Bashkis\u00eb s\u00eb Tiran\u00ebs","gt_translate_keys":[{"key":"rendered","format":"text"}]},"content":{"rendered":"<p><img loading=\"lazy\" decoding=\"async\" class=\"aligncenter size-full wp-image-464953\" src=\"https:\/\/hashtag.al\/wp-content\/uploads\/2021\/07\/teatrikombetarshembur.jpg\" alt=\"\" width=\"960\" height=\"720\" srcset=\"https:\/\/www.hashtag.al\/wp-content\/uploads\/2021\/07\/teatrikombetarshembur.jpg 960w, https:\/\/www.hashtag.al\/wp-content\/uploads\/2021\/07\/teatrikombetarshembur-300x225.jpg 300w, https:\/\/www.hashtag.al\/wp-content\/uploads\/2021\/07\/teatrikombetarshembur-768x576.jpg 768w\" sizes=\"auto, (max-width: 960px) 100vw, 960px\" \/><\/p>\n<p><span style=\"color: #000000;\">Rama vendos q\u00eb toka e Teatrit Komb\u00ebtar t\u2019i kaloj\u00eb Bashkis\u00eb s\u00eb Tiran\u00ebs. Vendimi \u00ebsht\u00eb firmosur nga Erion Bra\u00e7e me porosi t\u00eb Edi Ram\u00ebs.<\/span><\/p>\n<p><span style=\"color: #000000;\">Erion Veliaj komentoi sot kalimin n\u00eb pron\u00ebsi t\u00eb tij t\u00eb truallit t\u00eb Teatrit Komb\u00ebtar nga kryeministri Edi Rama, duke e quajtur nj\u00eb reflektim pas vendimit t\u00eb Kushtetueses.<\/span><\/p>\n<p><span style=\"color: #000000;\">\u201cTani q\u00eb nuk ekziston Teatri jepet n\u00eb pron\u00ebsi trualli. Reflektuam pas vendimit t\u00eb Gjykat\u00ebs Kushtetuese. Vendet e zhvilluara s\u2019i pengojn\u00eb projektet e m\u00ebdha.\u201d, tha Veliaj p\u00ebr \u201cNews24\u201d nga Tokio ku po ndjek nga af\u00ebr Loj\u00ebrat Olimpike me ekipin shqiptar.<\/span><\/p>\n<p><span style=\"color: #000000;\">Veliaj e ka interpretuar dit\u00eb m\u00eb par\u00eb n\u00eb t\u00eb kund\u00ebrt t\u00eb interpretimit q\u00eb i b\u00ebn\u00eb aktivist\u00ebt p\u00ebr mbrojtjen e teatrit, vendimin e Kushtetueses.<\/span><\/p>\n<p><span style=\"color: #000000;\">Teatri Komb\u00ebtar u shemb m\u00eb 17 maj 2020. Dit\u00eb m\u00eb par\u00eb, p\u00ebr shkak se m\u00eb par\u00eb nuk kishte numrin e duhur p\u00ebr t\u00eb gjykuar teatrin, Gjykata Kushtetuese doli me nj\u00eb vendim.<\/span><\/p>\n<p><span style=\"color: #000000;\">N\u00eb vendimin e pjessh\u00ebm t\u00eb para pak dit\u00ebve, Kushtetuesja shfuqizoi Ligjin Special p\u00ebr Teatrin Komb\u00ebtar, pezulloi nd\u00ebrtimin e godin\u00ebs s\u00eb re po la n\u00eb fuqi shembjen e godin\u00ebs. Gjithashtu ajo rr\u00ebzoi vendimin e qeveris\u00eb p\u00ebr ta kaluar Teatrin Komb\u00ebtar n\u00eb pron\u00ebsi t\u00eb bashkis\u00eb s\u00eb Tiran\u00ebs.<\/span><\/p>\n<p><span style=\"color: #000000;\">Sipas Gjykat\u00ebs Kushtetuese, n\u00eb vendimin e plot\u00eb t\u00eb zbardhur thuhet se ky ligj cenon lirin\u00eb ekonomike, parimin e shtetit t\u00eb s\u00eb drejt\u00ebs, n\u00eb kuad\u00ebr t\u00eb vler\u00ebsimit t\u00eb identitetit dhe t\u00eb trash\u00ebgimis\u00eb komb\u00ebtare, duke shkelur nenet 3, 11 dhe 17 t\u00eb Kushtetut\u00ebs.<\/span><\/p>\n<p><img loading=\"lazy\" decoding=\"async\" class=\"aligncenter size-full wp-image-464954\" src=\"https:\/\/hashtag.al\/wp-content\/uploads\/2021\/07\/teatrivkm.png\" alt=\"\" width=\"958\" height=\"784\" srcset=\"https:\/\/www.hashtag.al\/wp-content\/uploads\/2021\/07\/teatrivkm.png 958w, https:\/\/www.hashtag.al\/wp-content\/uploads\/2021\/07\/teatrivkm-300x246.png 300w, https:\/\/www.hashtag.al\/wp-content\/uploads\/2021\/07\/teatrivkm-768x629.png 768w\" sizes=\"auto, (max-width: 958px) 100vw, 958px\" \/><\/p>\n<p>&nbsp;<\/p>\n","protected":false,"gt_translate_keys":[{"key":"rendered","format":"html"}]},"excerpt":{"rendered":"<p>Rama vendos q\u00eb toka e Teatrit Komb\u00ebtar t\u2019i kaloj\u00eb Bashkis\u00eb s\u00eb Tiran\u00ebs. Vendimi \u00ebsht\u00eb firmosur nga Erion Bra\u00e7e me porosi t\u00eb Edi Ram\u00ebs. Erion Veliaj komentoi sot kalimin n\u00eb pron\u00ebsi t\u00eb tij t\u00eb truallit t\u00eb Teatrit Komb\u00ebtar nga kryeministri Edi Rama, duke e quajtur nj\u00eb reflektim pas vendimit t\u00eb Kushtetueses. \u201cTani q\u00eb nuk ekziston Teatri [&hellip;]<\/p>\n","protected":false,"gt_translate_keys":[{"key":"rendered","format":"html"}]},"author":51,"featured_media":464953,"comment_status":"closed","ping_status":"closed","sticky":false,"template":"","format":"standard","meta":{"footnotes":""},"categories":[22,65],"tags":[],"class_list":["post-464952","post","type-post","status-publish","format-standard","has-post-thumbnail","hentry","category-ballina","category-lajme"],"gt_translate_keys":[{"key":"link","format":"url"}],"_links":{"self":[{"href":"https:\/\/www.hashtag.al\/index.php\/wp-json\/wp\/v2\/posts\/464952","targetHints":{"allow":["GET"]}}],"collection":[{"href":"https:\/\/www.hashtag.al\/index.php\/wp-json\/wp\/v2\/posts"}],"about":[{"href":"https:\/\/www.hashtag.al\/index.php\/wp-json\/wp\/v2\/types\/post"}],"author":[{"embeddable":true,"href":"https:\/\/www.hashtag.al\/index.php\/wp-json\/wp\/v2\/users\/51"}],"replies":[{"embeddable":true,"href":"https:\/\/www.hashtag.al\/index.php\/wp-json\/wp\/v2\/comments?post=464952"}],"version-history":[{"count":0,"href":"https:\/\/www.hashtag.al\/index.php\/wp-json\/wp\/v2\/posts\/464952\/revisions"}],"wp:featuredmedia":[{"embeddable":true,"href":"https:\/\/www.hashtag.al\/index.php\/wp-json\/wp\/v2\/media\/464953"}],"wp:attachment":[{"href":"https:\/\/www.hashtag.al\/index.php\/wp-json\/wp\/v2\/media?parent=464952"}],"wp:term":[{"taxonomy":"category","embeddable":true,"href":"https:\/\/www.hashtag.al\/index.php\/wp-json\/wp\/v2\/categories?post=464952"},{"taxonomy":"post_tag","embeddable":true,"href":"https:\/\/www.hashtag.al\/index.php\/wp-json\/wp\/v2\/tags?post=464952"}],"curies":[{"name":"wp","href":"https:\/\/api.w.org\/{rel}","templated":true}]}}