{"id":464944,"date":"2021-07-31T10:46:50","date_gmt":"2021-07-31T08:46:50","guid":{"rendered":"https:\/\/hashtag.al\/?p=464944"},"modified":"2021-07-31T10:48:56","modified_gmt":"2021-07-31T08:48:56","slug":"me-te-frikshmet-ndonjehere-qindra-pushues-vazhdojne-te-evakuohen-nga-turqia-per-shkak-te-zjarreve","status":"publish","type":"post","link":"https:\/\/www.hashtag.al\/index.php\/2021\/07\/31\/me-te-frikshmet-ndonjehere-qindra-pushues-vazhdojne-te-evakuohen-nga-turqia-per-shkak-te-zjarreve\/","title":{"rendered":"M\u00eb t\u00eb frikshmet ndonj\u00ebher\u00eb, qindra pushues vazhdojn\u00eb t\u00eb evakuohen nga Turqia p\u00ebr shkak t\u00eb zjarreve","gt_translate_keys":[{"key":"rendered","format":"text"}]},"content":{"rendered":"<p><span style=\"color: #000000;\"><img loading=\"lazy\" decoding=\"async\" class=\"aligncenter wp-image-464945\" src=\"https:\/\/hashtag.al\/wp-content\/uploads\/2021\/07\/zjarreturqi2.png\" alt=\"\" width=\"997\" height=\"925\" srcset=\"https:\/\/www.hashtag.al\/wp-content\/uploads\/2021\/07\/zjarreturqi2.png 778w, https:\/\/www.hashtag.al\/wp-content\/uploads\/2021\/07\/zjarreturqi2-300x278.png 300w, https:\/\/www.hashtag.al\/wp-content\/uploads\/2021\/07\/zjarreturqi2-768x712.png 768w\" sizes=\"auto, (max-width: 997px) 100vw, 997px\" \/><\/span><\/p>\n<p><span style=\"color: #000000;\">Zjarret turke q\u00eb p\u00ebrfshijn\u00eb zonat turistike jan\u00eb m\u00eb t\u00eb frikshmet q\u00eb jan\u00eb regjistruar ndonj\u00ebher\u00eb n\u00eb k\u00ebto rajone.<\/span><\/p>\n<p><span style=\"color: #000000;\">Me nj\u00eb situat\u00eb q\u00eb ende nuk po vihet n\u00ebn kontroll dhe fatkeq\u00ebsisht me 4 t\u00eb vdekur tani nj\u00eb nga shqet\u00ebsimet kryesore mbeten zonat turistike.<\/span><\/p>\n<p><span style=\"color: #000000;\">Mij\u00ebra pushues u evakuuan nga vendpushimet e Detit Egje nd\u00ebrsa vendi po lufton m\u00eb shum\u00eb se 50 zjarre, raporton \u201cThe Guardian\u201d.<\/span><\/p>\n<p><span style=\"color: #000000;\">Intensiteti i nxeht\u00ebsis\u00eb s\u00eb zjarreve n\u00eb Turqi t\u00eb enjten ishte kat\u00ebr her\u00eb m\u00eb i lart\u00eb se \u00e7do gj\u00eb q\u00eb ishte regjistruar p\u00ebr kombin.<\/span><\/p>\n<p><span style=\"color: #000000;\">Zona e Antalyas, me qend\u00ebr Manavgatin \u00ebsht\u00eb nj\u00eb nga m\u00eb t\u00eb preferuarat edhe p\u00ebr pushuesit shqiptar\u00eb.<\/span><\/p>\n<p><span style=\"color: #000000;\">Pas val\u00ebve vdekjeprur\u00ebse t\u00eb nxeht\u00ebsis\u00eb n\u00eb Amerik\u00eb, p\u00ebrmbytjeve n\u00eb Evrop\u00eb dhe Kin\u00eb dhe zjarreve n\u00eb Siberi, skenat e shkat\u00ebrrimit n\u00eb Turqi shtojn\u00eb shqet\u00ebsimet n\u00eb lidhje me eg\u00ebrsin\u00eb n\u00eb rritje t\u00eb motit ekstrem n\u00eb nj\u00eb bot\u00eb t\u00eb prishur nga klima, shkruan \u201cThe Guardian\u201d.<\/span><\/p>\n<p><img loading=\"lazy\" decoding=\"async\" class=\"aligncenter size-full wp-image-464946\" src=\"https:\/\/hashtag.al\/wp-content\/uploads\/2021\/07\/zjarretturqi-1.jpg\" alt=\"\" width=\"1200\" height=\"675\" srcset=\"https:\/\/www.hashtag.al\/wp-content\/uploads\/2021\/07\/zjarretturqi-1.jpg 1200w, https:\/\/www.hashtag.al\/wp-content\/uploads\/2021\/07\/zjarretturqi-1-300x169.jpg 300w, https:\/\/www.hashtag.al\/wp-content\/uploads\/2021\/07\/zjarretturqi-1-768x432.jpg 768w, https:\/\/www.hashtag.al\/wp-content\/uploads\/2021\/07\/zjarretturqi-1-1024x576.jpg 1024w\" sizes=\"auto, (max-width: 1200px) 100vw, 1200px\" \/><img loading=\"lazy\" decoding=\"async\" class=\"aligncenter wp-image-464947\" src=\"https:\/\/hashtag.al\/wp-content\/uploads\/2021\/07\/zjarretturqi3.jpg\" alt=\"\" width=\"1125\" height=\"675\" srcset=\"https:\/\/www.hashtag.al\/wp-content\/uploads\/2021\/07\/zjarretturqi3.jpg 890w, https:\/\/www.hashtag.al\/wp-content\/uploads\/2021\/07\/zjarretturqi3-300x180.jpg 300w, https:\/\/www.hashtag.al\/wp-content\/uploads\/2021\/07\/zjarretturqi3-768x461.jpg 768w\" sizes=\"auto, (max-width: 1125px) 100vw, 1125px\" \/><img loading=\"lazy\" decoding=\"async\" class=\"aligncenter wp-image-464948\" src=\"https:\/\/hashtag.al\/wp-content\/uploads\/2021\/07\/zjarretturqi4.jpg\" alt=\"\" width=\"998\" height=\"599\" srcset=\"https:\/\/www.hashtag.al\/wp-content\/uploads\/2021\/07\/zjarretturqi4.jpg 890w, https:\/\/www.hashtag.al\/wp-content\/uploads\/2021\/07\/zjarretturqi4-300x180.jpg 300w, https:\/\/www.hashtag.al\/wp-content\/uploads\/2021\/07\/zjarretturqi4-768x461.jpg 768w\" sizes=\"auto, (max-width: 998px) 100vw, 998px\" \/><\/p>\n<p><iframe loading=\"lazy\" title=\"At least four killed as Turkey&#039;s wildfires rage on\" width=\"1170\" height=\"658\" src=\"https:\/\/www.youtube.com\/embed\/nZyd8UUgpnQ?feature=oembed\" frameborder=\"0\" allow=\"accelerometer; autoplay; clipboard-write; encrypted-media; gyroscope; picture-in-picture\" allowfullscreen><\/iframe><\/p>\n","protected":false,"gt_translate_keys":[{"key":"rendered","format":"html"}]},"excerpt":{"rendered":"<p>Zjarret turke q\u00eb p\u00ebrfshijn\u00eb zonat turistike jan\u00eb m\u00eb t\u00eb frikshmet q\u00eb jan\u00eb regjistruar ndonj\u00ebher\u00eb n\u00eb k\u00ebto rajone. Me nj\u00eb situat\u00eb q\u00eb ende nuk po vihet n\u00ebn kontroll dhe fatkeq\u00ebsisht me 4 t\u00eb vdekur tani nj\u00eb nga shqet\u00ebsimet kryesore mbeten zonat turistike. Mij\u00ebra pushues u evakuuan nga vendpushimet e Detit Egje nd\u00ebrsa vendi po lufton m\u00eb [&hellip;]<\/p>\n","protected":false,"gt_translate_keys":[{"key":"rendered","format":"html"}]},"author":51,"featured_media":464945,"comment_status":"closed","ping_status":"closed","sticky":false,"template":"","format":"standard","meta":{"footnotes":""},"categories":[65,6],"tags":[],"class_list":["post-464944","post","type-post","status-publish","format-standard","has-post-thumbnail","hentry","category-lajme","category-nderkombetare"],"gt_translate_keys":[{"key":"link","format":"url"}],"_links":{"self":[{"href":"https:\/\/www.hashtag.al\/index.php\/wp-json\/wp\/v2\/posts\/464944","targetHints":{"allow":["GET"]}}],"collection":[{"href":"https:\/\/www.hashtag.al\/index.php\/wp-json\/wp\/v2\/posts"}],"about":[{"href":"https:\/\/www.hashtag.al\/index.php\/wp-json\/wp\/v2\/types\/post"}],"author":[{"embeddable":true,"href":"https:\/\/www.hashtag.al\/index.php\/wp-json\/wp\/v2\/users\/51"}],"replies":[{"embeddable":true,"href":"https:\/\/www.hashtag.al\/index.php\/wp-json\/wp\/v2\/comments?post=464944"}],"version-history":[{"count":0,"href":"https:\/\/www.hashtag.al\/index.php\/wp-json\/wp\/v2\/posts\/464944\/revisions"}],"wp:featuredmedia":[{"embeddable":true,"href":"https:\/\/www.hashtag.al\/index.php\/wp-json\/wp\/v2\/media\/464945"}],"wp:attachment":[{"href":"https:\/\/www.hashtag.al\/index.php\/wp-json\/wp\/v2\/media?parent=464944"}],"wp:term":[{"taxonomy":"category","embeddable":true,"href":"https:\/\/www.hashtag.al\/index.php\/wp-json\/wp\/v2\/categories?post=464944"},{"taxonomy":"post_tag","embeddable":true,"href":"https:\/\/www.hashtag.al\/index.php\/wp-json\/wp\/v2\/tags?post=464944"}],"curies":[{"name":"wp","href":"https:\/\/api.w.org\/{rel}","templated":true}]}}