{"id":464939,"date":"2021-07-31T09:49:46","date_gmt":"2021-07-31T07:49:46","guid":{"rendered":"https:\/\/hashtag.al\/?p=464939"},"modified":"2021-07-31T09:53:05","modified_gmt":"2021-07-31T07:53:05","slug":"basha-duhet-te-nderprese-kontaktet-me-kimin","status":"publish","type":"post","link":"https:\/\/www.hashtag.al\/index.php\/2021\/07\/31\/basha-duhet-te-nderprese-kontaktet-me-kimin\/","title":{"rendered":"Basha duhet t\u00eb nd\u00ebrpres\u00eb kontaktet me Kimin","gt_translate_keys":[{"key":"rendered","format":"text"}]},"content":{"rendered":"<p><em><span style=\"color: #000000;\">Nga Ylli Manjani<img loading=\"lazy\" decoding=\"async\" class=\"alignright wp-image-464940\" src=\"https:\/\/hashtag.al\/wp-content\/uploads\/2021\/07\/yllimanjani.png\" alt=\"\" width=\"419\" height=\"338\" srcset=\"https:\/\/www.hashtag.al\/wp-content\/uploads\/2021\/07\/yllimanjani.png 699w, https:\/\/www.hashtag.al\/wp-content\/uploads\/2021\/07\/yllimanjani-300x242.png 300w\" sizes=\"auto, (max-width: 419px) 100vw, 419px\" \/><\/span><\/em><\/p>\n<p><span style=\"color: #000000;\">P\u00ebr mendimin tim drejtuesit e Partis\u00eb Demokratike duhet t\u00eb nd\u00ebrpresin kontaktet me Ambasadoren Yuri Kim.<\/span><\/p>\n<p><span style=\"color: #000000;\">\u00cbsht\u00eb e papranueshme t\u00eb vijohet komunikimi me diplomat\u00eb q\u00eb t\u00eb tregojn\u00eb se \u00e7\u2019duhet t\u00eb b\u00ebsh. P\u00ebr m\u00eb tep\u00ebr, nuk ofrojn\u00eb asnj\u00eb garanci n\u00eb k\u00ebmbim. \u00cbsht\u00eb vendi t\u00eb kujtojm\u00eb se si qeveria shkat\u00ebrroi rregullat e zgjedhjeve dhe zonja Kim thjesht ra squk, megjith\u00ebse po luante rolin e garantit politik.<\/span><\/p>\n<p><span style=\"color: #000000;\">Nuk e di \u00e7\u2019i duhet opozit\u00ebs nj\u00eb ambasadore e till\u00eb, q\u00eb jo vet\u00ebm nuk ndihmon por guxon edhe fyen nj\u00eb parti t\u00eb t\u00ebr\u00eb?!<\/span><\/p>\n<p><span style=\"color: #000000;\">Mendoj se nj\u00eb ambasadore e till\u00eb, e cila nuk e sheh t\u00eb keqen tek monizmi dhe monist\u00ebt, por merret me opozit\u00ebn si gazet\u00eb e qeveris\u00eb, nuk i b\u00ebn pun\u00eb as Shqip\u00ebris\u00eb.<\/span><\/p>\n<p><span style=\"color: #000000;\">Defakto, n\u00ebse zbatohen rregullat e konvent\u00ebs s\u00eb Vien\u00ebs, zonja \u00ebsht\u00eb nongrata. Mund ta mbaj\u00eb qeveria moniste e Edi Ram\u00ebs p\u00ebr pun\u00ebt e veta, por ajo smund t\u2019u tregoj\u00eb shqiptar\u00ebve se \u00e7\u2019duhet t\u00eb b\u00ebjn\u00eb n\u00eb vendin e tyre!<\/span><\/p>\n<p><span style=\"color: #000000;\">E ka t\u00eb ndaluar!<\/span><\/p>\n<p><span style=\"color: #000000;\">Koleg\u00ebt e saj kudo n\u00eb Europ\u00eb p\u00ebrzihen nga vendet ku sh\u00ebrbejn\u00eb p\u00ebr shum\u00eb m\u00eb pak.<\/span><\/p>\n<p><span style=\"color: #000000;\">#Barintahaj\u00ebvet\u00eb<\/span><\/p>\n<p><span style=\"color: #000000;\"><em>Sqarim:<\/em><\/span><\/p>\n<p><span style=\"color: #000000;\">Mendimi q\u00eb kam shprehur n\u00eb k\u00ebt\u00eb status, nuk ka lidhje me Berish\u00ebn. Aq m\u00eb pak me debatin e Tij me DASH-in.<\/span><\/p>\n<p><span style=\"color: #000000;\">N\u00eb thelb \u00ebsht\u00eb nj\u00eb q\u00ebndrim n\u00eb lidhje me rolin krejt jo diplomatik dhe n\u00eb shkelje t\u00eb hapur t\u00eb konvent\u00ebs s\u00eb Vien\u00ebs nga ana e zonj\u00ebs Kim.<\/span><\/p>\n<p><span style=\"color: #000000;\">\u00cbsht\u00eb nj\u00eb sugjerim p\u00ebr drejtuesit e Partis\u00eb Demokratike, t\u00eb cil\u00ebt nuk kan\u00eb p\u00ebrse zhyten n\u00eb debatin shterp\u00eb \u201ct\u00eb mbajm\u00eb apo flakim nga partia e tij Berish\u00ebn\u201d.<\/span><\/p>\n<p><span style=\"color: #000000;\">Mendoj se ata duhet t\u2019i tregojn\u00eb vendin q\u00eb meriton nj\u00eb diplomate q\u00eb fyen PD-n\u00eb dhe Shqip\u00ebrin\u00eb. P\u00ebrrallat me aleat\u00eb e partner\u00eb i tregon Edi Rama, s&#8217;ka nevoj\u00eb ta b\u00ebj\u00eb edhe Opozita q\u00eb u dashka fyer te dera e saj nga ambasadorja e partnerit!!!<\/span><\/p>\n<p><span style=\"color: #000000;\">Ndaj ju lutem l\u00ebrini m\u00ebnjan\u00eb komentet p\u00ebr Berish\u00ebn sepse q\u00ebllimi im nuk ishte t\u00eb marr n\u00eb mbrotje Berish\u00ebn.<\/span><\/p>\n<p>&nbsp;<\/p>\n","protected":false,"gt_translate_keys":[{"key":"rendered","format":"html"}]},"excerpt":{"rendered":"<p>Nga Ylli Manjani P\u00ebr mendimin tim drejtuesit e Partis\u00eb Demokratike duhet t\u00eb nd\u00ebrpresin kontaktet me Ambasadoren Yuri Kim. \u00cbsht\u00eb e papranueshme t\u00eb vijohet komunikimi me diplomat\u00eb q\u00eb t\u00eb tregojn\u00eb se \u00e7\u2019duhet t\u00eb b\u00ebsh. P\u00ebr m\u00eb tep\u00ebr, nuk ofrojn\u00eb asnj\u00eb garanci n\u00eb k\u00ebmbim. \u00cbsht\u00eb vendi t\u00eb kujtojm\u00eb se si qeveria shkat\u00ebrroi rregullat e zgjedhjeve dhe zonja [&hellip;]<\/p>\n","protected":false,"gt_translate_keys":[{"key":"rendered","format":"html"}]},"author":51,"featured_media":464940,"comment_status":"closed","ping_status":"closed","sticky":false,"template":"","format":"standard","meta":{"footnotes":""},"categories":[20,65],"tags":[],"class_list":["post-464939","post","type-post","status-publish","format-standard","has-post-thumbnail","hentry","category-blog","category-lajme"],"gt_translate_keys":[{"key":"link","format":"url"}],"_links":{"self":[{"href":"https:\/\/www.hashtag.al\/index.php\/wp-json\/wp\/v2\/posts\/464939","targetHints":{"allow":["GET"]}}],"collection":[{"href":"https:\/\/www.hashtag.al\/index.php\/wp-json\/wp\/v2\/posts"}],"about":[{"href":"https:\/\/www.hashtag.al\/index.php\/wp-json\/wp\/v2\/types\/post"}],"author":[{"embeddable":true,"href":"https:\/\/www.hashtag.al\/index.php\/wp-json\/wp\/v2\/users\/51"}],"replies":[{"embeddable":true,"href":"https:\/\/www.hashtag.al\/index.php\/wp-json\/wp\/v2\/comments?post=464939"}],"version-history":[{"count":0,"href":"https:\/\/www.hashtag.al\/index.php\/wp-json\/wp\/v2\/posts\/464939\/revisions"}],"wp:featuredmedia":[{"embeddable":true,"href":"https:\/\/www.hashtag.al\/index.php\/wp-json\/wp\/v2\/media\/464940"}],"wp:attachment":[{"href":"https:\/\/www.hashtag.al\/index.php\/wp-json\/wp\/v2\/media?parent=464939"}],"wp:term":[{"taxonomy":"category","embeddable":true,"href":"https:\/\/www.hashtag.al\/index.php\/wp-json\/wp\/v2\/categories?post=464939"},{"taxonomy":"post_tag","embeddable":true,"href":"https:\/\/www.hashtag.al\/index.php\/wp-json\/wp\/v2\/tags?post=464939"}],"curies":[{"name":"wp","href":"https:\/\/api.w.org\/{rel}","templated":true}]}}