{"id":464928,"date":"2021-07-31T09:38:08","date_gmt":"2021-07-31T07:38:08","guid":{"rendered":"https:\/\/hashtag.al\/?p=464928"},"modified":"2021-07-31T09:41:20","modified_gmt":"2021-07-31T07:41:20","slug":"veliaj-smund-te-rrinte-pa-shkuar-ne-tokio-por-flamuri-shqiptar-dhe-mund-te-ishte-hekurosur","status":"publish","type":"post","link":"https:\/\/www.hashtag.al\/index.php\/2021\/07\/31\/veliaj-smund-te-rrinte-pa-shkuar-ne-tokio-por-flamuri-shqiptar-dhe-mund-te-ishte-hekurosur\/","title":{"rendered":"Veliaj s\u2019mund t\u00eb rrinte pa shkuar n\u00eb Tokio por flamuri shqiptar dhe mund t\u00eb ishte hekurosur","gt_translate_keys":[{"key":"rendered","format":"text"}]},"content":{"rendered":"<p><img loading=\"lazy\" decoding=\"async\" class=\"aligncenter wp-image-464929\" src=\"https:\/\/hashtag.al\/wp-content\/uploads\/2021\/07\/erkanqerimaj.jpg\" alt=\"\" width=\"1004\" height=\"571\" srcset=\"https:\/\/www.hashtag.al\/wp-content\/uploads\/2021\/07\/erkanqerimaj.jpg 960w, https:\/\/www.hashtag.al\/wp-content\/uploads\/2021\/07\/erkanqerimaj-300x171.jpg 300w, https:\/\/www.hashtag.al\/wp-content\/uploads\/2021\/07\/erkanqerimaj-768x437.jpg 768w\" sizes=\"auto, (max-width: 1004px) 100vw, 1004px\" \/><\/p>\n<p><span style=\"color: #000000;\">Kryebashkiaku i Tiran\u00ebs Erion Veliaj s\u2019mund t\u00eb rrinte pa shkuar n\u00eb Tokio. Nga lajm\u00ebrimi q\u00eb Komiteti Olimpik Komb\u00ebtar Shqiptar ka b\u00ebr\u00eb\u00a0 duket q\u00eb Veliaj iu \u00ebsht\u00eb bashkuar gjat\u00eb gar\u00ebs s\u00eb sotme t\u00eb Erkand Qerimajt.<\/span><\/p>\n<p><span style=\"color: #000000;\">Kjo \u00ebsht\u00eb fotoja q\u00eb ka shp\u00ebrndar\u00eb komiteti por ajo q\u00eb bie n\u00eb sy \u00ebsht\u00eb mungesa e hekurosjes s\u00eb flamurit komb\u00ebtar.<\/span><\/p>\n<p><span style=\"color: #000000;\"><img loading=\"lazy\" decoding=\"async\" class=\"aligncenter size-full wp-image-464930\" src=\"https:\/\/hashtag.al\/wp-content\/uploads\/2021\/07\/erionveliaj.jpg\" alt=\"\" width=\"945\" height=\"720\" srcset=\"https:\/\/www.hashtag.al\/wp-content\/uploads\/2021\/07\/erionveliaj.jpg 945w, https:\/\/www.hashtag.al\/wp-content\/uploads\/2021\/07\/erionveliaj-300x229.jpg 300w, https:\/\/www.hashtag.al\/wp-content\/uploads\/2021\/07\/erionveliaj-768x585.jpg 768w\" sizes=\"auto, (max-width: 945px) 100vw, 945px\" \/><\/span><\/p>\n<p><span style=\"color: #000000;\">Pesh\u00ebngrit\u00ebsi Qerimaj mori sot nj\u00eb rezultat shum\u00eb t\u00eb mir\u00eb.<\/span><\/p>\n<p><span style=\"color: #000000;\">\u00a0\u201cGara ime ne kategorine-81kg ne \u201cTokyo 2020\u201d u p\u00ebrmbyll me nj\u00eb rezultat 338 kg n\u00eb total, duke sh\u00ebnuar vendin e par\u00eb n\u00eb Baterin\u00eb B.<\/span><\/p>\n<p><span style=\"color: #000000;\">Nj\u00eb pesh\u00eb me total 8 kg me t\u00eb lart\u00eb se rezultati i dh\u00ebn\u00eb n\u00eb st\u00ebrvitje.<\/span><\/p>\n<p><span style=\"color: #000000;\">Shk\u00ebputja mori rezultatin m\u00eb t\u00eb mir\u00eb nga un\u00eb e shtytja gjithashtu ishte betej\u00eb ku dhashe gjith\u00e7ka n\u00eb k\u00ebto rrethana. Tani do t\u00eb presim rezultatet e Bateris\u00eb A p\u00ebr t\u00eb m\u00ebsuar renditjen p\u00ebrfundimtare.<\/span><\/p>\n<p><span style=\"color: #000000;\">Faleminderit shum\u00eb t\u00eb gjith\u00ebve p\u00ebr p\u00ebrkrahjen dhe q\u00eb keni v\u00ebn\u00eb or\u00ebn p\u00ebr zgjim n\u00eb 05:00 t\u00eb m\u00ebngjesit p\u00ebr Shqip\u00ebrin\u00eb. N\u00ebse n\u00eb k\u00ebt\u00eb gar\u00eb kam garuar me shpirt luani, jam i nderuar t\u00eb kemi realizuar nj\u00eb rezultat luanesh p\u00ebr rezultat t\u00eb denj\u00eb lart\u00ebsie shqiponjash.\u201d, shkruante sot Erkand Qerimaj.<\/span><\/p>\n","protected":false,"gt_translate_keys":[{"key":"rendered","format":"html"}]},"excerpt":{"rendered":"<p>Kryebashkiaku i Tiran\u00ebs Erion Veliaj s\u2019mund t\u00eb rrinte pa shkuar n\u00eb Tokio. Nga lajm\u00ebrimi q\u00eb Komiteti Olimpik Komb\u00ebtar Shqiptar ka b\u00ebr\u00eb\u00a0 duket q\u00eb Veliaj iu \u00ebsht\u00eb bashkuar gjat\u00eb gar\u00ebs s\u00eb sotme t\u00eb Erkand Qerimajt. Kjo \u00ebsht\u00eb fotoja q\u00eb ka shp\u00ebrndar\u00eb komiteti por ajo q\u00eb bie n\u00eb sy \u00ebsht\u00eb mungesa e hekurosjes s\u00eb flamurit komb\u00ebtar. Pesh\u00ebngrit\u00ebsi [&hellip;]<\/p>\n","protected":false,"gt_translate_keys":[{"key":"rendered","format":"html"}]},"author":51,"featured_media":464930,"comment_status":"closed","ping_status":"closed","sticky":false,"template":"","format":"standard","meta":{"footnotes":""},"categories":[65],"tags":[],"class_list":["post-464928","post","type-post","status-publish","format-standard","has-post-thumbnail","hentry","category-lajme"],"gt_translate_keys":[{"key":"link","format":"url"}],"_links":{"self":[{"href":"https:\/\/www.hashtag.al\/index.php\/wp-json\/wp\/v2\/posts\/464928","targetHints":{"allow":["GET"]}}],"collection":[{"href":"https:\/\/www.hashtag.al\/index.php\/wp-json\/wp\/v2\/posts"}],"about":[{"href":"https:\/\/www.hashtag.al\/index.php\/wp-json\/wp\/v2\/types\/post"}],"author":[{"embeddable":true,"href":"https:\/\/www.hashtag.al\/index.php\/wp-json\/wp\/v2\/users\/51"}],"replies":[{"embeddable":true,"href":"https:\/\/www.hashtag.al\/index.php\/wp-json\/wp\/v2\/comments?post=464928"}],"version-history":[{"count":0,"href":"https:\/\/www.hashtag.al\/index.php\/wp-json\/wp\/v2\/posts\/464928\/revisions"}],"wp:featuredmedia":[{"embeddable":true,"href":"https:\/\/www.hashtag.al\/index.php\/wp-json\/wp\/v2\/media\/464930"}],"wp:attachment":[{"href":"https:\/\/www.hashtag.al\/index.php\/wp-json\/wp\/v2\/media?parent=464928"}],"wp:term":[{"taxonomy":"category","embeddable":true,"href":"https:\/\/www.hashtag.al\/index.php\/wp-json\/wp\/v2\/categories?post=464928"},{"taxonomy":"post_tag","embeddable":true,"href":"https:\/\/www.hashtag.al\/index.php\/wp-json\/wp\/v2\/tags?post=464928"}],"curies":[{"name":"wp","href":"https:\/\/api.w.org\/{rel}","templated":true}]}}