{"id":464730,"date":"2021-07-30T08:38:20","date_gmt":"2021-07-30T06:38:20","guid":{"rendered":"https:\/\/hashtag.al\/?p=464730"},"modified":"2021-07-30T08:56:21","modified_gmt":"2021-07-30T06:56:21","slug":"nje-gazetar-mendon-si-edi-rama-per-minishengenin","status":"publish","type":"post","link":"https:\/\/www.hashtag.al\/index.php\/2021\/07\/30\/nje-gazetar-mendon-si-edi-rama-per-minishengenin\/","title":{"rendered":"Nj\u00eb gazetar mendon si Edi Rama p\u00ebr minishengenin","gt_translate_keys":[{"key":"rendered","format":"text"}]},"content":{"rendered":"<p><img loading=\"lazy\" decoding=\"async\" class=\"aligncenter wp-image-464731\" src=\"https:\/\/hashtag.al\/wp-content\/uploads\/2021\/07\/valonsyla.png\" alt=\"\" width=\"1043\" height=\"617\" srcset=\"https:\/\/www.hashtag.al\/wp-content\/uploads\/2021\/07\/valonsyla.png 600w, https:\/\/www.hashtag.al\/wp-content\/uploads\/2021\/07\/valonsyla-300x178.png 300w\" sizes=\"auto, (max-width: 1043px) 100vw, 1043px\" \/><\/p>\n<p><span style=\"color: #000000;\">Kryeministri Edi Rama ka marr\u00eb kritika t\u00eb forta nga nj\u00eb s\u00ebr\u00eb personazhesh publik\u00eb, p\u00ebrtej reagimit t\u00eb ashp\u00ebr t\u00eb qeveris\u00eb s\u00eb Kosov\u00ebs p\u00ebr iden\u00eb e \u201cOpen Balkan\u201d, ish-minishengenit ballkanik.<\/span><\/p>\n<p><span style=\"color: #000000;\">Por nj\u00eb gazetar mendon si Rama. Valon Syla, nj\u00eb nga kritik\u00ebt e p\u00ebrhersh\u00ebm t\u00eb kryeministrit t\u00eb Kosov\u00ebs Albin Kurtit mendon se nuk e ka fajin rajoni dhe kryeministri i Shqip\u00ebris\u00eb s\u2019ka pse t\u00eb b\u00ebhet \u201cKosovar\u201d.<\/span><\/p>\n<p><span style=\"color: #000000;\">\u201c\u00cbsht\u00eb qesharake kur kosovocentrik\u00ebt e VV&#8217;s\u00eb e kritikojn\u00eb Edi Ram\u00ebn n\u00eb facebook. E tregojn\u00eb nj\u00eb tendenc\u00eb sikur me dasht\u00eb me pushtu Shqip\u00ebrin\u00eb&#8230; ose s\u00eb paku mos me ja u leju diplomacin\u00eb Tiran\u00ebs&#8230; nifar hegjemonie palidhje.\u201d, e nis komentin e tij gazetari nga Kosova.<\/span><\/p>\n<p><span style=\"color: #000000;\">Ai shfaqet protektiv ndaj Ram\u00ebs. \u00a0\u201cN\u00ebse Kosova \u00ebsht\u00eb e paaft\u00eb me prodhu zgjidhje, ose vullnet p\u00ebr marr\u00ebveshje p\u00ebrfundimtare, pse na ka faj rajoni, ose \u00e7ka po u deshka me u bo Edi Rama. Me u bo Kosovar?<\/span><\/p>\n<p><span style=\"color: #000000;\">Mos harroni ai \u00ebsht\u00eb ve\u00e7 Kryeminist\u00ebr i Shqip\u00ebris\u00eb&#8230; P\u00ebrderisa Kosova, Abdixhiku, Osmani e Kurti, po prodhojn\u00eb status-quo, t\u00eb tjerit ecin n\u00eb pun\u00eb t\u00eb veta. S\u2019na presin.\u201d, thekson gazetari Syla, duke shtuar n\u00eb fund pyetjen \u201cQysh po ju dalin sondazhet?\u201d.<\/span><\/p>\n","protected":false,"gt_translate_keys":[{"key":"rendered","format":"html"}]},"excerpt":{"rendered":"<p>Kryeministri Edi Rama ka marr\u00eb kritika t\u00eb forta nga nj\u00eb s\u00ebr\u00eb personazhesh publik\u00eb, p\u00ebrtej reagimit t\u00eb ashp\u00ebr t\u00eb qeveris\u00eb s\u00eb Kosov\u00ebs p\u00ebr iden\u00eb e \u201cOpen Balkan\u201d, ish-minishengenit ballkanik. Por nj\u00eb gazetar mendon si Rama. Valon Syla, nj\u00eb nga kritik\u00ebt e p\u00ebrhersh\u00ebm t\u00eb kryeministrit t\u00eb Kosov\u00ebs Albin Kurtit mendon se nuk e ka fajin rajoni dhe [&hellip;]<\/p>\n","protected":false,"gt_translate_keys":[{"key":"rendered","format":"html"}]},"author":51,"featured_media":464731,"comment_status":"closed","ping_status":"closed","sticky":false,"template":"","format":"standard","meta":{"footnotes":""},"categories":[65],"tags":[],"class_list":["post-464730","post","type-post","status-publish","format-standard","has-post-thumbnail","hentry","category-lajme"],"gt_translate_keys":[{"key":"link","format":"url"}],"_links":{"self":[{"href":"https:\/\/www.hashtag.al\/index.php\/wp-json\/wp\/v2\/posts\/464730","targetHints":{"allow":["GET"]}}],"collection":[{"href":"https:\/\/www.hashtag.al\/index.php\/wp-json\/wp\/v2\/posts"}],"about":[{"href":"https:\/\/www.hashtag.al\/index.php\/wp-json\/wp\/v2\/types\/post"}],"author":[{"embeddable":true,"href":"https:\/\/www.hashtag.al\/index.php\/wp-json\/wp\/v2\/users\/51"}],"replies":[{"embeddable":true,"href":"https:\/\/www.hashtag.al\/index.php\/wp-json\/wp\/v2\/comments?post=464730"}],"version-history":[{"count":0,"href":"https:\/\/www.hashtag.al\/index.php\/wp-json\/wp\/v2\/posts\/464730\/revisions"}],"wp:featuredmedia":[{"embeddable":true,"href":"https:\/\/www.hashtag.al\/index.php\/wp-json\/wp\/v2\/media\/464731"}],"wp:attachment":[{"href":"https:\/\/www.hashtag.al\/index.php\/wp-json\/wp\/v2\/media?parent=464730"}],"wp:term":[{"taxonomy":"category","embeddable":true,"href":"https:\/\/www.hashtag.al\/index.php\/wp-json\/wp\/v2\/categories?post=464730"},{"taxonomy":"post_tag","embeddable":true,"href":"https:\/\/www.hashtag.al\/index.php\/wp-json\/wp\/v2\/tags?post=464730"}],"curies":[{"name":"wp","href":"https:\/\/api.w.org\/{rel}","templated":true}]}}