{"id":464708,"date":"2021-07-29T23:35:49","date_gmt":"2021-07-29T21:35:49","guid":{"rendered":"https:\/\/hashtag.al\/?p=464708"},"modified":"2021-07-29T23:35:49","modified_gmt":"2021-07-29T21:35:49","slug":"samiti-i-shkupit-nuk-kalon-pa-incidente-per-ramen-gazetari-me-quajti-injorant","status":"publish","type":"post","link":"https:\/\/www.hashtag.al\/index.php\/2021\/07\/29\/samiti-i-shkupit-nuk-kalon-pa-incidente-per-ramen-gazetari-me-quajti-injorant\/","title":{"rendered":"Samiti i Shkupit nuk kalon pa incidente p\u00ebr Ram\u00ebn, gazetari: M\u00eb quajti injorant","gt_translate_keys":[{"key":"rendered","format":"text"}]},"content":{"rendered":"<div id=\"attachment_464710\" style=\"width: 1469px\" class=\"wp-caption aligncenter\"><img loading=\"lazy\" decoding=\"async\" aria-describedby=\"caption-attachment-464710\" class=\"wp-image-464710 size-full\" src=\"https:\/\/hashtag.al\/wp-content\/uploads\/2021\/07\/rama-gazetari-furkan-saliu.png\" alt=\"\" width=\"1459\" height=\"712\" srcset=\"https:\/\/www.hashtag.al\/wp-content\/uploads\/2021\/07\/rama-gazetari-furkan-saliu.png 1459w, https:\/\/www.hashtag.al\/wp-content\/uploads\/2021\/07\/rama-gazetari-furkan-saliu-300x146.png 300w, https:\/\/www.hashtag.al\/wp-content\/uploads\/2021\/07\/rama-gazetari-furkan-saliu-768x375.png 768w, https:\/\/www.hashtag.al\/wp-content\/uploads\/2021\/07\/rama-gazetari-furkan-saliu-1024x500.png 1024w\" sizes=\"auto, (max-width: 1459px) 100vw, 1459px\" \/><p id=\"caption-attachment-464710\" class=\"wp-caption-text\">Kryeministri Edi Rama dhe Furkan Saliu<\/p><\/div>\n<p><span style=\"color: #000000;\">Gazetari i TV21 n\u00eb Maqedonin\u00eb e Veriut Furkan Saliu duke ndjekur samitin e Shkupit n\u00eb kuad\u00ebr t\u00eb marr\u00ebveshjes \u201cOpen Balkan\u201d \u00ebsht\u00eb p\u00ebrplasur me kryeministrin e Shqip\u00ebris\u00eb, Edi Rama.<\/span><\/p>\n<p><span style=\"color: #000000;\">P\u00ebrplasja rr\u00ebfehet nga vet\u00eb gazetari i cili ka zbardhur n\u00eb profilin e tij n\u00eb rrjetet sociale edhe shk\u00ebmbimin e replikave q\u00eb ka pasur me kreun e qeveris\u00eb shqiptare.<\/span><\/p>\n<p><span style=\"color: #000000;\">Nga video q\u00eb gazetari i TV21 ka postuar duket se ka pasur nj\u00eb p\u00ebrplasje me Kryeministrin Rama.<\/span><\/p>\n<p><span style=\"color: #000000;\">Saliu pretendon se kryeministri Rama e ka quajtur at\u00eb nj\u00eb injorant.<\/span><\/p>\n<p><span style=\"color: #000000;\">Sipas gazetarit p\u00ebrplasja me kryeminsitrin e shqip\u00ebris\u00eb nisi pasi gjat\u00eb konferenc\u00ebs p\u00ebr media Saliu i kishte th\u00ebn\u00eb se \u201cOpen Balkan\u201d do jet\u00eb nj\u00eb minijugosllavi pa liri t\u00eb shprehej q\u00eb sipas tij mund t\u00eb ket\u00eb b\u00ebr\u00eb q\u00eb Rama t\u00eb preket.<\/span><\/p>\n<div style=\"width: 1170px;\" class=\"wp-video\"><video class=\"wp-video-shortcode\" id=\"video-464708-1\" width=\"1170\" height=\"658\" preload=\"metadata\" controls=\"controls\"><source type=\"video\/mp4\" src=\"https:\/\/hashtag.al\/wp-content\/uploads\/2021\/07\/10000000_416029796397698_1948186668447956396_n.mp4?_=1\" \/><a href=\"https:\/\/hashtag.al\/wp-content\/uploads\/2021\/07\/10000000_416029796397698_1948186668447956396_n.mp4\">https:\/\/hashtag.al\/wp-content\/uploads\/2021\/07\/10000000_416029796397698_1948186668447956396_n.mp4<\/a><\/video><\/div>\n<p><span style=\"color: #000000;\"><strong>Biseda:<\/strong><\/span><\/p>\n<p><span style=\"color: #000000;\"><em>Rama: Ti je nj\u00eb injorant! <\/em><\/span><\/p>\n<p><span style=\"color: #000000;\"><em>F.S: Injorant Gashi? <\/em><\/span><\/p>\n<p><span style=\"color: #000000;\"><em>Rama: \u00c7far\u00eb rinie jeni ju? Injorant\u00eb! <\/em><\/span><\/p>\n<p><span style=\"color: #000000;\"><em>F.S: Nuk e di se a un\u00eb jam injorant apo ju arrogant? <\/em><\/span><\/p>\n<p><span style=\"color: #000000;\"><em>Rama: Pse arrogant? Po e them t\u00eb v\u00ebrtet\u00ebn, je injorant! <\/em><\/span><\/p>\n<p><span style=\"color: #000000;\"><em>F.S: Ju ekspert injorantes, i njihni n\u00eb shikim t\u00eb par\u00eb, me shum\u00eb gjasa jeni t\u00eb rrethuar me injorant\u00eb <\/em><\/span><\/p>\n<p><span style=\"color: #000000;\"><em>Afrohen gazetar\u00ebt, fillojn\u00eb t\u00eb interesohen se p\u00ebr \u00e7far\u00eb po flasim dhe Rama e ngrit z\u00ebrin&#8230;<\/em><\/span><\/p>\n<p><span style=\"color: #000000;\"><em>Rama: N\u00ebse do intervist\u00eb ekskluzive..?<\/em><\/span><\/p>\n<p><span style=\"color: #000000;\"><em>F.S: Jo faleminderit<\/em><\/span><\/p>\n<p><span style=\"color: #000000;\">Rama sot gjat\u00eb deklarat\u00ebs n\u00eb kuad\u00ebr t\u00eb Samitit t\u00eb Shkupit ku u firmos\u00ebn tre marr\u00ebveshje q\u00eb pretendohet se do leht\u00ebsojn\u00eb tregtin\u00eb nuk la pa thumbuar edhe Kryeminsitrin Kurti i cili e quajti k\u00ebt\u00eb nism\u00eb pa vizion.<\/span><\/p>\n<p><span style=\"color: #000000;\">N\u00eb k\u00ebt\u00eb nism\u00eb deri m\u00eb tani kan\u00eb pranuar t\u00eb marrin pjes\u00eb vet\u00ebm Serbia, Maqedonia e Veriut dhe Shqip\u00ebria duke e ndar\u00eb n\u00eb gjysm\u00eb nocionin gjepolitik t\u00eb Ballkanit Per\u00ebndimor.\/<strong>Hashtag.al<\/strong><\/span><\/p>\n","protected":false,"gt_translate_keys":[{"key":"rendered","format":"html"}]},"excerpt":{"rendered":"<p>Gazetari i TV21 n\u00eb Maqedonin\u00eb e Veriut Furkan Saliu duke ndjekur samitin e Shkupit n\u00eb kuad\u00ebr t\u00eb marr\u00ebveshjes \u201cOpen Balkan\u201d \u00ebsht\u00eb p\u00ebrplasur me kryeministrin e Shqip\u00ebris\u00eb, Edi Rama. P\u00ebrplasja rr\u00ebfehet nga vet\u00eb gazetari i cili ka zbardhur n\u00eb profilin e tij n\u00eb rrjetet sociale edhe shk\u00ebmbimin e replikave q\u00eb ka pasur me kreun e qeveris\u00eb [&hellip;]<\/p>\n","protected":false,"gt_translate_keys":[{"key":"rendered","format":"html"}]},"author":32,"featured_media":464710,"comment_status":"closed","ping_status":"closed","sticky":false,"template":"","format":"standard","meta":{"footnotes":""},"categories":[22,65,13],"tags":[],"class_list":["post-464708","post","type-post","status-publish","format-standard","has-post-thumbnail","hentry","category-ballina","category-lajme","category-te-fundit"],"gt_translate_keys":[{"key":"link","format":"url"}],"_links":{"self":[{"href":"https:\/\/www.hashtag.al\/index.php\/wp-json\/wp\/v2\/posts\/464708","targetHints":{"allow":["GET"]}}],"collection":[{"href":"https:\/\/www.hashtag.al\/index.php\/wp-json\/wp\/v2\/posts"}],"about":[{"href":"https:\/\/www.hashtag.al\/index.php\/wp-json\/wp\/v2\/types\/post"}],"author":[{"embeddable":true,"href":"https:\/\/www.hashtag.al\/index.php\/wp-json\/wp\/v2\/users\/32"}],"replies":[{"embeddable":true,"href":"https:\/\/www.hashtag.al\/index.php\/wp-json\/wp\/v2\/comments?post=464708"}],"version-history":[{"count":0,"href":"https:\/\/www.hashtag.al\/index.php\/wp-json\/wp\/v2\/posts\/464708\/revisions"}],"wp:featuredmedia":[{"embeddable":true,"href":"https:\/\/www.hashtag.al\/index.php\/wp-json\/wp\/v2\/media\/464710"}],"wp:attachment":[{"href":"https:\/\/www.hashtag.al\/index.php\/wp-json\/wp\/v2\/media?parent=464708"}],"wp:term":[{"taxonomy":"category","embeddable":true,"href":"https:\/\/www.hashtag.al\/index.php\/wp-json\/wp\/v2\/categories?post=464708"},{"taxonomy":"post_tag","embeddable":true,"href":"https:\/\/www.hashtag.al\/index.php\/wp-json\/wp\/v2\/tags?post=464708"}],"curies":[{"name":"wp","href":"https:\/\/api.w.org\/{rel}","templated":true}]}}