{"id":464541,"date":"2021-07-29T08:04:38","date_gmt":"2021-07-29T06:04:38","guid":{"rendered":"https:\/\/hashtag.al\/?p=464541"},"modified":"2021-07-29T08:06:53","modified_gmt":"2021-07-29T06:06:53","slug":"fieri-ne-tym-dhe-flake-flet-perfaqesuesi-i-bashkise-po-menaxhojme-situaten-kemi-gati-incineratorin","status":"publish","type":"post","link":"https:\/\/www.hashtag.al\/index.php\/2021\/07\/29\/fieri-ne-tym-dhe-flake-flet-perfaqesuesi-i-bashkise-po-menaxhojme-situaten-kemi-gati-incineratorin\/","title":{"rendered":"Fieri n\u00eb tym dhe flak\u00eb, flet p\u00ebrfaq\u00ebsuesi i bashkis\u00eb: Po menaxhojm\u00eb situat\u00ebn, kemi gati incineratorin","gt_translate_keys":[{"key":"rendered","format":"text"}]},"content":{"rendered":"<p><img loading=\"lazy\" decoding=\"async\" class=\"aligncenter size-full wp-image-464542\" src=\"https:\/\/hashtag.al\/wp-content\/uploads\/2021\/07\/arjanndreufieritym.jpg\" alt=\"\" width=\"768\" height=\"432\" srcset=\"https:\/\/www.hashtag.al\/wp-content\/uploads\/2021\/07\/arjanndreufieritym.jpg 768w, https:\/\/www.hashtag.al\/wp-content\/uploads\/2021\/07\/arjanndreufieritym-300x169.jpg 300w\" sizes=\"auto, (max-width: 768px) 100vw, 768px\" \/><\/p>\n<p><span style=\"color: #000000;\">Qyteti i Fierit \u00ebsht\u00eb pushtuar prej dit\u00ebsh nga tymi, duke rrezikuar asfiksimin e banor\u00ebve. Hashtag.al solli dje fotot flagrante nga qendra e qytetit, q\u00eb tregojn\u00eb se sa e r\u00ebnd\u00eb \u00ebsht\u00eb situata. Sht\u00ebllungat e tymit kan\u00eb mb\u00ebrritur te banor\u00ebt p\u00ebr shkak t\u00eb zjarrv\u00ebnies s\u00eb plehrave.<\/span><\/p>\n<p><span style=\"color: #000000;\">P\u00ebr her\u00eb t\u00eb par\u00eb ka reaguar nj\u00eb p\u00ebrfaq\u00ebsues i Bashkis\u00eb s\u00eb Fierit,\u00a0 drejtori i Nd\u00ebrmarrjes s\u00eb Pastrim Gjelb\u00ebrimit Arjan Ndreu.<\/span><\/p>\n<p><img loading=\"lazy\" decoding=\"async\" class=\"aligncenter size-full wp-image-464543\" src=\"https:\/\/hashtag.al\/wp-content\/uploads\/2021\/07\/fiertym4.jpeg\" alt=\"\" width=\"1068\" height=\"801\" srcset=\"https:\/\/www.hashtag.al\/wp-content\/uploads\/2021\/07\/fiertym4.jpeg 1068w, https:\/\/www.hashtag.al\/wp-content\/uploads\/2021\/07\/fiertym4-300x225.jpeg 300w, https:\/\/www.hashtag.al\/wp-content\/uploads\/2021\/07\/fiertym4-768x576.jpeg 768w, https:\/\/www.hashtag.al\/wp-content\/uploads\/2021\/07\/fiertym4-1024x768.jpeg 1024w\" sizes=\"auto, (max-width: 1068px) 100vw, 1068px\" \/><\/p>\n<p><span style=\"color: #000000;\">\u201cKemi marr\u00eb masat, Bashkia e Fierit \u00ebsht\u00eb angazhuar me mjete p\u00ebr shuarjen e zjarrit dhe p\u00ebr t\u00eb normalizuar situat\u00ebn. Ne me mjete tona po p\u00ebrpiqemi t\u00eb menaxhojm\u00eb situat\u00ebn. Po b\u00ebjm\u00eb mbulimin me dhe t\u00eb mbetjeve t\u00eb zjarrit, si e vetmja mund\u00ebsi p\u00ebr t\u2019i fikur pasi mbetjet gjenerojn\u00eb gazra metani q\u00eb jan\u00eb t\u00eb rreziksh\u00ebm dhe marrin vetvetiu flak\u00eb.<\/span><\/p>\n<p><span style=\"color: #000000;\">\u00a0\u00cbsht\u00eb e v\u00ebrtet\u00eb q\u00eb fusha e mbetjeve urbane t\u00eb qytetit t\u00eb Fierit ka shpallur emergjenc\u00eb mjedisore dhe n\u00eb baz\u00eb t\u00eb korrespondenc\u00ebs me firm\u00ebn e inceneratorit, ne jemi gati q\u00eb n\u00eb fund t\u00eb gushtit t\u00eb fillojm\u00eb me evadimin e mbetjeve t\u00eb Fierit te incineratori\u201d, tha ai.<\/span><\/p>\n<p><iframe loading=\"lazy\" title=\"Arjan Ndreu drejtor i Pastrim Gjelberimit ne Fier\" width=\"1170\" height=\"658\" src=\"https:\/\/www.youtube.com\/embed\/LCzAji6G9u0?feature=oembed\" frameborder=\"0\" allow=\"accelerometer; autoplay; clipboard-write; encrypted-media; gyroscope; picture-in-picture\" allowfullscreen><\/iframe><\/p>\n","protected":false,"gt_translate_keys":[{"key":"rendered","format":"html"}]},"excerpt":{"rendered":"<p>Qyteti i Fierit \u00ebsht\u00eb pushtuar prej dit\u00ebsh nga tymi, duke rrezikuar asfiksimin e banor\u00ebve. Hashtag.al solli dje fotot flagrante nga qendra e qytetit, q\u00eb tregojn\u00eb se sa e r\u00ebnd\u00eb \u00ebsht\u00eb situata. Sht\u00ebllungat e tymit kan\u00eb mb\u00ebrritur te banor\u00ebt p\u00ebr shkak t\u00eb zjarrv\u00ebnies s\u00eb plehrave. P\u00ebr her\u00eb t\u00eb par\u00eb ka reaguar nj\u00eb p\u00ebrfaq\u00ebsues i Bashkis\u00eb s\u00eb [&hellip;]<\/p>\n","protected":false,"gt_translate_keys":[{"key":"rendered","format":"html"}]},"author":51,"featured_media":464542,"comment_status":"closed","ping_status":"closed","sticky":false,"template":"","format":"standard","meta":{"footnotes":""},"categories":[65],"tags":[],"class_list":["post-464541","post","type-post","status-publish","format-standard","has-post-thumbnail","hentry","category-lajme"],"gt_translate_keys":[{"key":"link","format":"url"}],"_links":{"self":[{"href":"https:\/\/www.hashtag.al\/index.php\/wp-json\/wp\/v2\/posts\/464541","targetHints":{"allow":["GET"]}}],"collection":[{"href":"https:\/\/www.hashtag.al\/index.php\/wp-json\/wp\/v2\/posts"}],"about":[{"href":"https:\/\/www.hashtag.al\/index.php\/wp-json\/wp\/v2\/types\/post"}],"author":[{"embeddable":true,"href":"https:\/\/www.hashtag.al\/index.php\/wp-json\/wp\/v2\/users\/51"}],"replies":[{"embeddable":true,"href":"https:\/\/www.hashtag.al\/index.php\/wp-json\/wp\/v2\/comments?post=464541"}],"version-history":[{"count":0,"href":"https:\/\/www.hashtag.al\/index.php\/wp-json\/wp\/v2\/posts\/464541\/revisions"}],"wp:featuredmedia":[{"embeddable":true,"href":"https:\/\/www.hashtag.al\/index.php\/wp-json\/wp\/v2\/media\/464542"}],"wp:attachment":[{"href":"https:\/\/www.hashtag.al\/index.php\/wp-json\/wp\/v2\/media?parent=464541"}],"wp:term":[{"taxonomy":"category","embeddable":true,"href":"https:\/\/www.hashtag.al\/index.php\/wp-json\/wp\/v2\/categories?post=464541"},{"taxonomy":"post_tag","embeddable":true,"href":"https:\/\/www.hashtag.al\/index.php\/wp-json\/wp\/v2\/tags?post=464541"}],"curies":[{"name":"wp","href":"https:\/\/api.w.org\/{rel}","templated":true}]}}