{"id":464330,"date":"2021-07-28T07:43:44","date_gmt":"2021-07-28T05:43:44","guid":{"rendered":"https:\/\/hashtag.al\/?p=464330"},"modified":"2021-07-28T07:50:19","modified_gmt":"2021-07-28T05:50:19","slug":"gjendet-i-vdekur-ne-shtepi-mjeku-i-terapise-se-plazmes-kunder-covid19","status":"publish","type":"post","link":"https:\/\/www.hashtag.al\/index.php\/2021\/07\/28\/gjendet-i-vdekur-ne-shtepi-mjeku-i-terapise-se-plazmes-kunder-covid19\/","title":{"rendered":"Gjendet i vdekur n\u00eb sht\u00ebpi mjeku i terapis\u00eb s\u00eb plazm\u00ebs kund\u00ebr Covid19","gt_translate_keys":[{"key":"rendered","format":"text"}]},"content":{"rendered":"<p><img loading=\"lazy\" decoding=\"async\" class=\"aligncenter wp-image-464331\" src=\"https:\/\/hashtag.al\/wp-content\/uploads\/2021\/07\/giuseppededono.jpg\" alt=\"\" width=\"962\" height=\"718\" srcset=\"https:\/\/www.hashtag.al\/wp-content\/uploads\/2021\/07\/giuseppededono.jpg 656w, https:\/\/www.hashtag.al\/wp-content\/uploads\/2021\/07\/giuseppededono-300x224.jpg 300w\" sizes=\"auto, (max-width: 962px) 100vw, 962px\" \/><\/p>\n<p><span style=\"color: #000000;\">Gjetur i pajet\u00eb n\u00eb sht\u00ebpin\u00eb e tij n\u00eb Curtatone mjeku pneumology Giuseppe De Donno. Ai ishte nd\u00ebr promovuesit e terapis\u00eb plazmatike kund\u00ebr Covid19.<\/span><\/p>\n<p><span style=\"color: #000000;\">Giuseppe De Donno, ish-shefi i Pneumologjis\u00eb n\u00eb spitalin \u201cCarlo Poma\u201d n\u00eb Mantua u gjet i vdekur pasdite n\u00eb sht\u00ebpin\u00eb e tij n\u00eb Curtatone, raporton \u201cLa Stampa\u201d.<\/span><\/p>\n<p><span style=\"color: #000000;\">Nj\u00eb fytyr\u00eb e njohur gjat\u00eb k\u00ebtyre muajve t\u00eb pandemis\u00eb, nj\u00eb nga promovuesit e terapis\u00eb plazmatike p\u00ebr trajtimin e njer\u00ebzve t\u00eb infektuar seriozisht, De Donno, si\u00e7 m\u00ebsojm\u00eb, mendohet se \u00ebsht\u00eb vet\u00ebvrar\u00eb.<\/span><\/p>\n<p><span style=\"color: #000000;\">De Donno, 54 vje\u00e7, kishte dh\u00ebn\u00eb dor\u00ebheqjen nga spitali Mantua n\u00eb fillim t\u00eb qershorit p\u00ebr t\u00eb filluar profesionin e tij t\u00eb ri t\u00eb mjekut t\u00eb p\u00ebrgjithsh\u00ebm n\u00eb Porto Mantovano m\u00eb 5 korrik.<\/span><\/p>\n<p><span style=\"color: #000000;\">Komenti i par\u00eb p\u00ebr vdekjen e pulmonologut t\u00eb njohur erdhi nga Matteo Salvini.<\/span><\/p>\n<p><span style=\"color: #000000;\">&#8220;Nuk doja ta besoja&#8221;, deklaroi ai.<\/span><\/p>\n<p><span style=\"color: #000000;\">&#8220;Ne humbasim nj\u00eb person t\u00eb bukur, nj\u00eb mjek t\u00eb shk\u00eblqyesh\u00ebm, i cili luftoi si nj\u00eb luan gjat\u00eb Covidit p\u00ebr t\u00eb shp\u00ebtuar qindra jet\u00eb, shpesh kund\u00ebr gjith\u00e7kaje dhe t\u00eb gjith\u00ebve. Udh\u00ebtim t\u00eb mbar\u00eb Giuseppe, l\u00eb nj\u00eb boshll\u00ebk t\u00eb madh&#8221;.<\/span><\/p>\n<p><img loading=\"lazy\" decoding=\"async\" class=\"aligncenter size-full wp-image-464335\" src=\"https:\/\/hashtag.al\/wp-content\/uploads\/2021\/07\/giuseppededono2.jpg\" alt=\"\" width=\"1200\" height=\"630\" srcset=\"https:\/\/www.hashtag.al\/wp-content\/uploads\/2021\/07\/giuseppededono2.jpg 1200w, https:\/\/www.hashtag.al\/wp-content\/uploads\/2021\/07\/giuseppededono2-300x158.jpg 300w, https:\/\/www.hashtag.al\/wp-content\/uploads\/2021\/07\/giuseppededono2-768x403.jpg 768w, https:\/\/www.hashtag.al\/wp-content\/uploads\/2021\/07\/giuseppededono2-1024x538.jpg 1024w\" sizes=\"auto, (max-width: 1200px) 100vw, 1200px\" \/><\/p>\n","protected":false,"gt_translate_keys":[{"key":"rendered","format":"html"}]},"excerpt":{"rendered":"<p>Gjetur i pajet\u00eb n\u00eb sht\u00ebpin\u00eb e tij n\u00eb Curtatone mjeku pneumology Giuseppe De Donno. Ai ishte nd\u00ebr promovuesit e terapis\u00eb plazmatike kund\u00ebr Covid19. Giuseppe De Donno, ish-shefi i Pneumologjis\u00eb n\u00eb spitalin \u201cCarlo Poma\u201d n\u00eb Mantua u gjet i vdekur pasdite n\u00eb sht\u00ebpin\u00eb e tij n\u00eb Curtatone, raporton \u201cLa Stampa\u201d. Nj\u00eb fytyr\u00eb e njohur gjat\u00eb k\u00ebtyre [&hellip;]<\/p>\n","protected":false,"gt_translate_keys":[{"key":"rendered","format":"html"}]},"author":51,"featured_media":464331,"comment_status":"closed","ping_status":"closed","sticky":false,"template":"","format":"standard","meta":{"footnotes":""},"categories":[22,65,6],"tags":[],"class_list":["post-464330","post","type-post","status-publish","format-standard","has-post-thumbnail","hentry","category-ballina","category-lajme","category-nderkombetare"],"gt_translate_keys":[{"key":"link","format":"url"}],"_links":{"self":[{"href":"https:\/\/www.hashtag.al\/index.php\/wp-json\/wp\/v2\/posts\/464330","targetHints":{"allow":["GET"]}}],"collection":[{"href":"https:\/\/www.hashtag.al\/index.php\/wp-json\/wp\/v2\/posts"}],"about":[{"href":"https:\/\/www.hashtag.al\/index.php\/wp-json\/wp\/v2\/types\/post"}],"author":[{"embeddable":true,"href":"https:\/\/www.hashtag.al\/index.php\/wp-json\/wp\/v2\/users\/51"}],"replies":[{"embeddable":true,"href":"https:\/\/www.hashtag.al\/index.php\/wp-json\/wp\/v2\/comments?post=464330"}],"version-history":[{"count":0,"href":"https:\/\/www.hashtag.al\/index.php\/wp-json\/wp\/v2\/posts\/464330\/revisions"}],"wp:featuredmedia":[{"embeddable":true,"href":"https:\/\/www.hashtag.al\/index.php\/wp-json\/wp\/v2\/media\/464331"}],"wp:attachment":[{"href":"https:\/\/www.hashtag.al\/index.php\/wp-json\/wp\/v2\/media?parent=464330"}],"wp:term":[{"taxonomy":"category","embeddable":true,"href":"https:\/\/www.hashtag.al\/index.php\/wp-json\/wp\/v2\/categories?post=464330"},{"taxonomy":"post_tag","embeddable":true,"href":"https:\/\/www.hashtag.al\/index.php\/wp-json\/wp\/v2\/tags?post=464330"}],"curies":[{"name":"wp","href":"https:\/\/api.w.org\/{rel}","templated":true}]}}