{"id":464060,"date":"2021-07-26T19:08:48","date_gmt":"2021-07-26T17:08:48","guid":{"rendered":"https:\/\/hashtag.al\/?p=464060"},"modified":"2021-07-26T19:12:34","modified_gmt":"2021-07-26T17:12:34","slug":"petro-koci-ben-deklaraten-e-forte-bota-e-krimit-ne-bashkepunim-me-lsi-ne-ndikoi-ne-zgjedhjet-ne-fier","status":"publish","type":"post","link":"https:\/\/www.hashtag.al\/index.php\/2021\/07\/26\/petro-koci-ben-deklaraten-e-forte-bota-e-krimit-ne-bashkepunim-me-lsi-ne-ndikoi-ne-zgjedhjet-ne-fier\/","title":{"rendered":"Petro Ko\u00e7i b\u00ebn deklarat\u00ebn e fort\u00eb: Bota e krimit n\u00eb bashk\u00ebpunim me LSI-n\u00eb ndikoi n\u00eb zgjedhjet n\u00eb Fier","gt_translate_keys":[{"key":"rendered","format":"text"}]},"content":{"rendered":"<p><span style=\"color: #000000;\"><img loading=\"lazy\" decoding=\"async\" class=\"aligncenter size-full wp-image-464061\" src=\"https:\/\/hashtag.al\/wp-content\/uploads\/2021\/07\/PETRO-KOCI3.jpg\" alt=\"\" width=\"1301\" height=\"649\" srcset=\"https:\/\/www.hashtag.al\/wp-content\/uploads\/2021\/07\/PETRO-KOCI3.jpg 1301w, https:\/\/www.hashtag.al\/wp-content\/uploads\/2021\/07\/PETRO-KOCI3-300x150.jpg 300w, https:\/\/www.hashtag.al\/wp-content\/uploads\/2021\/07\/PETRO-KOCI3-768x383.jpg 768w, https:\/\/www.hashtag.al\/wp-content\/uploads\/2021\/07\/PETRO-KOCI3-1024x511.jpg 1024w\" sizes=\"auto, (max-width: 1301px) 100vw, 1301px\" \/><\/span><\/p>\n<p><span style=\"color: #000000;\">Deputeti i zgjedhur i Partis\u00eb Socialiste, Petro Ko\u00e7i ishte sot n\u00eb SPAK p\u00ebr t\u00eb dh\u00ebn\u00eb d\u00ebshmin\u00eb mbi deklarat\u00ebn e b\u00ebr\u00eb disa dit\u00eb m\u00eb par\u00eb se bota krimit po merr tendera n\u00eb Fier.<\/span><\/p>\n<p><span style=\"color: #000000;\">N\u00eb dalje nga SPAK, Ko\u00e7i b\u00ebri nj\u00eb deklarat\u00eb t\u00eb fort\u00eb duke akuzuar e bota e krimit n\u00eb marr\u00ebdh\u00ebnie me LSI-n\u00eb ndikuan n\u00eb zgjedhjet e fundit.<\/span><\/p>\n<p><span style=\"color: #000000;\">\u201c<em>Duart e krimit jan\u00eb p\u00ebrfaq\u00ebsues t\u00eb bot\u00ebs s\u00eb krimit. N\u00eb Fier \u00ebsht\u00eb nj\u00eb bot\u00eb goxha e konsoliduar. Un\u00eb kam guxuar e kam denoncuar shum\u00eb her\u00eb. Gjat\u00eb fushat\u00ebs denoncova nj\u00eb gjyqtar p\u00ebr nj\u00eb shkarkim nga puna dhe mesa di ky gjyqtar \u00ebsht\u00eb shkarkuar. Un\u00eb jam politikan dhe e ndjej q\u00eb bota e krimit n\u00eb Fier \u00ebsht\u00eb goxha influente. Mendoj se sensibilizimi i SPAK \u00ebsht\u00eb i nevojsh\u00ebm.<\/em><\/span><\/p>\n<p><span style=\"color: #000000;\"><em>Bota e krimit n\u00eb Fier ka pasur lidhje t\u00eb konsoliduar me politik\u00ebn. Mund t\u2019iu them q\u00eb n\u00eb marr\u00ebdh\u00ebnie me LSI ndikuan n\u00eb zgjedhjet e fundit. Kam nj\u00eb vullnet t\u00eb pal\u00ebkundur p\u00ebr t\u00eb bashk\u00ebpunuar me organet e drejt\u00ebsis\u00eb. Ka zyrtar\u00eb q\u00eb jan\u00eb lodhur n\u00ebp\u00ebr zyra dhe i jan\u00eb p\u00ebrkulur presionit t\u00eb krimit\u201d-<\/em>deklaroi Ko\u00e7i.<\/span><\/p>\n<p><span style=\"color: #000000;\">M\u00eb tej ish-z\u00ebvend\u00ebsministri i mbrojtjes tha se SPAK \u00ebsht\u00eb i lir\u00eb t\u00eb veproj\u00eb nd\u00ebrsa shtoi se fakti q\u00eb njer\u00ebz t\u00eb bot\u00ebs s\u00eb krimit hyjn\u00eb m\u00eb kollaj n\u00eb pun\u00eb se njer\u00ebzit e thjesht\u00eb tregon se jan\u00eb influent\u00eb.<\/span><\/p>\n<p><span style=\"color: #000000;\"><em>SPAK \u00ebsht\u00eb i lir\u00eb dhe i detyruar nga ligji t\u00eb veproj\u00eb ndaj kujtdo q\u00eb ka shkelur ligjin dhe bashk\u00ebpunon me krimin. Un\u00eb nuk jam as prokuror, as gjyqtar, dhe as n\u00eb Policin\u00eb e Shtetit, por kam nj\u00eb p\u00ebrvoj\u00eb si ish-minist\u00ebr i Rendit dhe p\u00ebr t\u00eb gjitha k\u00ebto q\u00eb fola jam shum\u00eb i bindur. Un\u00eb nuk jam hetues q\u00eb t\u00eb k\u00ebrkoj dokumente konkrete dhe t\u00eb jap emra. Fakti q\u00eb njer\u00ebzit e k\u00ebsaj bote hyjn\u00eb m\u00eb kollaj n\u00eb pun\u00eb se njer\u00ebzit e thjesht\u00eb, tregon se jan\u00eb m\u00eb influent\u00eb<\/em>\u201d-tha Ko\u00e7i.<\/span><\/p>\n<div style=\"width: 1170px;\" class=\"wp-video\"><video class=\"wp-video-shortcode\" id=\"video-464060-1\" width=\"1170\" height=\"658\" preload=\"metadata\" controls=\"controls\"><source type=\"video\/mp4\" src=\"https:\/\/hashtag.al\/wp-content\/uploads\/2021\/07\/225316228_375991150709037_5192984945986884796_n.mp4?_=1\" \/><a href=\"https:\/\/hashtag.al\/wp-content\/uploads\/2021\/07\/225316228_375991150709037_5192984945986884796_n.mp4\">https:\/\/hashtag.al\/wp-content\/uploads\/2021\/07\/225316228_375991150709037_5192984945986884796_n.mp4<\/a><\/video><\/div>\n","protected":false,"gt_translate_keys":[{"key":"rendered","format":"html"}]},"excerpt":{"rendered":"<p>Deputeti i zgjedhur i Partis\u00eb Socialiste, Petro Ko\u00e7i ishte sot n\u00eb SPAK p\u00ebr t\u00eb dh\u00ebn\u00eb d\u00ebshmin\u00eb mbi deklarat\u00ebn e b\u00ebr\u00eb disa dit\u00eb m\u00eb par\u00eb se bota krimit po merr tendera n\u00eb Fier. N\u00eb dalje nga SPAK, Ko\u00e7i b\u00ebri nj\u00eb deklarat\u00eb t\u00eb fort\u00eb duke akuzuar e bota e krimit n\u00eb marr\u00ebdh\u00ebnie me LSI-n\u00eb ndikuan n\u00eb zgjedhjet [&hellip;]<\/p>\n","protected":false,"gt_translate_keys":[{"key":"rendered","format":"html"}]},"author":32,"featured_media":464061,"comment_status":"closed","ping_status":"closed","sticky":false,"template":"","format":"standard","meta":{"footnotes":""},"categories":[65,13],"tags":[],"class_list":["post-464060","post","type-post","status-publish","format-standard","has-post-thumbnail","hentry","category-lajme","category-te-fundit"],"gt_translate_keys":[{"key":"link","format":"url"}],"_links":{"self":[{"href":"https:\/\/www.hashtag.al\/index.php\/wp-json\/wp\/v2\/posts\/464060","targetHints":{"allow":["GET"]}}],"collection":[{"href":"https:\/\/www.hashtag.al\/index.php\/wp-json\/wp\/v2\/posts"}],"about":[{"href":"https:\/\/www.hashtag.al\/index.php\/wp-json\/wp\/v2\/types\/post"}],"author":[{"embeddable":true,"href":"https:\/\/www.hashtag.al\/index.php\/wp-json\/wp\/v2\/users\/32"}],"replies":[{"embeddable":true,"href":"https:\/\/www.hashtag.al\/index.php\/wp-json\/wp\/v2\/comments?post=464060"}],"version-history":[{"count":0,"href":"https:\/\/www.hashtag.al\/index.php\/wp-json\/wp\/v2\/posts\/464060\/revisions"}],"wp:featuredmedia":[{"embeddable":true,"href":"https:\/\/www.hashtag.al\/index.php\/wp-json\/wp\/v2\/media\/464061"}],"wp:attachment":[{"href":"https:\/\/www.hashtag.al\/index.php\/wp-json\/wp\/v2\/media?parent=464060"}],"wp:term":[{"taxonomy":"category","embeddable":true,"href":"https:\/\/www.hashtag.al\/index.php\/wp-json\/wp\/v2\/categories?post=464060"},{"taxonomy":"post_tag","embeddable":true,"href":"https:\/\/www.hashtag.al\/index.php\/wp-json\/wp\/v2\/tags?post=464060"}],"curies":[{"name":"wp","href":"https:\/\/api.w.org\/{rel}","templated":true}]}}