{"id":463763,"date":"2021-07-25T16:27:51","date_gmt":"2021-07-25T14:27:51","guid":{"rendered":"https:\/\/hashtag.al\/?p=463763"},"modified":"2021-07-25T16:34:20","modified_gmt":"2021-07-25T14:34:20","slug":"gjimnastet-gjermane-e-bejne-fakt-te-kryer-veshin-kostumin-qe-ju-mbulon-kembet","status":"publish","type":"post","link":"https:\/\/www.hashtag.al\/index.php\/2021\/07\/25\/gjimnastet-gjermane-e-bejne-fakt-te-kryer-veshin-kostumin-qe-ju-mbulon-kembet\/","title":{"rendered":"Gjimnastet gjermane e b\u00ebjn\u00eb fakt t\u00eb kryer, veshin kostumin q\u00eb ju mbulon k\u00ebmb\u00ebt","gt_translate_keys":[{"key":"rendered","format":"text"}]},"content":{"rendered":"<div id=\"attachment_463764\" style=\"width: 970px\" class=\"wp-caption aligncenter\"><img loading=\"lazy\" decoding=\"async\" aria-describedby=\"caption-attachment-463764\" class=\"wp-image-463764 size-full\" src=\"https:\/\/hashtag.al\/wp-content\/uploads\/2021\/07\/gjimnaste.jpg\" alt=\"\" width=\"960\" height=\"647\" srcset=\"https:\/\/www.hashtag.al\/wp-content\/uploads\/2021\/07\/gjimnaste.jpg 960w, https:\/\/www.hashtag.al\/wp-content\/uploads\/2021\/07\/gjimnaste-300x202.jpg 300w, https:\/\/www.hashtag.al\/wp-content\/uploads\/2021\/07\/gjimnaste-768x518.jpg 768w\" sizes=\"auto, (max-width: 960px) 100vw, 960px\" \/><p id=\"caption-attachment-463764\" class=\"wp-caption-text\">Kostumi i zgjedhur nga gjimnastet<\/p><\/div>\n<p>Ashtu si\u00e7 kishin parashikuar se do b\u00ebnin dit\u00eb m\u00eb par\u00eb, gjimnastet gjermane q\u00eb po garojn\u00eb n\u00eb lojrat olimpike \u201cTokio 2020\u201d kan\u00eb veshur kostume q\u00eb ju mbulojn\u00eb krejt\u00ebsisht k\u00ebmb\u00ebt.<\/p>\n<p>Arsyeja? Sepse zgjedhja e tyre p\u00ebr t\u00eb veshur kostume t\u00eb gjata jep nj\u00eb mesazh m\u00eb t\u00eb thell\u00eb se prakticiteti: pozicionimin kund\u00ebr seksualizimit t\u00eb sportit dhe po ashtu tregon se grat\u00eb mund t\u00eb veshin \u00e7far\u00eb t\u00eb duan, raportojn\u00eb mediet nd\u00ebrkomb\u00ebtare.<\/p>\n<div id=\"attachment_463766\" style=\"width: 970px\" class=\"wp-caption aligncenter\"><img loading=\"lazy\" decoding=\"async\" aria-describedby=\"caption-attachment-463766\" class=\"wp-image-463766 size-full\" src=\"https:\/\/hashtag.al\/wp-content\/uploads\/2021\/07\/gjimnaste2.jpg\" alt=\"\" width=\"960\" height=\"540\" srcset=\"https:\/\/www.hashtag.al\/wp-content\/uploads\/2021\/07\/gjimnaste2.jpg 960w, https:\/\/www.hashtag.al\/wp-content\/uploads\/2021\/07\/gjimnaste2-300x169.jpg 300w, https:\/\/www.hashtag.al\/wp-content\/uploads\/2021\/07\/gjimnaste2-768x432.jpg 768w\" sizes=\"auto, (max-width: 960px) 100vw, 960px\" \/><p id=\"caption-attachment-463766\" class=\"wp-caption-text\">Kostumi i zgjedhur nga gjimnastet<\/p><\/div>\n<p>Skuadra p\u00ebrb\u00ebhet nga Sarah Voss, Pauline Schaefer-Betz, Elisabeth Seitz dhe Kim Bui. Gjimnastet vesh\u00ebn kostume t\u00eb gjata edhe n\u00eb Kampionatin Europian n\u00eb prill n\u00eb nj\u00eb l\u00ebvizje q\u00eb u mikprit edhe nga gjimnaste t\u00eb tjera gra.<\/p>\n<div id=\"attachment_463765\" style=\"width: 970px\" class=\"wp-caption aligncenter\"><img loading=\"lazy\" decoding=\"async\" aria-describedby=\"caption-attachment-463765\" class=\"wp-image-463765 size-full\" src=\"https:\/\/hashtag.al\/wp-content\/uploads\/2021\/07\/gjimnaste4.jpg\" alt=\"\" width=\"960\" height=\"649\" srcset=\"https:\/\/www.hashtag.al\/wp-content\/uploads\/2021\/07\/gjimnaste4.jpg 960w, https:\/\/www.hashtag.al\/wp-content\/uploads\/2021\/07\/gjimnaste4-300x203.jpg 300w, https:\/\/www.hashtag.al\/wp-content\/uploads\/2021\/07\/gjimnaste4-768x519.jpg 768w\" sizes=\"auto, (max-width: 960px) 100vw, 960px\" \/><p id=\"caption-attachment-463765\" class=\"wp-caption-text\">Kostumi standard i gjimnasteve<\/p><\/div>\n","protected":false,"gt_translate_keys":[{"key":"rendered","format":"html"}]},"excerpt":{"rendered":"<p>Ashtu si\u00e7 kishin parashikuar se do b\u00ebnin dit\u00eb m\u00eb par\u00eb, gjimnastet gjermane q\u00eb po garojn\u00eb n\u00eb lojrat olimpike \u201cTokio 2020\u201d kan\u00eb veshur kostume q\u00eb ju mbulojn\u00eb krejt\u00ebsisht k\u00ebmb\u00ebt. Arsyeja? Sepse zgjedhja e tyre p\u00ebr t\u00eb veshur kostume t\u00eb gjata jep nj\u00eb mesazh m\u00eb t\u00eb thell\u00eb se prakticiteti: pozicionimin kund\u00ebr seksualizimit t\u00eb sportit dhe po ashtu [&hellip;]<\/p>\n","protected":false,"gt_translate_keys":[{"key":"rendered","format":"html"}]},"author":51,"featured_media":463764,"comment_status":"closed","ping_status":"closed","sticky":false,"template":"","format":"standard","meta":{"footnotes":""},"categories":[65,6,134],"tags":[],"class_list":["post-463763","post","type-post","status-publish","format-standard","has-post-thumbnail","hentry","category-lajme","category-nderkombetare","category-sport"],"gt_translate_keys":[{"key":"link","format":"url"}],"_links":{"self":[{"href":"https:\/\/www.hashtag.al\/index.php\/wp-json\/wp\/v2\/posts\/463763","targetHints":{"allow":["GET"]}}],"collection":[{"href":"https:\/\/www.hashtag.al\/index.php\/wp-json\/wp\/v2\/posts"}],"about":[{"href":"https:\/\/www.hashtag.al\/index.php\/wp-json\/wp\/v2\/types\/post"}],"author":[{"embeddable":true,"href":"https:\/\/www.hashtag.al\/index.php\/wp-json\/wp\/v2\/users\/51"}],"replies":[{"embeddable":true,"href":"https:\/\/www.hashtag.al\/index.php\/wp-json\/wp\/v2\/comments?post=463763"}],"version-history":[{"count":0,"href":"https:\/\/www.hashtag.al\/index.php\/wp-json\/wp\/v2\/posts\/463763\/revisions"}],"wp:featuredmedia":[{"embeddable":true,"href":"https:\/\/www.hashtag.al\/index.php\/wp-json\/wp\/v2\/media\/463764"}],"wp:attachment":[{"href":"https:\/\/www.hashtag.al\/index.php\/wp-json\/wp\/v2\/media?parent=463763"}],"wp:term":[{"taxonomy":"category","embeddable":true,"href":"https:\/\/www.hashtag.al\/index.php\/wp-json\/wp\/v2\/categories?post=463763"},{"taxonomy":"post_tag","embeddable":true,"href":"https:\/\/www.hashtag.al\/index.php\/wp-json\/wp\/v2\/tags?post=463763"}],"curies":[{"name":"wp","href":"https:\/\/api.w.org\/{rel}","templated":true}]}}