{"id":463649,"date":"2021-07-24T20:52:06","date_gmt":"2021-07-24T18:52:06","guid":{"rendered":"https:\/\/hashtag.al\/?p=463649"},"modified":"2021-07-24T21:00:30","modified_gmt":"2021-07-24T19:00:30","slug":"plagosje-me-arme-zjarri-ne-tirane","status":"publish","type":"post","link":"https:\/\/www.hashtag.al\/index.php\/2021\/07\/24\/plagosje-me-arme-zjarri-ne-tirane\/","title":{"rendered":"Plagosje me arm\u00eb zjarri n\u00eb Tiran\u00eb","gt_translate_keys":[{"key":"rendered","format":"text"}]},"content":{"rendered":"<p><span style=\"color: #000000;\"><img loading=\"lazy\" decoding=\"async\" class=\"aligncenter size-full wp-image-266901\" src=\"https:\/\/hashtag.al\/wp-content\/uploads\/2019\/01\/policia-naten.jpg\" alt=\"\" width=\"633\" height=\"347\" srcset=\"https:\/\/www.hashtag.al\/wp-content\/uploads\/2019\/01\/policia-naten.jpg 633w, https:\/\/www.hashtag.al\/wp-content\/uploads\/2019\/01\/policia-naten-300x164.jpg 300w\" sizes=\"auto, (max-width: 633px) 100vw, 633px\" \/><\/span><\/p>\n<p><span style=\"color: #000000;\">T\u00eb sht\u00ebna me arm\u00eb jan\u00eb regjistruar n\u00eb Tiran\u00eb mbr\u00ebmjen e sotme.<\/span><\/p>\n<p><span style=\"color: #000000;\">Nga t\u00eb sht\u00ebnat dyshohet se jan\u00eb plagosur dy persona.<\/span><\/p>\n<p><span style=\"color: #000000;\">Plagosja e dyfisht\u00eb ka ndodhur n\u00eb rrug\u00ebn \u201cTodi Shkurti\u201d.<\/span><\/p>\n<p><span style=\"color: #000000;\">Paraprakisht dyshohet se plagosja ka ndodhur p\u00ebr shkak t\u00eb nj\u00eb konflikti.<\/span><\/p>\n<p><span style=\"color: #000000;\">Dy t\u00eb plagosurit jan\u00eb transportuar me makina t\u00eb rastit drejt spitalit. M\u00ebsohet se dy t\u00eb plagosurit jan\u00eb jasht\u00eb rrezikut p\u00ebr jet\u00ebn.<\/span><\/p>\n<p><span style=\"color: #000000;\">Grupi hetimor po sekuestron g\u00ebzhojat si dhe kamerat e siguris\u00eb q\u00eb do t\u00eb hedhin m\u00eb shum\u00eb drit\u00eb rreth ngjarjes.<\/span><\/p>\n","protected":false,"gt_translate_keys":[{"key":"rendered","format":"html"}]},"excerpt":{"rendered":"<p>T\u00eb sht\u00ebna me arm\u00eb jan\u00eb regjistruar n\u00eb Tiran\u00eb mbr\u00ebmjen e sotme. Nga t\u00eb sht\u00ebnat dyshohet se jan\u00eb plagosur dy persona. Plagosja e dyfisht\u00eb ka ndodhur n\u00eb rrug\u00ebn \u201cTodi Shkurti\u201d. Paraprakisht dyshohet se plagosja ka ndodhur p\u00ebr shkak t\u00eb nj\u00eb konflikti. Dy t\u00eb plagosurit jan\u00eb transportuar me makina t\u00eb rastit drejt spitalit. M\u00ebsohet se dy t\u00eb [&hellip;]<\/p>\n","protected":false,"gt_translate_keys":[{"key":"rendered","format":"html"}]},"author":32,"featured_media":266901,"comment_status":"closed","ping_status":"closed","sticky":false,"template":"","format":"standard","meta":{"footnotes":""},"categories":[65,13],"tags":[],"class_list":["post-463649","post","type-post","status-publish","format-standard","has-post-thumbnail","hentry","category-lajme","category-te-fundit"],"gt_translate_keys":[{"key":"link","format":"url"}],"_links":{"self":[{"href":"https:\/\/www.hashtag.al\/index.php\/wp-json\/wp\/v2\/posts\/463649","targetHints":{"allow":["GET"]}}],"collection":[{"href":"https:\/\/www.hashtag.al\/index.php\/wp-json\/wp\/v2\/posts"}],"about":[{"href":"https:\/\/www.hashtag.al\/index.php\/wp-json\/wp\/v2\/types\/post"}],"author":[{"embeddable":true,"href":"https:\/\/www.hashtag.al\/index.php\/wp-json\/wp\/v2\/users\/32"}],"replies":[{"embeddable":true,"href":"https:\/\/www.hashtag.al\/index.php\/wp-json\/wp\/v2\/comments?post=463649"}],"version-history":[{"count":0,"href":"https:\/\/www.hashtag.al\/index.php\/wp-json\/wp\/v2\/posts\/463649\/revisions"}],"wp:featuredmedia":[{"embeddable":true,"href":"https:\/\/www.hashtag.al\/index.php\/wp-json\/wp\/v2\/media\/266901"}],"wp:attachment":[{"href":"https:\/\/www.hashtag.al\/index.php\/wp-json\/wp\/v2\/media?parent=463649"}],"wp:term":[{"taxonomy":"category","embeddable":true,"href":"https:\/\/www.hashtag.al\/index.php\/wp-json\/wp\/v2\/categories?post=463649"},{"taxonomy":"post_tag","embeddable":true,"href":"https:\/\/www.hashtag.al\/index.php\/wp-json\/wp\/v2\/tags?post=463649"}],"curies":[{"name":"wp","href":"https:\/\/api.w.org\/{rel}","templated":true}]}}