{"id":463230,"date":"2021-07-22T11:38:51","date_gmt":"2021-07-22T09:38:51","guid":{"rendered":"https:\/\/hashtag.al\/?p=463230"},"modified":"2021-07-22T11:40:24","modified_gmt":"2021-07-22T09:40:24","slug":"kercenohet-gjyqtarja-ne-tirane-momenti-kur-forcat-e-policise-e-shtrijne-te-dyshuarin-pertoke-video","status":"publish","type":"post","link":"https:\/\/www.hashtag.al\/index.php\/2021\/07\/22\/kercenohet-gjyqtarja-ne-tirane-momenti-kur-forcat-e-policise-e-shtrijne-te-dyshuarin-pertoke-video\/","title":{"rendered":"K\u00ebrc\u00ebnohet gjyqtarja n\u00eb Tiran\u00eb, momenti kur forcat e Policis\u00eb e shtrijn\u00eb t\u00eb dyshuarin p\u00ebrtok\u00eb (VIDEO)","gt_translate_keys":[{"key":"rendered","format":"text"}]},"content":{"rendered":"<p><span style=\"color: #000000;\"><a href=\"https:\/\/hashtag.al\/wp-content\/uploads\/2021\/07\/leka-andri.jpg\"><img loading=\"lazy\" decoding=\"async\" class=\"aligncenter size-full wp-image-463232\" src=\"https:\/\/hashtag.al\/wp-content\/uploads\/2021\/07\/leka-andri.jpg\" alt=\"\" width=\"2000\" height=\"1000\" srcset=\"https:\/\/www.hashtag.al\/wp-content\/uploads\/2021\/07\/leka-andri.jpg 2000w, https:\/\/www.hashtag.al\/wp-content\/uploads\/2021\/07\/leka-andri-300x150.jpg 300w, https:\/\/www.hashtag.al\/wp-content\/uploads\/2021\/07\/leka-andri-768x384.jpg 768w, https:\/\/www.hashtag.al\/wp-content\/uploads\/2021\/07\/leka-andri-1024x512.jpg 1024w\" sizes=\"auto, (max-width: 2000px) 100vw, 2000px\" \/><\/a><\/span><\/p>\n<p><span style=\"color: #000000;\">Nj\u00eb gjyqtare n\u00eb Tiran\u00eb \u00ebsht\u00eb k\u00ebrc\u00ebnuar nga nj\u00eb 39-vje\u00e7ar. Incidenti sipas \u201cBalkanweb\u201d ka ndodhur n\u00eb zon\u00ebn e \u201cKomun\u00ebs s\u00eb Parisit\u201d n\u00eb kryeqytet.<\/span><\/p>\n<p><span style=\"color: #000000;\">Lidhur me ngjarjen, Policia ka v\u00ebn\u00eb n\u00eb pranga shtetasin Andri Leka, lindur n\u00eb Durr\u00ebs dhe banues n\u00eb Tiran\u00eb.\u00a0 Ai akuzohet p\u00ebr vepr\u00ebn penale \u201cKanosje e gjyqtarit\u201d. Megjithat\u00eb nuk dihet ende se kush \u00ebsht\u00eb gjyqtarja q\u00eb ka r\u00ebn\u00eb pre e k\u00ebrc\u00ebnimit.<\/span><\/p>\n<p><span style=\"color: #000000;\">N\u00eb videon e m\u00ebposhtme t\u00eb publikuar nga LSA, i dyshuari Andri Leka shihet i shtrir\u00eb p\u00ebrtok\u00eb nga forcat e policis\u00eb.<\/span><\/p>\n<div style=\"width: 640px;\" class=\"wp-video\"><video class=\"wp-video-shortcode\" id=\"video-463230-1\" width=\"640\" height=\"1130\" preload=\"metadata\" controls=\"controls\"><source type=\"video\/mp4\" src=\"https:\/\/hashtag.al\/wp-content\/uploads\/2021\/07\/Komuna.mp4?_=1\" \/><a href=\"https:\/\/hashtag.al\/wp-content\/uploads\/2021\/07\/Komuna.mp4\">https:\/\/hashtag.al\/wp-content\/uploads\/2021\/07\/Komuna.mp4<\/a><\/video><\/div>\n","protected":false,"gt_translate_keys":[{"key":"rendered","format":"html"}]},"excerpt":{"rendered":"<p>Nj\u00eb gjyqtare n\u00eb Tiran\u00eb \u00ebsht\u00eb k\u00ebrc\u00ebnuar nga nj\u00eb 39-vje\u00e7ar. Incidenti sipas \u201cBalkanweb\u201d ka ndodhur n\u00eb zon\u00ebn e \u201cKomun\u00ebs s\u00eb Parisit\u201d n\u00eb kryeqytet. Lidhur me ngjarjen, Policia ka v\u00ebn\u00eb n\u00eb pranga shtetasin Andri Leka, lindur n\u00eb Durr\u00ebs dhe banues n\u00eb Tiran\u00eb.\u00a0 Ai akuzohet p\u00ebr vepr\u00ebn penale \u201cKanosje e gjyqtarit\u201d. Megjithat\u00eb nuk dihet ende se kush \u00ebsht\u00eb [&hellip;]<\/p>\n","protected":false,"gt_translate_keys":[{"key":"rendered","format":"html"}]},"author":30,"featured_media":463232,"comment_status":"closed","ping_status":"closed","sticky":false,"template":"","format":"standard","meta":{"footnotes":""},"categories":[22,65,13],"tags":[],"class_list":["post-463230","post","type-post","status-publish","format-standard","has-post-thumbnail","hentry","category-ballina","category-lajme","category-te-fundit"],"gt_translate_keys":[{"key":"link","format":"url"}],"_links":{"self":[{"href":"https:\/\/www.hashtag.al\/index.php\/wp-json\/wp\/v2\/posts\/463230","targetHints":{"allow":["GET"]}}],"collection":[{"href":"https:\/\/www.hashtag.al\/index.php\/wp-json\/wp\/v2\/posts"}],"about":[{"href":"https:\/\/www.hashtag.al\/index.php\/wp-json\/wp\/v2\/types\/post"}],"author":[{"embeddable":true,"href":"https:\/\/www.hashtag.al\/index.php\/wp-json\/wp\/v2\/users\/30"}],"replies":[{"embeddable":true,"href":"https:\/\/www.hashtag.al\/index.php\/wp-json\/wp\/v2\/comments?post=463230"}],"version-history":[{"count":0,"href":"https:\/\/www.hashtag.al\/index.php\/wp-json\/wp\/v2\/posts\/463230\/revisions"}],"wp:featuredmedia":[{"embeddable":true,"href":"https:\/\/www.hashtag.al\/index.php\/wp-json\/wp\/v2\/media\/463232"}],"wp:attachment":[{"href":"https:\/\/www.hashtag.al\/index.php\/wp-json\/wp\/v2\/media?parent=463230"}],"wp:term":[{"taxonomy":"category","embeddable":true,"href":"https:\/\/www.hashtag.al\/index.php\/wp-json\/wp\/v2\/categories?post=463230"},{"taxonomy":"post_tag","embeddable":true,"href":"https:\/\/www.hashtag.al\/index.php\/wp-json\/wp\/v2\/tags?post=463230"}],"curies":[{"name":"wp","href":"https:\/\/api.w.org\/{rel}","templated":true}]}}