{"id":462960,"date":"2021-07-20T16:38:21","date_gmt":"2021-07-20T14:38:21","guid":{"rendered":"https:\/\/hashtag.al\/?p=462960"},"modified":"2021-07-20T16:38:21","modified_gmt":"2021-07-20T14:38:21","slug":"dy-shqiptare-nga-kosova-humben-jeten-nga-permbytjet-ne-gjermani","status":"publish","type":"post","link":"https:\/\/www.hashtag.al\/index.php\/2021\/07\/20\/dy-shqiptare-nga-kosova-humben-jeten-nga-permbytjet-ne-gjermani\/","title":{"rendered":"Dy shqiptar\u00eb nga Kosova humb\u00ebn jet\u00ebn nga p\u00ebrmbytjet n\u00eb Gjermani","gt_translate_keys":[{"key":"rendered","format":"text"}]},"content":{"rendered":"<p><span style=\"color: #000000;\"><img loading=\"lazy\" decoding=\"async\" class=\"aligncenter size-full wp-image-462961\" src=\"https:\/\/hashtag.al\/wp-content\/uploads\/2021\/07\/permbytje-2.jpg\" alt=\"\" width=\"900\" height=\"658\" srcset=\"https:\/\/www.hashtag.al\/wp-content\/uploads\/2021\/07\/permbytje-2.jpg 900w, https:\/\/www.hashtag.al\/wp-content\/uploads\/2021\/07\/permbytje-2-300x219.jpg 300w, https:\/\/www.hashtag.al\/wp-content\/uploads\/2021\/07\/permbytje-2-768x561.jpg 768w\" sizes=\"auto, (max-width: 900px) 100vw, 900px\" \/><\/span><\/p>\n<p><span style=\"color: #000000;\">Dy shqiptar\u00eb t\u00eb Kosov\u00ebs kan\u00eb humbur jet\u00ebn nga p\u00ebrmbytjet e r\u00ebnda q\u00eb godit\u00ebn Gjermanin\u00eb dit\u00ebt e fundit. <\/span><\/p>\n<p><span style=\"color: #000000;\">Sipas Ministris\u00eb s\u00eb Jashtme, nj\u00ebri prejt tyre kishte shtet\u00ebsi gjermane. <\/span><\/p>\n<p><span style=\"color: #000000;\">Nj\u00ebra nga viktimat \u00ebsht\u00eb nj\u00eb vajz\u00eb e re i identifikuar si Vanessa Koxha nd\u00ebrsa njoftimin p\u00ebr vdekjen e saj e ka b\u00ebr\u00eb i ati n\u00eb rrjetet sociale. <\/span><\/p>\n<p><span style=\"color: #000000;\">Gjermania e Belgjika u godit\u00ebn r\u00ebnd\u00eb nga p\u00ebrmbytjet e dit\u00ebve t\u00eb fundit q\u00eb lan\u00eb pas m\u00eb shum\u00eb se 180 viktima, qindra t\u00eb l\u00ebnduar e d\u00ebme t\u00eb m\u00ebdha materiale.<\/span><\/p>\n","protected":false,"gt_translate_keys":[{"key":"rendered","format":"html"}]},"excerpt":{"rendered":"<p>Dy shqiptar\u00eb t\u00eb Kosov\u00ebs kan\u00eb humbur jet\u00ebn nga p\u00ebrmbytjet e r\u00ebnda q\u00eb godit\u00ebn Gjermanin\u00eb dit\u00ebt e fundit. Sipas Ministris\u00eb s\u00eb Jashtme, nj\u00ebri prejt tyre kishte shtet\u00ebsi gjermane. Nj\u00ebra nga viktimat \u00ebsht\u00eb nj\u00eb vajz\u00eb e re i identifikuar si Vanessa Koxha nd\u00ebrsa njoftimin p\u00ebr vdekjen e saj e ka b\u00ebr\u00eb i ati n\u00eb rrjetet sociale. Gjermania [&hellip;]<\/p>\n","protected":false,"gt_translate_keys":[{"key":"rendered","format":"html"}]},"author":51,"featured_media":462961,"comment_status":"closed","ping_status":"closed","sticky":false,"template":"","format":"standard","meta":{"footnotes":""},"categories":[149],"tags":[],"class_list":["post-462960","post","type-post","status-publish","format-standard","has-post-thumbnail","hentry","category-kosoverajon"],"gt_translate_keys":[{"key":"link","format":"url"}],"_links":{"self":[{"href":"https:\/\/www.hashtag.al\/index.php\/wp-json\/wp\/v2\/posts\/462960","targetHints":{"allow":["GET"]}}],"collection":[{"href":"https:\/\/www.hashtag.al\/index.php\/wp-json\/wp\/v2\/posts"}],"about":[{"href":"https:\/\/www.hashtag.al\/index.php\/wp-json\/wp\/v2\/types\/post"}],"author":[{"embeddable":true,"href":"https:\/\/www.hashtag.al\/index.php\/wp-json\/wp\/v2\/users\/51"}],"replies":[{"embeddable":true,"href":"https:\/\/www.hashtag.al\/index.php\/wp-json\/wp\/v2\/comments?post=462960"}],"version-history":[{"count":0,"href":"https:\/\/www.hashtag.al\/index.php\/wp-json\/wp\/v2\/posts\/462960\/revisions"}],"wp:featuredmedia":[{"embeddable":true,"href":"https:\/\/www.hashtag.al\/index.php\/wp-json\/wp\/v2\/media\/462961"}],"wp:attachment":[{"href":"https:\/\/www.hashtag.al\/index.php\/wp-json\/wp\/v2\/media?parent=462960"}],"wp:term":[{"taxonomy":"category","embeddable":true,"href":"https:\/\/www.hashtag.al\/index.php\/wp-json\/wp\/v2\/categories?post=462960"},{"taxonomy":"post_tag","embeddable":true,"href":"https:\/\/www.hashtag.al\/index.php\/wp-json\/wp\/v2\/tags?post=462960"}],"curies":[{"name":"wp","href":"https:\/\/api.w.org\/{rel}","templated":true}]}}