{"id":462809,"date":"2021-07-19T23:00:30","date_gmt":"2021-07-19T21:00:30","guid":{"rendered":"https:\/\/hashtag.al\/?p=462809"},"modified":"2021-07-19T23:00:30","modified_gmt":"2021-07-19T21:00:30","slug":"ministrja-e-jashtme-e-kosoves-paralajmeron-lajme-te-mira-nga-greqia-per-njohje","status":"publish","type":"post","link":"https:\/\/www.hashtag.al\/index.php\/2021\/07\/19\/ministrja-e-jashtme-e-kosoves-paralajmeron-lajme-te-mira-nga-greqia-per-njohje\/","title":{"rendered":"Ministrja e Jashtme e Kosov\u00ebs paralajm\u00ebron lajme t\u00eb mira nga Greqia p\u00ebr njohje","gt_translate_keys":[{"key":"rendered","format":"text"}]},"content":{"rendered":"<p><span style=\"color: #000000;\"><img loading=\"lazy\" decoding=\"async\" class=\"aligncenter size-full wp-image-462810\" src=\"https:\/\/hashtag.al\/wp-content\/uploads\/2021\/07\/donika-gervalla.jpg\" alt=\"\" width=\"850\" height=\"481\" srcset=\"https:\/\/www.hashtag.al\/wp-content\/uploads\/2021\/07\/donika-gervalla.jpg 850w, https:\/\/www.hashtag.al\/wp-content\/uploads\/2021\/07\/donika-gervalla-300x170.jpg 300w, https:\/\/www.hashtag.al\/wp-content\/uploads\/2021\/07\/donika-gervalla-768x435.jpg 768w\" sizes=\"auto, (max-width: 850px) 100vw, 850px\" \/><\/span><\/p>\n<p><span style=\"color: #000000;\">Ministrja e Jashtme e Kosov\u00ebs, Donika G\u00ebrvalla, ka th\u00ebn\u00eb se marr\u00ebdh\u00ebniet e Kosov\u00ebs me Greqin\u00eb ka p\u00ebsuar ngritje t\u00eb leht\u00eb, derisa ka shtuar se po priten lajme t\u00eb mira nga ky shtet.<\/span><\/p>\n<p><span style=\"color: #000000;\">G\u00ebrvalla n\u00eb nj\u00eb intervist\u00eb p\u00ebr Radio Televizionin e Kosov\u00ebs (RTK) ka th\u00ebn\u00eb se nuk mund t\u00eb precizoj\u00eb koh\u00ebn se kur do vijn\u00eb k\u00ebto lajme.<\/span><\/p>\n<p><span style=\"color: #000000;\">\u201c<em>Me Greqin\u00eb jemi n\u00eb rrug\u00eb t\u00eb mir\u00eb p\u00ebr\u00a0 konsolidim t\u00eb p\u00ebrfaq\u00ebsimit ton\u00eb. Kemi pasur nj\u00eb ngritje t\u00eb leht\u00eb t\u00eb k\u00ebtij p\u00ebrfaq\u00ebsimi dhe jemi n\u00eb bisedime e sip\u00ebr q\u00eb k\u00ebt\u00eb p\u00ebrfaq\u00ebsim ta forcojm\u00eb dhe konsolidojm\u00eb edhe m\u00eb shum\u00eb. Un\u00eb nuk mund t\u00eb them as data, as muaj e as jav\u00eb, sepse nuk \u00ebsht\u00eb serioze t\u00eb flasim p\u00ebr gj\u00ebra q\u00eb mund t\u00eb ndodhin n\u00eb t\u00eb ardhmen duke spekuluar me data se kur mund t\u00eb ndodhin. Por mund t\u00eb ju them se jemi n\u00eb nj\u00eb rrug\u00eb tep\u00ebr t\u00eb mir\u00eb me Greqin\u00eb. S\u00eb shpejti do t\u00eb kemi lajme t\u00eb mira nga Greqia<\/em>\u201d, tha ajo.<\/span><\/p>\n<p><span style=\"color: #000000;\">Ministrja e Pun\u00ebve t\u00eb Jashtme dhe Diaspor\u00ebs ka th\u00ebn\u00eb se po bashk\u00ebpunon edhe me shtetet tjera an\u00ebtare t\u00eb BE-s\u00eb e t\u00eb cilat ende nuk e kan\u00eb njohur pavar\u00ebsin\u00eb e Kosov\u00ebs.<\/span><\/p>\n<p><span style=\"color: #000000;\">\u201c<em>Jam takuar edhe me homolog\u00eb t\u00eb tjer\u00eb q\u00eb ndodhen n\u00eb k\u00ebt\u00eb 5 e BE- s\u00eb e q\u00eb ende nuk na kan\u00eb njohur. Natyrisht se un\u00eb ata nuk i kam v\u00ebn\u00eb me shpatulla p\u00ebr muri duke iu th\u00ebn\u00eb q\u00eb ju duhet t\u00eb na njihni, por kam apeluar q\u00eb njohja do t\u00eb ishte nj\u00eb hap shum\u00eb i r\u00ebnd\u00ebsish\u00ebm n\u00eb rrug\u00ebn ton\u00eb drejt BE-s\u00eb. N\u00eb t\u00eb nj\u00ebjt\u00ebn koh\u00eb kam ofruar q\u00eb t\u00eb kemi marr\u00ebdh\u00ebnie bilaterale n\u00eb t\u00eb gjitha fushat e tjera. Pasi vler\u00ebsojm\u00eb se pasi t\u00eb kemi marr\u00ebdh\u00ebnie t\u00eb konsoliduar n\u00eb fusha tjera dikur mund ta hapim edhe tem\u00ebn e njohjes e cila do t\u00eb ket\u00eb sukses. Un\u00eb nuk dyshoj se do t\u00eb kemi njohje nga k\u00ebto shtete por nuk mund t\u00eb them kur. Por jemi n\u00eb rrug\u00eb t\u00eb mbar\u00eb\u201d<\/em>, shtoi ajo.<\/span><\/p>\n<p>&nbsp;<\/p>\n","protected":false,"gt_translate_keys":[{"key":"rendered","format":"html"}]},"excerpt":{"rendered":"<p>Ministrja e Jashtme e Kosov\u00ebs, Donika G\u00ebrvalla, ka th\u00ebn\u00eb se marr\u00ebdh\u00ebniet e Kosov\u00ebs me Greqin\u00eb ka p\u00ebsuar ngritje t\u00eb leht\u00eb, derisa ka shtuar se po priten lajme t\u00eb mira nga ky shtet. G\u00ebrvalla n\u00eb nj\u00eb intervist\u00eb p\u00ebr Radio Televizionin e Kosov\u00ebs (RTK) ka th\u00ebn\u00eb se nuk mund t\u00eb precizoj\u00eb koh\u00ebn se kur do vijn\u00eb k\u00ebto [&hellip;]<\/p>\n","protected":false,"gt_translate_keys":[{"key":"rendered","format":"html"}]},"author":32,"featured_media":462810,"comment_status":"closed","ping_status":"closed","sticky":false,"template":"","format":"standard","meta":{"footnotes":""},"categories":[149,13],"tags":[],"class_list":["post-462809","post","type-post","status-publish","format-standard","has-post-thumbnail","hentry","category-kosoverajon","category-te-fundit"],"gt_translate_keys":[{"key":"link","format":"url"}],"_links":{"self":[{"href":"https:\/\/www.hashtag.al\/index.php\/wp-json\/wp\/v2\/posts\/462809","targetHints":{"allow":["GET"]}}],"collection":[{"href":"https:\/\/www.hashtag.al\/index.php\/wp-json\/wp\/v2\/posts"}],"about":[{"href":"https:\/\/www.hashtag.al\/index.php\/wp-json\/wp\/v2\/types\/post"}],"author":[{"embeddable":true,"href":"https:\/\/www.hashtag.al\/index.php\/wp-json\/wp\/v2\/users\/32"}],"replies":[{"embeddable":true,"href":"https:\/\/www.hashtag.al\/index.php\/wp-json\/wp\/v2\/comments?post=462809"}],"version-history":[{"count":0,"href":"https:\/\/www.hashtag.al\/index.php\/wp-json\/wp\/v2\/posts\/462809\/revisions"}],"wp:featuredmedia":[{"embeddable":true,"href":"https:\/\/www.hashtag.al\/index.php\/wp-json\/wp\/v2\/media\/462810"}],"wp:attachment":[{"href":"https:\/\/www.hashtag.al\/index.php\/wp-json\/wp\/v2\/media?parent=462809"}],"wp:term":[{"taxonomy":"category","embeddable":true,"href":"https:\/\/www.hashtag.al\/index.php\/wp-json\/wp\/v2\/categories?post=462809"},{"taxonomy":"post_tag","embeddable":true,"href":"https:\/\/www.hashtag.al\/index.php\/wp-json\/wp\/v2\/tags?post=462809"}],"curies":[{"name":"wp","href":"https:\/\/api.w.org\/{rel}","templated":true}]}}