{"id":462085,"date":"2021-07-16T10:41:08","date_gmt":"2021-07-16T08:41:08","guid":{"rendered":"https:\/\/hashtag.al\/?p=462085"},"modified":"2021-07-16T10:41:08","modified_gmt":"2021-07-16T08:41:08","slug":"mateo-salvini-per-mua-shqiperia-te-jete-e-para-qe-anetaresohet-ne-be-mbaj-flamurin-kuqezi-ne-zyre","status":"publish","type":"post","link":"https:\/\/www.hashtag.al\/index.php\/2021\/07\/16\/mateo-salvini-per-mua-shqiperia-te-jete-e-para-qe-anetaresohet-ne-be-mbaj-flamurin-kuqezi-ne-zyre\/","title":{"rendered":"Mateo Salvini: P\u00ebr mua Shqip\u00ebria t\u00eb jet\u00eb e para q\u00eb an\u00ebtar\u00ebsohet n\u00eb BE, mbaj flamurin kuqezi n\u00eb zyr\u00eb","gt_translate_keys":[{"key":"rendered","format":"text"}]},"content":{"rendered":"<p><a href=\"https:\/\/hashtag.al\/wp-content\/uploads\/2021\/07\/Salvini.jpg\"><img loading=\"lazy\" decoding=\"async\" class=\"aligncenter size-full wp-image-462086\" src=\"https:\/\/hashtag.al\/wp-content\/uploads\/2021\/07\/Salvini.jpg\" alt=\"\" width=\"556\" height=\"296\" srcset=\"https:\/\/www.hashtag.al\/wp-content\/uploads\/2021\/07\/Salvini.jpg 556w, https:\/\/www.hashtag.al\/wp-content\/uploads\/2021\/07\/Salvini-300x160.jpg 300w, https:\/\/www.hashtag.al\/wp-content\/uploads\/2021\/07\/Salvini-555x296.jpg 555w\" sizes=\"auto, (max-width: 556px) 100vw, 556px\" \/><\/a><\/p>\n<p><span style=\"color: #000000;\">Kreu i partis\u00eb Lidhja dhe ish-ministri i Brendsh\u00ebm italian, Matteo Salvini, ka dh\u00ebn\u00eb opinionin e tij mbi shtyrjen e hapjes s\u00eb negociatave me Shqip\u00ebrin\u00eb nga Bashkimi Evropian.<\/span><\/p>\n<p><span style=\"color: #000000;\">N\u00eb nj\u00eb intervist\u00eb p\u00ebr gazetaren Alba Kepi t\u00eb<span style=\"color: #0000ff;\"><a style=\"color: #0000ff;\" href=\"https:\/\/www.oranews.tv\/bota\/matteo-salvini-per-rtv-ora-shqiperia-e-serbia-duhet-te-jene-te-parat-qe-te--i1002353?fbclid=IwAR05av8d7qTEdSJZkBH8K3waEM0DtKVeGWZGoZx7ENe3Nf-yJSCa9K107No#.YPBETi6RHlQ.facebook\"> RTV Ora<\/a><\/span>, Salvini u shpreh se nga raportet me Shqip\u00ebrin\u00eb sipas k\u00ebndv\u00ebshtrimit t\u00eb tij i sjell p\u00ebrfitime BE-s\u00eb. Ai u shpreh se ka miq shum\u00eb t\u00eb mir\u00eb n\u00eb Shqip\u00ebri dhe se kryeministri Edi Rama ka qen\u00eb i pari q\u00eb e uroi p\u00ebr fitoren e Italis\u00eb n\u00eb \u201cEuro 2020\u201d.<\/span><\/p>\n<p><span style=\"color: #000000;\"><em>\u201cMarr\u00ebdh\u00ebniet mes Shqip\u00ebris\u00eb e Italis\u00eb jan\u00eb antike, solide, leale. Kam miq t\u00eb mir\u00eb n\u00eb Shqip\u00ebri dhe n\u00eb qeverisjen aktuale e po ju them nj\u00eb kuriozitet se Kryeministri shqiptar, qe i pari q\u00eb m\u00eb d\u00ebrgoj urimet p\u00ebr fitoren e Italis\u00eb si kampione e Evrop\u00ebs dhe e falenderoj. D\u00ebgjohemi shpesh me t\u00eb, m\u00eb ka ftuar n\u00eb Shqip\u00ebri dhe mendoj se shum\u00eb shpejt do t\u00eb vizitoj vendit tuaj.<\/em><\/span><\/p>\n<p><span style=\"color: #000000;\"><em>Mendoj se Evropa ka t\u00eb gjith\u00eb interesin q\u00eb duhet p\u00ebr t\u00eb vazhduar marr\u00ebdh\u00ebniet e mira me vende mike e vende t\u00eb reja. Shqip\u00ebria \u00ebsht\u00eb nj\u00eb vend q\u00eb po rritet ekonomikisht, si dhe n\u00eb kultur\u00eb e n\u00eb t\u00eb gjitha k\u00ebndv\u00ebshtrimet. Vet\u00ebm mund t\u00eb p\u00ebrfitojm\u00eb nga shtimi e rritja e raportit me k\u00ebto vende si Shqip\u00ebria ashtu dhe Serbia, jan\u00eb vende pran\u00eb q\u00eb na lidh historia e kultura e shpresoj tek e ardhmja.\u201d-<\/em> deklaroi Salvini.<\/span><\/p>\n<p><span style=\"color: #000000;\">Ai u shpreh se vendet si Shqip\u00ebria e si Serbia q\u00eb jan\u00eb m\u00eb pran\u00eb vendeve t\u00eb BE-s\u00eb p\u00ebr nga historia, gjuha e kultura duhet t\u00eb jen\u00eb t\u00eb parat q\u00eb bashkohen n\u00eb krahasim me Turqin\u00eb. Por theksoi se ka disa norma t\u00eb BE-s\u00eb q\u00eb p\u00ebrb\u00ebjn\u00eb pengesa.<\/span><\/p>\n<p><span style=\"color: #000000;\"><em>\u201cN\u00eb t\u00eb shkuar\u00ebn Bashkimi Evropian \u00ebsht\u00eb zgjeruar shum\u00eb shpejt (kufijt\u00eb e saj), pa u pasur baz\u00eb solide e rr\u00ebnj\u00eb solide. Prej shum\u00eb vitesh po arsyeton p\u00ebr\u00a0pranimin e vendeve shum\u00eb m\u00eb t\u00eb larg\u00ebta me ne nga t\u00eb gjitha k\u00ebndv\u00ebshtrimet, dhe e them me respekt, p\u00ebr vende si Turqia. Nd\u00ebrsa vendet m\u00eb pran\u00eb nesh p\u00ebr nga historia, gjuha, kultura, ekonomia si Shqip\u00ebria e Serbia, duhet t\u00eb jen\u00eb t\u00eb parat sipas mendimit tim. Por kujdes e po ju paralajm\u00ebroj se disa norma t\u00eb funksionimit t\u00eb Bashkimit Evropian, ka raste q\u00eb jan\u00eb pengesa. Por mendoj se n\u00ebse familja zgjerohet do t\u00eb jet\u00eb nj\u00eb gj\u00eb pozitive p\u00ebr t\u00eb dyja pal\u00ebt.\u201d-<\/em> tha kreu i partis\u00eb Lidhja.<\/span><\/p>\n<p><span style=\"color: #000000;\">Nj\u00eb tjet\u00ebr \u00e7\u00ebshtje p\u00ebr t\u00eb cil\u00ebn u pyet Salvini \u00ebsht\u00eb lidhur me q\u00ebndrimin e tij ndaj emigrant\u00ebve. Ai u shpreh se ka respekt p\u00ebr emigrant\u00ebt shqiptar\u00eb t\u00eb cil\u00ebt jan\u00eb t\u00eb integruarit m\u00eb mir\u00eb n\u00eb Itali. Ai madje zbuloi se mbante nj\u00eb flamur shqiptar n\u00eb zyr\u00ebn e tij.<\/span><\/p>\n<p><span style=\"color: #000000;\"><em>\u201cAbsolutisht jo nuk e kam me shqiptar\u00ebt. Komuniteti i emigrant\u00ebve shqiptar\u00eb \u00ebsht\u00eb nd\u00ebr m\u00eb t\u00eb integruarit mir\u00eb n\u00eb Itali e nd\u00ebr m\u00eb t\u00eb shumtat n\u00eb num\u00ebr. N\u00eb Milanon time kam, n\u00eb zyr\u00ebn time, ndoshta do kemi mund\u00ebsi t\u00eb b\u00ebjm\u00eb nj\u00eb intervist\u00eb dhe aty, kam nj\u00eb flamur shqiptar q\u00eb m\u00eb \u00ebsht\u00eb dhuruar nga disa an\u00ebtar\u00eb t\u00eb komunitetit tuaj. E tashm\u00eb kam kuptuar se pas fotografive m\u00eb k\u00ebrkojn\u00eb t\u00eb p\u00ebrsh\u00ebndes duke kryq\u00ebzuar duart si shqiponja. Uroj t\u00eb takohemi n\u00eb Shqip\u00ebri, kam d\u00ebshir\u00eb ta vizitoj vendit tuaj pasi nuk kam qen\u00eb kurr\u00eb me shpres\u00ebn se nuk do t\u00eb kemi m\u00eb probleme me Covid e kufizime l\u00ebvizjesh.\u201d-<\/em> shprehet ai.<\/span><\/p>\n","protected":false,"gt_translate_keys":[{"key":"rendered","format":"html"}]},"excerpt":{"rendered":"<p>Kreu i partis\u00eb Lidhja dhe ish-ministri i Brendsh\u00ebm italian, Matteo Salvini, ka dh\u00ebn\u00eb opinionin e tij mbi shtyrjen e hapjes s\u00eb negociatave me Shqip\u00ebrin\u00eb nga Bashkimi Evropian. N\u00eb nj\u00eb intervist\u00eb p\u00ebr gazetaren Alba Kepi t\u00eb RTV Ora, Salvini u shpreh se nga raportet me Shqip\u00ebrin\u00eb sipas k\u00ebndv\u00ebshtrimit t\u00eb tij i sjell p\u00ebrfitime BE-s\u00eb. Ai u [&hellip;]<\/p>\n","protected":false,"gt_translate_keys":[{"key":"rendered","format":"html"}]},"author":30,"featured_media":462086,"comment_status":"closed","ping_status":"closed","sticky":false,"template":"","format":"standard","meta":{"footnotes":""},"categories":[65,13],"tags":[],"class_list":["post-462085","post","type-post","status-publish","format-standard","has-post-thumbnail","hentry","category-lajme","category-te-fundit"],"gt_translate_keys":[{"key":"link","format":"url"}],"_links":{"self":[{"href":"https:\/\/www.hashtag.al\/index.php\/wp-json\/wp\/v2\/posts\/462085","targetHints":{"allow":["GET"]}}],"collection":[{"href":"https:\/\/www.hashtag.al\/index.php\/wp-json\/wp\/v2\/posts"}],"about":[{"href":"https:\/\/www.hashtag.al\/index.php\/wp-json\/wp\/v2\/types\/post"}],"author":[{"embeddable":true,"href":"https:\/\/www.hashtag.al\/index.php\/wp-json\/wp\/v2\/users\/30"}],"replies":[{"embeddable":true,"href":"https:\/\/www.hashtag.al\/index.php\/wp-json\/wp\/v2\/comments?post=462085"}],"version-history":[{"count":0,"href":"https:\/\/www.hashtag.al\/index.php\/wp-json\/wp\/v2\/posts\/462085\/revisions"}],"wp:featuredmedia":[{"embeddable":true,"href":"https:\/\/www.hashtag.al\/index.php\/wp-json\/wp\/v2\/media\/462086"}],"wp:attachment":[{"href":"https:\/\/www.hashtag.al\/index.php\/wp-json\/wp\/v2\/media?parent=462085"}],"wp:term":[{"taxonomy":"category","embeddable":true,"href":"https:\/\/www.hashtag.al\/index.php\/wp-json\/wp\/v2\/categories?post=462085"},{"taxonomy":"post_tag","embeddable":true,"href":"https:\/\/www.hashtag.al\/index.php\/wp-json\/wp\/v2\/tags?post=462085"}],"curies":[{"name":"wp","href":"https:\/\/api.w.org\/{rel}","templated":true}]}}