{"id":462017,"date":"2021-07-15T21:50:39","date_gmt":"2021-07-15T19:50:39","guid":{"rendered":"https:\/\/hashtag.al\/?p=462017"},"modified":"2021-07-15T21:50:39","modified_gmt":"2021-07-15T19:50:39","slug":"varreze-ne-permet-i-perket-viktimave-te-komunizmit-reagon-ministria-e-kultures-eshte-mesjetare","status":"publish","type":"post","link":"https:\/\/www.hashtag.al\/index.php\/2021\/07\/15\/varreze-ne-permet-i-perket-viktimave-te-komunizmit-reagon-ministria-e-kultures-eshte-mesjetare\/","title":{"rendered":"Varrez\u00eb n\u00eb P\u00ebrmet i p\u00ebrket viktimave t\u00eb Komunizmit? Reagon Ministria e Kultur\u00ebs: \u00cbsht\u00eb mesjetare","gt_translate_keys":[{"key":"rendered","format":"text"}]},"content":{"rendered":"<p><span style=\"color: #000000;\"><img loading=\"lazy\" decoding=\"async\" class=\"aligncenter size-full wp-image-462018\" src=\"https:\/\/hashtag.al\/wp-content\/uploads\/2021\/07\/permet.jpg\" alt=\"\" width=\"1024\" height=\"682\" srcset=\"https:\/\/www.hashtag.al\/wp-content\/uploads\/2021\/07\/permet.jpg 1024w, https:\/\/www.hashtag.al\/wp-content\/uploads\/2021\/07\/permet-300x200.jpg 300w, https:\/\/www.hashtag.al\/wp-content\/uploads\/2021\/07\/permet-768x512.jpg 768w\" sizes=\"auto, (max-width: 1024px) 100vw, 1024px\" \/><\/span><\/p>\n<p><span style=\"color: #000000;\">Dit\u00ebn e sotme u raportua se n\u00eb P\u00ebrmet gjat\u00eb punimeve u zbulua nj\u00eb varr masiv.<\/span><\/p>\n<p><span style=\"color: #000000;\">Shoqata e ish-t\u00eb p\u00ebrndjekurve politik\u00eb n\u00ebp\u00ebrmjet p\u00ebrfaq\u00ebsuesit t\u00eb saj Nebil \u00c7ika pretendoi se kishte t\u00eb b\u00ebnte me viktimat e koh\u00ebs s\u00eb komunizmit t\u00eb pushkatuara nga regjimi i asaj kohe.<\/span><\/p>\n<p><span style=\"color: #000000;\">Por Ministria e Kultur\u00ebs ka reaguar mbr\u00ebmjen e sotme duke th\u00ebn\u00eb se ky varr \u00ebsht\u00eb zbuluar nj\u00eb jav\u00eb m\u00eb par\u00eb<\/span><\/p>\n<p><span style=\"color: #000000;\">Sipas saj specialist\u00ebt e Drejtoris\u00eb Rajonale t\u00eb Trash\u00ebgimis\u00eb Kulturore, Gjirokast\u00ebr pezulluan punimet n\u00eb e projektit \u201cTask 5\u201d dhe pas rezultateve paraprake mendohet se \u00ebsht\u00eb varrez\u00eb e periudh\u00ebs mesjetare.<\/span><\/p>\n<p><span style=\"color: #000000;\"><strong><img loading=\"lazy\" decoding=\"async\" class=\"aligncenter size-full wp-image-462019\" src=\"https:\/\/hashtag.al\/wp-content\/uploads\/2021\/07\/216509757_2969155843328008_4751178686591105957_n.jpg\" alt=\"\" width=\"1024\" height=\"682\" srcset=\"https:\/\/www.hashtag.al\/wp-content\/uploads\/2021\/07\/216509757_2969155843328008_4751178686591105957_n.jpg 1024w, https:\/\/www.hashtag.al\/wp-content\/uploads\/2021\/07\/216509757_2969155843328008_4751178686591105957_n-300x200.jpg 300w, https:\/\/www.hashtag.al\/wp-content\/uploads\/2021\/07\/216509757_2969155843328008_4751178686591105957_n-768x512.jpg 768w\" sizes=\"auto, (max-width: 1024px) 100vw, 1024px\" \/><\/strong><\/span><\/p>\n<p><span style=\"color: #000000;\"><strong>Reagimi i Ministris\u00eb s\u00eb Kultur\u00ebs:<\/strong><\/span><\/p>\n<p><span style=\"color: #000000;\">Nj\u00eb varrez\u00eb mesjetare zbulohet n\u00eb P\u00ebrmet!<\/span><\/p>\n<p><span style=\"color: #000000;\">Gjat\u00eb monitorimit t\u00eb punimeve p\u00ebr zbatimin e projektit Task 5, &#8220;P\u00ebr zhvillimin e integruar urban dhe turistik Berat- P\u00ebrmet&#8221;, dol\u00ebn n\u00eb drit\u00eb disa varre.<\/span><\/p>\n<p><span style=\"color: #000000;\">Drejtoria Rajonale e Trash\u00ebgimis\u00eb Kulturore, Gjirokast\u00ebr nd\u00ebrmori menj\u00ebher\u00eb pezullimin e punimeve, dhe n\u00eb dat\u00ebn 07.07.2021 specialist\u00ebt tan\u00eb realizuan inspektimin dhe vler\u00ebsimin e gjetjeve arkeologjike n\u00eb terren.<\/span><\/p>\n<p><span style=\"color: #000000;\">Nga rezultatet paraprake mendohet se kemi t\u00eb b\u00ebjm\u00eb me nj\u00eb varrez\u00eb t\u00eb periudh\u00ebs mesjetare.<\/span><\/p>\n<p><span style=\"color: #000000;\">N\u00eb mbledhjen e djeshme t\u00eb K\u00ebshilit Komb\u00ebtar t\u00eb Trash\u00ebgimis\u00eb Kulturore Materiale u diskutua dhe u p\u00ebrcaktua kryerja e g\u00ebrmimit arkeologjik t\u00eb shp\u00ebtimit nga ana e Institutit Komb\u00ebtar t\u00eb Trash\u00ebgimis\u00eb, p\u00ebr varrez\u00ebn e identifikuar.<\/span><\/p>\n<p><span style=\"color: #000000;\">Rezultatet e g\u00ebrmimit arkeologjik t\u00eb shp\u00ebtimit, do t\u00eb paraqiten p\u00ebr shqyrtim n\u00eb mbledhjen e ardhshme t\u00eb K\u00ebshillit Komb\u00ebtar.<\/span><\/p>\n","protected":false,"gt_translate_keys":[{"key":"rendered","format":"html"}]},"excerpt":{"rendered":"<p>Dit\u00ebn e sotme u raportua se n\u00eb P\u00ebrmet gjat\u00eb punimeve u zbulua nj\u00eb varr masiv. Shoqata e ish-t\u00eb p\u00ebrndjekurve politik\u00eb n\u00ebp\u00ebrmjet p\u00ebrfaq\u00ebsuesit t\u00eb saj Nebil \u00c7ika pretendoi se kishte t\u00eb b\u00ebnte me viktimat e koh\u00ebs s\u00eb komunizmit t\u00eb pushkatuara nga regjimi i asaj kohe. Por Ministria e Kultur\u00ebs ka reaguar mbr\u00ebmjen e sotme duke th\u00ebn\u00eb [&hellip;]<\/p>\n","protected":false,"gt_translate_keys":[{"key":"rendered","format":"html"}]},"author":32,"featured_media":462018,"comment_status":"closed","ping_status":"closed","sticky":false,"template":"","format":"standard","meta":{"footnotes":""},"categories":[65,13],"tags":[],"class_list":["post-462017","post","type-post","status-publish","format-standard","has-post-thumbnail","hentry","category-lajme","category-te-fundit"],"gt_translate_keys":[{"key":"link","format":"url"}],"_links":{"self":[{"href":"https:\/\/www.hashtag.al\/index.php\/wp-json\/wp\/v2\/posts\/462017","targetHints":{"allow":["GET"]}}],"collection":[{"href":"https:\/\/www.hashtag.al\/index.php\/wp-json\/wp\/v2\/posts"}],"about":[{"href":"https:\/\/www.hashtag.al\/index.php\/wp-json\/wp\/v2\/types\/post"}],"author":[{"embeddable":true,"href":"https:\/\/www.hashtag.al\/index.php\/wp-json\/wp\/v2\/users\/32"}],"replies":[{"embeddable":true,"href":"https:\/\/www.hashtag.al\/index.php\/wp-json\/wp\/v2\/comments?post=462017"}],"version-history":[{"count":0,"href":"https:\/\/www.hashtag.al\/index.php\/wp-json\/wp\/v2\/posts\/462017\/revisions"}],"wp:featuredmedia":[{"embeddable":true,"href":"https:\/\/www.hashtag.al\/index.php\/wp-json\/wp\/v2\/media\/462018"}],"wp:attachment":[{"href":"https:\/\/www.hashtag.al\/index.php\/wp-json\/wp\/v2\/media?parent=462017"}],"wp:term":[{"taxonomy":"category","embeddable":true,"href":"https:\/\/www.hashtag.al\/index.php\/wp-json\/wp\/v2\/categories?post=462017"},{"taxonomy":"post_tag","embeddable":true,"href":"https:\/\/www.hashtag.al\/index.php\/wp-json\/wp\/v2\/tags?post=462017"}],"curies":[{"name":"wp","href":"https:\/\/api.w.org\/{rel}","templated":true}]}}