{"id":462010,"date":"2021-07-15T20:53:03","date_gmt":"2021-07-15T18:53:03","guid":{"rendered":"https:\/\/hashtag.al\/?p=462010"},"modified":"2021-07-15T20:53:03","modified_gmt":"2021-07-15T18:53:03","slug":"perfundon-mbledhja-e-kryesise-te-pd-se-kadilli-me-bashen-ndajme-mendime-te-ndryshme-duhet-te-luftojme-ta-bejme-partine-e-paster","status":"publish","type":"post","link":"https:\/\/www.hashtag.al\/index.php\/2021\/07\/15\/perfundon-mbledhja-e-kryesise-te-pd-se-kadilli-me-bashen-ndajme-mendime-te-ndryshme-duhet-te-luftojme-ta-bejme-partine-e-paster\/","title":{"rendered":"P\u00ebrfundon mbledhja e Kryesis\u00eb t\u00eb PD-s\u00eb, Kadilli: Me Bash\u00ebn ndajm\u00eb mendime t\u00eb ndryshme, duhet t\u00eb luftojm\u00eb ta b\u00ebjm\u00eb partin\u00eb e past\u00ebr","gt_translate_keys":[{"key":"rendered","format":"text"}]},"content":{"rendered":"<p><span style=\"color: #000000;\"><img loading=\"lazy\" decoding=\"async\" class=\"aligncenter size-full wp-image-462011\" src=\"https:\/\/hashtag.al\/wp-content\/uploads\/2021\/07\/kadilli-768x512.jpg\" alt=\"\" width=\"768\" height=\"512\" srcset=\"https:\/\/www.hashtag.al\/wp-content\/uploads\/2021\/07\/kadilli-768x512.jpg 768w, https:\/\/www.hashtag.al\/wp-content\/uploads\/2021\/07\/kadilli-768x512-300x200.jpg 300w\" sizes=\"auto, (max-width: 768px) 100vw, 768px\" \/><\/span><\/p>\n<p><span style=\"color: #000000;\">Ka p\u00ebrfunduar mbledhja e Kryesis\u00eb n\u00eb Partin\u00eb Demokratike e nisur n\u00eb or\u00ebn 18:00.<\/span><\/p>\n<p><span style=\"color: #000000;\">N\u00eb nj\u00eb deklarat\u00eb p\u00ebr mediat, an\u00ebtari i saj, Fatbardh Kadilli u ka b\u00ebr\u00eb thirrje demokrat\u00ebve q\u00eb t\u00eb luftojm\u00eb p\u00ebr t\u00eb pasur nj\u00eb parti\u00a0 t\u00eb past\u00ebr dhe fituese duke hapur nj\u00eb proces bashk\u00ebbisedimi p\u00ebr t\u00eb mundur Edi Ram\u00ebn.<\/span><\/p>\n<p><span style=\"color: #000000;\">Duke folur mbi propozimet q\u00eb parashtroi para kryesis\u00eb, Kadilli tha se u d\u00ebgjuan dhe u gjykuan, por q\u00eb bashk\u00eb me an\u00ebtar\u00ebt e tjer\u00eb dhe kryetarin Basha ndajn\u00eb mendime t\u00eb ndryshme.<\/span><\/p>\n<p><span style=\"color: #000000;\">\u201c<em>Duhet t\u00eb luftojm\u00eb p\u00ebr ta b\u00ebr\u00eb k\u00ebt\u00eb parti t\u00eb past\u00ebr, konkuruese dhe fituese. Propozimet e mia u d\u00ebgjuan dhe u gjykuan por me an\u00ebtar\u00ebt e kryesis\u00eb dhe kryetarin Basha ndajm\u00eb mendime t\u00eb ndryshme. Uroj q\u00eb Kuvendi Komb\u00ebtar dhe u b\u00ebj thirrje demokrat\u00ebve p\u00ebr t\u00eb hapur nj\u00eb proces bashk\u00ebbisedimi p\u00ebr t\u00eb mundur Edi Ram\u00ebn dhe p\u00ebr t\u00eb mundur t\u00eb keqen e shqiptar\u00ebve<\/em>\u201d- u shpreh Kadilli.<\/span><\/p>\n<p>&nbsp;<\/p>\n","protected":false,"gt_translate_keys":[{"key":"rendered","format":"html"}]},"excerpt":{"rendered":"<p>Ka p\u00ebrfunduar mbledhja e Kryesis\u00eb n\u00eb Partin\u00eb Demokratike e nisur n\u00eb or\u00ebn 18:00. N\u00eb nj\u00eb deklarat\u00eb p\u00ebr mediat, an\u00ebtari i saj, Fatbardh Kadilli u ka b\u00ebr\u00eb thirrje demokrat\u00ebve q\u00eb t\u00eb luftojm\u00eb p\u00ebr t\u00eb pasur nj\u00eb parti\u00a0 t\u00eb past\u00ebr dhe fituese duke hapur nj\u00eb proces bashk\u00ebbisedimi p\u00ebr t\u00eb mundur Edi Ram\u00ebn. Duke folur mbi propozimet q\u00eb [&hellip;]<\/p>\n","protected":false,"gt_translate_keys":[{"key":"rendered","format":"html"}]},"author":32,"featured_media":462011,"comment_status":"closed","ping_status":"closed","sticky":false,"template":"","format":"standard","meta":{"footnotes":""},"categories":[65,13],"tags":[],"class_list":["post-462010","post","type-post","status-publish","format-standard","has-post-thumbnail","hentry","category-lajme","category-te-fundit"],"gt_translate_keys":[{"key":"link","format":"url"}],"_links":{"self":[{"href":"https:\/\/www.hashtag.al\/index.php\/wp-json\/wp\/v2\/posts\/462010","targetHints":{"allow":["GET"]}}],"collection":[{"href":"https:\/\/www.hashtag.al\/index.php\/wp-json\/wp\/v2\/posts"}],"about":[{"href":"https:\/\/www.hashtag.al\/index.php\/wp-json\/wp\/v2\/types\/post"}],"author":[{"embeddable":true,"href":"https:\/\/www.hashtag.al\/index.php\/wp-json\/wp\/v2\/users\/32"}],"replies":[{"embeddable":true,"href":"https:\/\/www.hashtag.al\/index.php\/wp-json\/wp\/v2\/comments?post=462010"}],"version-history":[{"count":0,"href":"https:\/\/www.hashtag.al\/index.php\/wp-json\/wp\/v2\/posts\/462010\/revisions"}],"wp:featuredmedia":[{"embeddable":true,"href":"https:\/\/www.hashtag.al\/index.php\/wp-json\/wp\/v2\/media\/462011"}],"wp:attachment":[{"href":"https:\/\/www.hashtag.al\/index.php\/wp-json\/wp\/v2\/media?parent=462010"}],"wp:term":[{"taxonomy":"category","embeddable":true,"href":"https:\/\/www.hashtag.al\/index.php\/wp-json\/wp\/v2\/categories?post=462010"},{"taxonomy":"post_tag","embeddable":true,"href":"https:\/\/www.hashtag.al\/index.php\/wp-json\/wp\/v2\/tags?post=462010"}],"curies":[{"name":"wp","href":"https:\/\/api.w.org\/{rel}","templated":true}]}}