{"id":461997,"date":"2021-07-15T18:34:05","date_gmt":"2021-07-15T16:34:05","guid":{"rendered":"https:\/\/hashtag.al\/?p=461997"},"modified":"2021-07-15T18:34:05","modified_gmt":"2021-07-15T16:34:05","slug":"ankaraja-i-kerkon-shkupit-ekstradimin-e-86-shtetasve-turq","status":"publish","type":"post","link":"https:\/\/www.hashtag.al\/index.php\/2021\/07\/15\/ankaraja-i-kerkon-shkupit-ekstradimin-e-86-shtetasve-turq\/","title":{"rendered":"Ankaraja i k\u00ebrkon Shkupit ekstradimin e 86 shtetasve turq","gt_translate_keys":[{"key":"rendered","format":"text"}]},"content":{"rendered":"<p><span style=\"color: #000000;\"><img loading=\"lazy\" decoding=\"async\" class=\"aligncenter size-full wp-image-461998\" src=\"https:\/\/hashtag.al\/wp-content\/uploads\/2021\/07\/erdo-zaev.jpg\" alt=\"\" width=\"800\" height=\"533\" srcset=\"https:\/\/www.hashtag.al\/wp-content\/uploads\/2021\/07\/erdo-zaev.jpg 800w, https:\/\/www.hashtag.al\/wp-content\/uploads\/2021\/07\/erdo-zaev-300x200.jpg 300w, https:\/\/www.hashtag.al\/wp-content\/uploads\/2021\/07\/erdo-zaev-768x512.jpg 768w\" sizes=\"auto, (max-width: 800px) 100vw, 800px\" \/><\/span><\/p>\n<p><span style=\"color: #000000;\">\u201cMaqedonia e Veriut do t\u00eb veproj\u00eb n\u00eb p\u00ebrputhje t\u00eb plot\u00eb me ligjet vendore si dhe marr\u00ebveshjet e standardet nd\u00ebrkomb\u00ebtare\u201d, ka b\u00ebr\u00eb t\u00eb ditur Ministria e Drejt\u00ebsis\u00eb duke komentuar k\u00ebrkes\u00ebn e ambasadorit t\u00eb Turqis\u00eb n\u00eb Shkup, Hasan Mehmet Sekizqok, p\u00ebr ekstradimin e 86 shtetasve t\u00eb Turqis\u00eb, q\u00eb ndodhen n\u00eb territorin e Maqedonis\u00eb s\u00eb Veriut.<\/span><\/p>\n<p><span style=\"color: #000000;\">K\u00ebta persona, Ankaraja i akuzon p\u00ebr lidhje me L\u00ebvizjen Hizmet t\u00eb klerikut Fethullah Gylen, t\u00eb cil\u00ebs Turqia i referohet me akronimin FETO dhe e ka p\u00ebrfshir\u00eb n\u00eb list\u00ebn e organizatave terroriste.<\/span><\/p>\n<p><span style=\"color: #000000;\">\u201cKur jemi te Maqedonia e Veriut, strukturat e FETO-s vazhdojn\u00eb t\u00eb jen\u00eb t\u00eb pranishme n\u00eb k\u00ebt\u00eb vend, t\u00eb fshehura pas institucioneve arsimore dhe shoqatave tregtare. Ne i p\u00ebrcjellim autoriteteve kompetente k\u00ebrkesat tona p\u00ebr t\u2019i pamund\u00ebsuar veprimtarin\u00eb strukturave t\u00eb FETO-s\u00eb dhe deportimin e t\u00eb gjith\u00eb personave q\u00eb kan\u00eb lidhje me FETO-n\u2026K\u00ebto i vler\u00ebsojm\u00eb si hapa konkret\u00eb, n\u00eb aspektin e bashk\u00ebpunimit ton\u00eb dypal\u00ebsh n\u00eb luftimin e terrorizmit\u201d, ka deklaruar ambasadori turk, Hasan Mehmet Sekizqok.<\/span><\/p>\n<p><span style=\"color: #000000;\">Ai tha se Turqia posedon t\u00eb dh\u00ebna t\u00eb detajuara p\u00ebr veprimtarin\u00eb e \u00e7do personi q\u00eb k\u00ebrkohet nga drejt\u00ebsia e Turqis\u00eb, e cila do t\u00eb vazhdoj\u00eb aktivitetet p\u00ebr\u201d \u2013 si\u00e7 ka th\u00ebn\u00eb \u2013 \u201cshkat\u00ebrrimin e strukturave t\u00eb FETO-s\u201d.<\/span><\/p>\n<p><span style=\"color: #000000;\">\u201cNe kemi dor\u00ebzuar dosje p\u00ebr secilin person q\u00eb k\u00ebrkojm\u00eb t\u00eb ekstradohet dhe deportohet si dhe do t\u00eb vazhdojm\u00eb edhe n\u00eb t\u00eb ardhmen q\u00eb t\u00eb ndjekim k\u00ebto k\u00ebrkesa tona. T\u00eb gjith\u00eb jan\u00eb shtetas t\u00eb Republik\u00ebs \u00eb Turqis\u00eb, mund t\u00eb ket\u00eb ndonj\u00eb prej tyre t\u00eb ket\u00eb shtet\u00ebsi t\u00eb dyfisht\u00eb, por t\u00eb gjith\u00eb k\u00ebta persona jan\u00eb shtetas t\u00eb Turqis\u00eb. P\u00ebrpjekjet tona p\u00ebr t\u00eb shkat\u00ebrruar struktur\u00ebn nd\u00ebrkomb\u00ebtare t\u00eb FETO-s, do t\u00eb vazhdojn\u00eb me vendosm\u00ebri\u201d, ka deklaruar ambasadori Sekizqok.<\/span><\/p>\n<p><span style=\"color: #000000;\">K\u00ebrkesa t\u00eb tilla nga Turqia kishte edhe para kat\u00ebr vjet\u00ebve, por edhe at\u00ebher\u00eb autoritetet maqedonase jan\u00eb p\u00ebrgjigjur vazhdimisht se k\u00ebrkesa p\u00ebr ekstradimin e tyre, do t\u00eb shqyrtohet n\u00eb baz\u00eb t\u00eb marr\u00ebveshjeve nd\u00ebrkomb\u00ebtare, por gjithashtu kan\u00eb k\u00ebrkuar prova serioze n\u00ebse k\u00ebta persona jan\u00eb p\u00ebrfshir\u00eb n\u00eb aktivitete terroriste.<\/span><\/p>\n<p><span style=\"color: #000000;\">Jo zyrtarisht ishte b\u00ebr\u00eb e ditur se personat q\u00eb k\u00ebrkohen nga Turqia, jan\u00eb kryesisht drejtues dhe m\u00ebsimdh\u00ebn\u00ebs t\u00eb kolegjeve turke n\u00eb vend, drejtues t\u00eb gazetave n\u00eb gjuh\u00ebn turke, p\u00ebrfaq\u00ebsues t\u00eb shoqatave joqeveritare, por edhe afarist\u00eb, q\u00eb sipas Turqis\u00eb veprimtarin\u00eb e tyre e kan\u00eb si \u201cfars\u00eb p\u00ebr t\u00eb mbuluar aktivitetet ekstremiste p\u00ebr l\u00ebvizjen e FETO-s\u201d.<\/span><\/p>\n<p><span style=\"color: #000000;\">Bashkim Selmani, njoh\u00ebs i \u00e7\u00ebshtjeve juridike, thot\u00eb se nuk mund t\u00eb ket\u00eb ekstradim t\u00eb k\u00ebtyre personave, pas pasur baz\u00eb apo fakte t\u00eb fuqishme lidhur me pretendimet e Ankaras\u00eb, p\u00ebr p\u00ebrfshirjen e tyre n\u00eb aktivitete terroriste.<\/span><\/p>\n<p><span style=\"color: #000000;\">\u201cN\u00ebse nuk kan\u00eb kryer vepra penale dhe n\u00ebse ato nuk jan\u00eb d\u00ebshmuar qoft\u00eb n\u00eb Turqi apo n\u00eb Maqedoni, at\u00ebher\u00eb nuk ka baz\u00eb ligjore p\u00ebr ekstradim. Sikur edhe t\u00eb jen\u00eb n\u00eb faz\u00ebn e hetuesis\u00eb, pala turke duhet t\u2019i d\u00ebshmoj\u00eb Maqedonis\u00eb se kund\u00ebr k\u00ebtyre personave jan\u00eb ngritur aktakuza, por edhe n\u00eb k\u00ebt\u00eb rast duhet t\u00eb jap ndihm\u00eb juridike apo t\u00eb ket\u00eb k\u00ebmbim informatash, por jo t\u00eb ket\u00eb edhe ekstradim t\u00eb tyre\u201d, ka deklaruar Selmani.<\/span><\/p>\n<p><span style=\"color: #000000;\">K\u00ebrkesa e ambasadorit turk vjen n\u00eb sh\u00ebnimin e pes\u00eb vjetorit t\u00eb p\u00ebrpjekjes p\u00ebr grushtet n\u00eb Turqi, m\u00eb 15 korrik t\u00eb vitit 2016. Nj\u00eb grup ushtarak\u00ebsh turk u p\u00ebrpoq\u00ebn, por nuk arrit\u00ebn ta rr\u00ebzojn\u00eb qeverin\u00eb turke. Gjat\u00eb luftimeve ishin vrar\u00eb 251 persona, kurse rreth 2,100 ishin plagosur, nd\u00ebrkoh\u00eb q\u00eb dhjet\u00ebra-mij\u00ebra t\u00eb tjer\u00eb jan\u00eb arrestuar ose pushuar nga puna, me akuz\u00ebn se kan\u00eb mb\u00ebshtetur grushtshetin pas t\u00eb cilit sipas Ankaras\u00eb, q\u00ebndron l\u00ebvizja e klerikut Fetullah Gylen.<\/span><\/p>\n","protected":false,"gt_translate_keys":[{"key":"rendered","format":"html"}]},"excerpt":{"rendered":"<p>\u201cMaqedonia e Veriut do t\u00eb veproj\u00eb n\u00eb p\u00ebrputhje t\u00eb plot\u00eb me ligjet vendore si dhe marr\u00ebveshjet e standardet nd\u00ebrkomb\u00ebtare\u201d, ka b\u00ebr\u00eb t\u00eb ditur Ministria e Drejt\u00ebsis\u00eb duke komentuar k\u00ebrkes\u00ebn e ambasadorit t\u00eb Turqis\u00eb n\u00eb Shkup, Hasan Mehmet Sekizqok, p\u00ebr ekstradimin e 86 shtetasve t\u00eb Turqis\u00eb, q\u00eb ndodhen n\u00eb territorin e Maqedonis\u00eb s\u00eb Veriut. K\u00ebta persona, [&hellip;]<\/p>\n","protected":false,"gt_translate_keys":[{"key":"rendered","format":"html"}]},"author":32,"featured_media":461998,"comment_status":"closed","ping_status":"closed","sticky":false,"template":"","format":"standard","meta":{"footnotes":""},"categories":[65,13],"tags":[],"class_list":["post-461997","post","type-post","status-publish","format-standard","has-post-thumbnail","hentry","category-lajme","category-te-fundit"],"gt_translate_keys":[{"key":"link","format":"url"}],"_links":{"self":[{"href":"https:\/\/www.hashtag.al\/index.php\/wp-json\/wp\/v2\/posts\/461997","targetHints":{"allow":["GET"]}}],"collection":[{"href":"https:\/\/www.hashtag.al\/index.php\/wp-json\/wp\/v2\/posts"}],"about":[{"href":"https:\/\/www.hashtag.al\/index.php\/wp-json\/wp\/v2\/types\/post"}],"author":[{"embeddable":true,"href":"https:\/\/www.hashtag.al\/index.php\/wp-json\/wp\/v2\/users\/32"}],"replies":[{"embeddable":true,"href":"https:\/\/www.hashtag.al\/index.php\/wp-json\/wp\/v2\/comments?post=461997"}],"version-history":[{"count":0,"href":"https:\/\/www.hashtag.al\/index.php\/wp-json\/wp\/v2\/posts\/461997\/revisions"}],"wp:featuredmedia":[{"embeddable":true,"href":"https:\/\/www.hashtag.al\/index.php\/wp-json\/wp\/v2\/media\/461998"}],"wp:attachment":[{"href":"https:\/\/www.hashtag.al\/index.php\/wp-json\/wp\/v2\/media?parent=461997"}],"wp:term":[{"taxonomy":"category","embeddable":true,"href":"https:\/\/www.hashtag.al\/index.php\/wp-json\/wp\/v2\/categories?post=461997"},{"taxonomy":"post_tag","embeddable":true,"href":"https:\/\/www.hashtag.al\/index.php\/wp-json\/wp\/v2\/tags?post=461997"}],"curies":[{"name":"wp","href":"https:\/\/api.w.org\/{rel}","templated":true}]}}