{"id":461970,"date":"2021-07-15T15:20:51","date_gmt":"2021-07-15T13:20:51","guid":{"rendered":"https:\/\/hashtag.al\/?p=461970"},"modified":"2021-07-15T15:20:51","modified_gmt":"2021-07-15T13:20:51","slug":"meta-mbi-zbulimin-e-varrit-masiv-ne-permet-te-zbardhet-e-verteta-viktimat-e-diktatures-meritojne-nje-vendprehje-dinjitoze","status":"publish","type":"post","link":"https:\/\/www.hashtag.al\/index.php\/2021\/07\/15\/meta-mbi-zbulimin-e-varrit-masiv-ne-permet-te-zbardhet-e-verteta-viktimat-e-diktatures-meritojne-nje-vendprehje-dinjitoze\/","title":{"rendered":"Meta mbi zbulimin e varrit masiv n\u00eb P\u00ebrmet: T\u00eb zbardhet e v\u00ebrteta, viktimat e diktatur\u00ebs meritojn\u00eb nj\u00eb vendprehje dinjitoze","gt_translate_keys":[{"key":"rendered","format":"text"}]},"content":{"rendered":"<p><a href=\"https:\/\/hashtag.al\/wp-content\/uploads\/2021\/05\/METAAA.jpg\"><img loading=\"lazy\" decoding=\"async\" class=\"aligncenter size-full wp-image-449648\" src=\"https:\/\/hashtag.al\/wp-content\/uploads\/2021\/05\/METAAA.jpg\" alt=\"\" width=\"1280\" height=\"932\" srcset=\"https:\/\/www.hashtag.al\/wp-content\/uploads\/2021\/05\/METAAA.jpg 1280w, https:\/\/www.hashtag.al\/wp-content\/uploads\/2021\/05\/METAAA-300x218.jpg 300w, https:\/\/www.hashtag.al\/wp-content\/uploads\/2021\/05\/METAAA-768x559.jpg 768w, https:\/\/www.hashtag.al\/wp-content\/uploads\/2021\/05\/METAAA-1024x746.jpg 1024w\" sizes=\"auto, (max-width: 1280px) 100vw, 1280px\" \/><\/a><\/p>\n<p><span style=\"color: #000000;\">Presidenti Ilir Meta ka reaguar sot lidhur me zbulimin e nj\u00eb varri masiv n\u00eb P\u00ebrmet, ku dyshohet se prehen viktima t\u00eb diktatur\u00ebs.<\/span><\/p>\n<p><span style=\"color: #000000;\">Pas deklarat\u00ebs nga kreu i Shoqat\u00ebs s\u00eb ish-t\u00eb p\u00ebrndjekurve politik\u00eb, q\u00eb k\u00ebrkoi reagim t\u00eb institucioneve, Presidenti Meta gjithashtu u b\u00ebri thirrje institucioneve p\u00ebrgjegj\u00ebse zbardhjen me transparenc\u00eb t\u00eb rastit.<\/span><\/p>\n<p><span style=\"color: #000000;\">Meta shprehet se t\u00eb ekzekutuarit padrejt\u00ebsisht dhe martir\u00ebt e pafajsh\u00ebm meritojn\u00eb nj\u00eb vendprehje dinjitoze, respektin e plot\u00eb dhe nderimin e duhur shtet\u00ebror.<\/span><\/p>\n<p><span style=\"color: #000000;\"><em>\u201cU njoha p\u00ebr zbulimin n\u00eb P\u00ebrmet, sipas t\u00eb dh\u00ebnave paraprake, t\u00eb nj\u00eb varri masiv, ku dyshohet se prehen viktima t\u00eb represionit dhe terrorit t\u00eb diktatur\u00ebs.<br \/>\nI nxis institucionet p\u00ebrgjegj\u00ebse shtet\u00ebrore p\u00ebr zbardhjen me transparenc\u00eb dhe ndri\u00e7imin e s\u00eb v\u00ebrtet\u00ebs.<br \/>\nT\u00eb ekzekutuarit padrejt\u00ebsisht dhe martir\u00ebt e pafajsh\u00ebm meritojn\u00eb nj\u00eb vendprehje dinjitoze, respektin e plot\u00eb dhe nderimin e duhur shtet\u00ebror.<br \/>\nTheksoj me forc\u00eb domosdoshm\u00ebrin\u00eb, jo vet\u00ebm t\u00eb d\u00ebnimit t\u00eb krimeve monstruoze t\u00eb diktatur\u00ebs, por edhe gjendjen e t\u00eb gjitha viktimave t\u00eb atij regjimi mizor, n\u00eb m\u00ebnyr\u00eb q\u00eb shpirtrat e tyre t\u00eb pushojn\u00eb n\u00eb paqe duke u dh\u00ebn\u00eb nj\u00ebher\u00eb e mir\u00eb qet\u00ebsi dhe ngush\u00ebllim familjar\u00ebve e pasardh\u00ebsve t\u00eb tyre, por edhe t\u00eb gjith\u00eb shoq\u00ebris\u00eb.\u201d-<\/em> shkruan Meta.<\/span><\/p>\n<p><span style=\"color: #000000;\">Varri u gjet n\u00eb nj\u00eb sip\u00ebrfaqe gati 100 metra katror\u00eb nga firma nd\u00ebrtuese e cila merret me shtrimin e rrug\u00ebs n\u00eb lagjen e re t\u00eb P\u00ebrmetit. Lajmin e b\u00ebri t\u00eb ditur p\u00ebr publikun kreu i shoqat\u00ebs s\u00eb ish-t\u00eb p\u00ebrndjekurve politik\u00eb, Nebil \u00c7ika, i cili u shpreh se ky vend ka sh\u00ebrbyer p\u00ebr ekzekutimin e disident\u00ebve dhe kund\u00ebrshtar\u00ebve t\u00eb regjimit dhe ka qen\u00eb hap\u00ebsir\u00eb e Ministris\u00eb s\u00eb Pun\u00ebve t\u00eb Brendshme.\u00a0<\/span><\/p>\n<p><span style=\"color: #000000;\">\u00c7ika deklaroi se ka 2 jav\u00eb q\u00eb \u00ebsht\u00eb zbuluar ky varr dhe ende nuk ka asnj\u00eb reagim nga institucionet. N\u00eb varr u gjet\u00ebn kat\u00ebr trupa t\u00eb pajet\u00eb dhe nj\u00eb tjet\u00ebr pak m\u00eb tutje.<\/span><\/p>\n","protected":false,"gt_translate_keys":[{"key":"rendered","format":"html"}]},"excerpt":{"rendered":"<p>Presidenti Ilir Meta ka reaguar sot lidhur me zbulimin e nj\u00eb varri masiv n\u00eb P\u00ebrmet, ku dyshohet se prehen viktima t\u00eb diktatur\u00ebs. Pas deklarat\u00ebs nga kreu i Shoqat\u00ebs s\u00eb ish-t\u00eb p\u00ebrndjekurve politik\u00eb, q\u00eb k\u00ebrkoi reagim t\u00eb institucioneve, Presidenti Meta gjithashtu u b\u00ebri thirrje institucioneve p\u00ebrgjegj\u00ebse zbardhjen me transparenc\u00eb t\u00eb rastit. Meta shprehet se t\u00eb ekzekutuarit [&hellip;]<\/p>\n","protected":false,"gt_translate_keys":[{"key":"rendered","format":"html"}]},"author":30,"featured_media":449648,"comment_status":"closed","ping_status":"closed","sticky":false,"template":"","format":"standard","meta":{"footnotes":""},"categories":[65,13],"tags":[],"class_list":["post-461970","post","type-post","status-publish","format-standard","has-post-thumbnail","hentry","category-lajme","category-te-fundit"],"gt_translate_keys":[{"key":"link","format":"url"}],"_links":{"self":[{"href":"https:\/\/www.hashtag.al\/index.php\/wp-json\/wp\/v2\/posts\/461970","targetHints":{"allow":["GET"]}}],"collection":[{"href":"https:\/\/www.hashtag.al\/index.php\/wp-json\/wp\/v2\/posts"}],"about":[{"href":"https:\/\/www.hashtag.al\/index.php\/wp-json\/wp\/v2\/types\/post"}],"author":[{"embeddable":true,"href":"https:\/\/www.hashtag.al\/index.php\/wp-json\/wp\/v2\/users\/30"}],"replies":[{"embeddable":true,"href":"https:\/\/www.hashtag.al\/index.php\/wp-json\/wp\/v2\/comments?post=461970"}],"version-history":[{"count":0,"href":"https:\/\/www.hashtag.al\/index.php\/wp-json\/wp\/v2\/posts\/461970\/revisions"}],"wp:featuredmedia":[{"embeddable":true,"href":"https:\/\/www.hashtag.al\/index.php\/wp-json\/wp\/v2\/media\/449648"}],"wp:attachment":[{"href":"https:\/\/www.hashtag.al\/index.php\/wp-json\/wp\/v2\/media?parent=461970"}],"wp:term":[{"taxonomy":"category","embeddable":true,"href":"https:\/\/www.hashtag.al\/index.php\/wp-json\/wp\/v2\/categories?post=461970"},{"taxonomy":"post_tag","embeddable":true,"href":"https:\/\/www.hashtag.al\/index.php\/wp-json\/wp\/v2\/tags?post=461970"}],"curies":[{"name":"wp","href":"https:\/\/api.w.org\/{rel}","templated":true}]}}