{"id":461968,"date":"2021-07-15T15:03:56","date_gmt":"2021-07-15T13:03:56","guid":{"rendered":"https:\/\/hashtag.al\/?p=461968"},"modified":"2021-07-15T15:03:56","modified_gmt":"2021-07-15T13:03:56","slug":"gjykata-kushtetuese-zbardh-3-pyetjet-drejtuar-komisionit-te-venecias-mbi-zgjedhjet-lokale-te-30-qershorit","status":"publish","type":"post","link":"https:\/\/www.hashtag.al\/index.php\/2021\/07\/15\/gjykata-kushtetuese-zbardh-3-pyetjet-drejtuar-komisionit-te-venecias-mbi-zgjedhjet-lokale-te-30-qershorit\/","title":{"rendered":"Gjykata Kushtetuese zbardh 3 pyetjet drejtuar Komisionit t\u00eb Venecias mbi zgjedhjet lokale t\u00eb 30 qershorit","gt_translate_keys":[{"key":"rendered","format":"text"}]},"content":{"rendered":"<p><a href=\"https:\/\/hashtag.al\/wp-content\/uploads\/2021\/05\/gjykatakushtetuese.jpg\"><img loading=\"lazy\" decoding=\"async\" class=\"aligncenter size-full wp-image-448281\" src=\"https:\/\/hashtag.al\/wp-content\/uploads\/2021\/05\/gjykatakushtetuese.jpg\" alt=\"\" width=\"1200\" height=\"800\" srcset=\"https:\/\/www.hashtag.al\/wp-content\/uploads\/2021\/05\/gjykatakushtetuese.jpg 1200w, https:\/\/www.hashtag.al\/wp-content\/uploads\/2021\/05\/gjykatakushtetuese-300x200.jpg 300w, https:\/\/www.hashtag.al\/wp-content\/uploads\/2021\/05\/gjykatakushtetuese-768x512.jpg 768w, https:\/\/www.hashtag.al\/wp-content\/uploads\/2021\/05\/gjykatakushtetuese-1024x683.jpg 1024w\" sizes=\"auto, (max-width: 1200px) 100vw, 1200px\" \/><\/a><\/p>\n<p><span style=\"color: #000000;\">Gjykata Kushtetuese ka publikuar k\u00ebt\u00eb t\u00eb enjte n\u00eb faqen zyrtare, 3 pyetjet q\u00eb i ka drejtuar Komisionit t\u00eb Venecias lidhur me zgjedhjet vendore t\u00eb 30 qershorit.<\/span><\/p>\n<p><span style=\"color: #000000;\">Kujtojm\u00eb se m\u00eb 23 qershor\u00a0t\u00eb k\u00ebtij viti, Gjykata Kushtetuese vendosi pezullimin e gjykimit t\u00eb 30 qershorit lidhur me kushtetueshm\u00ebrin\u00eb e procesit zgjedhor. Secila nga pal\u00ebt e p\u00ebrfshira n\u00eb k\u00ebt\u00eb \u00e7\u00ebshtje ka t\u00eb drejt\u00eb t\u00eb paraqes\u00eb pyetjet e saj.<\/span><\/p>\n<p><span style=\"color: #000000;\">N\u00eb nj\u00eb sqarim t\u00eb gjykat\u00ebs, thuhet se iu drejtuan Komisionit t\u00eb Venecias pasi ekziston\u00a0shqet\u00ebsimi\u00a0n\u00eb lidhje me keqinterpretimin apo keqinformonin n\u00eb lidhje me k\u00ebt\u00eb vendimmarrje.<\/span><\/p>\n<p><span style=\"color: #000000;\">Kushtetuesja e ka cil\u00ebsuar padin\u00eb e Shoqat\u00ebs s\u00eb Bashkive p\u00ebr zgjedhjet, si t\u00eb nj\u00eb natyre unike, dhe k\u00ebshillimin me organe t\u00eb specializuara, si\u00e7 \u00ebsht\u00eb Komisioni i Venecias, e konsideron t\u00eb nevojsh\u00ebm.<\/span><\/p>\n<p><span style=\"color: #000000;\"><strong>Njoftimi i Gjykat\u00ebs Kushtetuese:<\/strong><\/span><\/p>\n<p><span style=\"color: #000000;\">Gjykata Kushtetuese ka n\u00eb shqyrtim \u00e7\u00ebshtjen e paraqitur nga Shoqata e Bashkive t\u00eb Shqip\u00ebris\u00eb, me objekt: \u201c1. Konstatimin antikushtetues t\u00eb zgjedhshm\u00ebris\u00eb\/procesit zgjedhor t\u00eb zhvilluar n\u00eb 30 qershor 2019 p\u00ebr zgjedhjen e organeve t\u00eb qeverisjes vendore, t\u00eb kryetar\u00ebve t\u00eb bashkive dhe an\u00ebtar\u00ebve t\u00eb k\u00ebshillave bashkiak\u00eb, dhe si rrjedhoj\u00eb konstatimin antikushtetues t\u00eb zgjedhjes s\u00eb an\u00ebtar\u00ebve t\u00eb k\u00ebtyre organeve. 2. Verifikimin e kushtetutshm\u00ebris\u00eb s\u00eb veprimtaris\u00eb s\u00eb partis\u00eb Bindja Demokratike n\u00eb lidhje me regjistrimin e saj n\u00eb gjykat\u00eb dhe zgjedhjet e dat\u00ebs 30 qershor 2019\u201d.<\/span><\/p>\n<p><span style=\"color: #000000;\">N\u00eb seanc\u00ebn plenare t\u00eb dat\u00ebs 23.06.2021, Gjykata Kushtetuese, pasi d\u00ebgjoi parashtrimet e k\u00ebrkuesit dhe subjekteve t\u00eb interesuara, n\u00eb baz\u00eb t\u00eb nenit 44\/b t\u00eb ligjit nr. 8577, dat\u00eb 10.02.2000 \u201cP\u00ebr organizimin dhe funksionimin e Gjykat\u00ebs Kushtetuese t\u00eb Republik\u00ebs s\u00eb Shqip\u00ebris\u00eb\u201d, vendosi t\u00eb pezulloj\u00eb gjykimin e k\u00ebsaj \u00e7\u00ebshtjeje dhe t\u00eb k\u00ebrkoj\u00eb nj\u00eb opinion amicus curiae nga Komisioni i Venecias n\u00eb lidhje me standardet dhe parimet q\u00eb duhet t\u00eb merren n\u00eb konsiderat\u00eb n\u00eb \u00e7\u00ebshtjen n\u00eb shqyrtim.<\/span><\/p>\n<p><span style=\"color: #000000;\">Gjykata, pasi vler\u00ebsoi edhe pyetjet e propozuara nga pal\u00ebt, ka \u00e7muar t\u00eb nevojshme t\u00eb parashtroj\u00eb pyetjet e m\u00ebposhtme p\u00ebr t\u00eb sqaruar aspektet kryesore t\u00eb k\u00ebtij gjykimi:<\/span><\/p>\n<p><span style=\"color: #000000;\">Pyetja nr. 1\u00a0A mund t\u00eb interpretohet neni 131, pika 1, shkronja \u201ce\u201d, i Kushtetut\u00ebs se Gjykata Kushtetuese ka juridiksion p\u00ebr t\u00eb vler\u00ebsuar kushtetutshm\u00ebrin\u00eb e procesit zgjedhor?<\/span><br \/>\n<span style=\"color: #000000;\">Pyetja nr. 2\u00a0Duke qen\u00eb se parimi i periodicitetit t\u00eb zhvillimit t\u00eb zgjedhjeve vendore dhe ai i pluralizmit politik jan\u00eb parashikuar si parime themelore kushtetuese, cili do t\u00eb ishte raporti mes tyre n\u00eb nj\u00eb situat\u00eb ku rrezikohet cenimi i secilit parim? Cili parim do t\u00eb prevalonte mbi tjetrin?<\/span><br \/>\n<span style=\"color: #000000;\">Pyetja nr. 3\u00a0N\u00eb nj\u00eb situat\u00eb t\u00eb nj\u00eb klime pasigurie juridike, a ka cenuar sjella e autoriteteve publike dhe e partive politike t\u00eb drejt\u00ebn e votuesve p\u00ebr t\u00eb pasur mund\u00ebsi kuptimplot\u00eb zgjedhjeje? A duhej ata t\u00eb siguronin interesin m\u00eb t\u00eb lart\u00eb t\u00eb votuesve?<\/span><\/p>\n<p><span style=\"color: #000000;\">N\u00ebp\u00ebrmjet shkres\u00ebs nr. 291 prot., dat\u00eb 09.07.2021, Gjykata Kushtetuese i \u00ebsht\u00eb drejtuar Komisionit t\u00eb Venecias me k\u00ebrkes\u00ebn p\u00ebr dh\u00ebnien e nj\u00eb opinoni amicus curiae, nj\u00eb kopje e plot\u00eb e s\u00eb cil\u00ebs u \u00ebsht\u00eb v\u00ebn\u00eb n\u00eb dispozicion edhe pal\u00ebve n\u00eb proces, si dhe gjendet n\u00eb linkun e m\u00ebposht\u00ebm n\u00eb shqip dhe n\u00eb anglisht.<\/span><\/p>\n","protected":false,"gt_translate_keys":[{"key":"rendered","format":"html"}]},"excerpt":{"rendered":"<p>Gjykata Kushtetuese ka publikuar k\u00ebt\u00eb t\u00eb enjte n\u00eb faqen zyrtare, 3 pyetjet q\u00eb i ka drejtuar Komisionit t\u00eb Venecias lidhur me zgjedhjet vendore t\u00eb 30 qershorit. Kujtojm\u00eb se m\u00eb 23 qershor\u00a0t\u00eb k\u00ebtij viti, Gjykata Kushtetuese vendosi pezullimin e gjykimit t\u00eb 30 qershorit lidhur me kushtetueshm\u00ebrin\u00eb e procesit zgjedhor. Secila nga pal\u00ebt e p\u00ebrfshira n\u00eb k\u00ebt\u00eb [&hellip;]<\/p>\n","protected":false,"gt_translate_keys":[{"key":"rendered","format":"html"}]},"author":30,"featured_media":448281,"comment_status":"closed","ping_status":"closed","sticky":false,"template":"","format":"standard","meta":{"footnotes":""},"categories":[65,13],"tags":[],"class_list":["post-461968","post","type-post","status-publish","format-standard","has-post-thumbnail","hentry","category-lajme","category-te-fundit"],"gt_translate_keys":[{"key":"link","format":"url"}],"_links":{"self":[{"href":"https:\/\/www.hashtag.al\/index.php\/wp-json\/wp\/v2\/posts\/461968","targetHints":{"allow":["GET"]}}],"collection":[{"href":"https:\/\/www.hashtag.al\/index.php\/wp-json\/wp\/v2\/posts"}],"about":[{"href":"https:\/\/www.hashtag.al\/index.php\/wp-json\/wp\/v2\/types\/post"}],"author":[{"embeddable":true,"href":"https:\/\/www.hashtag.al\/index.php\/wp-json\/wp\/v2\/users\/30"}],"replies":[{"embeddable":true,"href":"https:\/\/www.hashtag.al\/index.php\/wp-json\/wp\/v2\/comments?post=461968"}],"version-history":[{"count":0,"href":"https:\/\/www.hashtag.al\/index.php\/wp-json\/wp\/v2\/posts\/461968\/revisions"}],"wp:featuredmedia":[{"embeddable":true,"href":"https:\/\/www.hashtag.al\/index.php\/wp-json\/wp\/v2\/media\/448281"}],"wp:attachment":[{"href":"https:\/\/www.hashtag.al\/index.php\/wp-json\/wp\/v2\/media?parent=461968"}],"wp:term":[{"taxonomy":"category","embeddable":true,"href":"https:\/\/www.hashtag.al\/index.php\/wp-json\/wp\/v2\/categories?post=461968"},{"taxonomy":"post_tag","embeddable":true,"href":"https:\/\/www.hashtag.al\/index.php\/wp-json\/wp\/v2\/tags?post=461968"}],"curies":[{"name":"wp","href":"https:\/\/api.w.org\/{rel}","templated":true}]}}