{"id":461836,"date":"2021-07-14T18:04:30","date_gmt":"2021-07-14T16:04:30","guid":{"rendered":"https:\/\/hashtag.al\/?p=461836"},"modified":"2021-07-14T18:06:58","modified_gmt":"2021-07-14T16:06:58","slug":"prokuroria-e-kosoves-vdekjet-ne-decan-skane-lidhje-me-helmimin-masiv","status":"publish","type":"post","link":"https:\/\/www.hashtag.al\/index.php\/2021\/07\/14\/prokuroria-e-kosoves-vdekjet-ne-decan-skane-lidhje-me-helmimin-masiv\/","title":{"rendered":"Prokuroria e Kosov\u00ebs: Vdekjet n\u00eb De\u00e7an s\u2019kan\u00eb lidhje me helmimin masiv","gt_translate_keys":[{"key":"rendered","format":"text"}]},"content":{"rendered":"<p><span style=\"color: #000000;\"><img loading=\"lazy\" decoding=\"async\" class=\"aligncenter size-full wp-image-461837\" src=\"https:\/\/hashtag.al\/wp-content\/uploads\/2021\/07\/decan-2.jpg\" alt=\"\" width=\"1200\" height=\"661\" srcset=\"https:\/\/www.hashtag.al\/wp-content\/uploads\/2021\/07\/decan-2.jpg 1200w, https:\/\/www.hashtag.al\/wp-content\/uploads\/2021\/07\/decan-2-300x165.jpg 300w, https:\/\/www.hashtag.al\/wp-content\/uploads\/2021\/07\/decan-2-768x423.jpg 768w, https:\/\/www.hashtag.al\/wp-content\/uploads\/2021\/07\/decan-2-1024x564.jpg 1024w\" sizes=\"auto, (max-width: 1200px) 100vw, 1200px\" \/><\/span><\/p>\n<p><span style=\"color: #000000;\">Prokuroria e Kosov\u00ebs ka pohuar se dy vdekjet e ndodhura n\u00eb De\u00e7an nuk kan lidhje me situat\u00ebn e krijuar s\u00eb fundmi ku deri tani m\u00eb shum\u00eb se 1500 persona kan\u00eb k\u00ebrkuar ndihm\u00eb mjek\u00ebsore n\u00eb spital me simptoma t\u00eb helmimit.<\/span><\/p>\n<p><span style=\"color: #000000;\">Sipas autoriteteve helmimi masiv nuk ka ardhur p\u00ebr shkak t\u00eb ujit pas analizave t\u00eb kryera nd\u00ebrkoh\u00eb po hetohen shkaqet e mundshme.<\/span><\/p>\n<p><span style=\"color: #000000;\">Sipas qeveris\u00eb s\u00eb Kosov\u00ebs jan\u00eb marr\u00eb t\u00eb gjitha masat p\u00ebr p\u00ebrballimin e situat\u00ebs s\u00eb r\u00ebnd\u00eb q\u00eb \u00ebsht\u00eb krijuar p\u00ebr sa i p\u00ebrket trajtimit mjek\u00ebso e furnizimit me sendet e nevojshme p\u00ebr t\u00eb gjith\u00eb t\u00eb prekurit. <\/span><\/p>\n<p><span style=\"color: #000000;\">Nj\u00eb pjes\u00eb e mostrave jan\u00eb d\u00ebrguar n\u00eb laborator\u00eb jasht\u00eb vendit p\u00ebr t\u00eb zbuluar shkaqet e ngjarjes s\u00eb r\u00ebnd\u00eb.<\/span><\/p>\n","protected":false,"gt_translate_keys":[{"key":"rendered","format":"html"}]},"excerpt":{"rendered":"<p>Prokuroria e Kosov\u00ebs ka pohuar se dy vdekjet e ndodhura n\u00eb De\u00e7an nuk kan lidhje me situat\u00ebn e krijuar s\u00eb fundmi ku deri tani m\u00eb shum\u00eb se 1500 persona kan\u00eb k\u00ebrkuar ndihm\u00eb mjek\u00ebsore n\u00eb spital me simptoma t\u00eb helmimit. Sipas autoriteteve helmimi masiv nuk ka ardhur p\u00ebr shkak t\u00eb ujit pas analizave t\u00eb kryera nd\u00ebrkoh\u00eb [&hellip;]<\/p>\n","protected":false,"gt_translate_keys":[{"key":"rendered","format":"html"}]},"author":51,"featured_media":461837,"comment_status":"closed","ping_status":"closed","sticky":false,"template":"","format":"standard","meta":{"footnotes":""},"categories":[149],"tags":[],"class_list":["post-461836","post","type-post","status-publish","format-standard","has-post-thumbnail","hentry","category-kosoverajon"],"gt_translate_keys":[{"key":"link","format":"url"}],"_links":{"self":[{"href":"https:\/\/www.hashtag.al\/index.php\/wp-json\/wp\/v2\/posts\/461836","targetHints":{"allow":["GET"]}}],"collection":[{"href":"https:\/\/www.hashtag.al\/index.php\/wp-json\/wp\/v2\/posts"}],"about":[{"href":"https:\/\/www.hashtag.al\/index.php\/wp-json\/wp\/v2\/types\/post"}],"author":[{"embeddable":true,"href":"https:\/\/www.hashtag.al\/index.php\/wp-json\/wp\/v2\/users\/51"}],"replies":[{"embeddable":true,"href":"https:\/\/www.hashtag.al\/index.php\/wp-json\/wp\/v2\/comments?post=461836"}],"version-history":[{"count":0,"href":"https:\/\/www.hashtag.al\/index.php\/wp-json\/wp\/v2\/posts\/461836\/revisions"}],"wp:featuredmedia":[{"embeddable":true,"href":"https:\/\/www.hashtag.al\/index.php\/wp-json\/wp\/v2\/media\/461837"}],"wp:attachment":[{"href":"https:\/\/www.hashtag.al\/index.php\/wp-json\/wp\/v2\/media?parent=461836"}],"wp:term":[{"taxonomy":"category","embeddable":true,"href":"https:\/\/www.hashtag.al\/index.php\/wp-json\/wp\/v2\/categories?post=461836"},{"taxonomy":"post_tag","embeddable":true,"href":"https:\/\/www.hashtag.al\/index.php\/wp-json\/wp\/v2\/tags?post=461836"}],"curies":[{"name":"wp","href":"https:\/\/api.w.org\/{rel}","templated":true}]}}