{"id":461765,"date":"2021-07-14T12:41:55","date_gmt":"2021-07-14T10:41:55","guid":{"rendered":"https:\/\/hashtag.al\/?p=461765"},"modified":"2021-07-14T12:41:55","modified_gmt":"2021-07-14T10:41:55","slug":"bizneset-ne-vlore-ne-proteste-te-ndryshojne-masat-per-covid-19-ose-nga-e-hena-do-mbyllemi-totalisht","status":"publish","type":"post","link":"https:\/\/www.hashtag.al\/index.php\/2021\/07\/14\/bizneset-ne-vlore-ne-proteste-te-ndryshojne-masat-per-covid-19-ose-nga-e-hena-do-mbyllemi-totalisht\/","title":{"rendered":"Bizneset n\u00eb Vlor\u00eb n\u00eb protest\u00eb: T\u00eb ndryshojn\u00eb masat p\u00ebr Covid-19, ose nga e h\u00ebna do mbyllemi totalisht","gt_translate_keys":[{"key":"rendered","format":"text"}]},"content":{"rendered":"<p><a href=\"https:\/\/hashtag.al\/wp-content\/uploads\/2021\/07\/proteste.jpg\"><img loading=\"lazy\" decoding=\"async\" class=\"aligncenter size-full wp-image-461766\" src=\"https:\/\/hashtag.al\/wp-content\/uploads\/2021\/07\/proteste.jpg\" alt=\"\" width=\"915\" height=\"489\" srcset=\"https:\/\/www.hashtag.al\/wp-content\/uploads\/2021\/07\/proteste.jpg 915w, https:\/\/www.hashtag.al\/wp-content\/uploads\/2021\/07\/proteste-300x160.jpg 300w, https:\/\/www.hashtag.al\/wp-content\/uploads\/2021\/07\/proteste-768x410.jpg 768w\" sizes=\"auto, (max-width: 915px) 100vw, 915px\" \/><\/a><\/p>\n<p><span style=\"color: #000000;\">Pronar\u00ebt e lokaleve n\u00eb Vlor\u00eb kan\u00eb dal\u00eb n\u00eb protest\u00eb p\u00ebrball\u00eb ambienteve t\u00eb Drejtoris\u00eb s\u00eb Policis\u00eb, p\u00ebr t\u00eb kund\u00ebrshtuar masat parandaluese t\u00eb vendosura nga qeveria kund\u00ebr Covid-19.<\/span><\/p>\n<p><span style=\"color: #000000;\">Protestuesit paralajm\u00ebrojn\u00eb se duke nisur nga e h\u00ebna do t\u00eb ket\u00eb mbyllje totale t\u00eb bizneseve n\u00ebse nuk adresohen shqet\u00ebsimet e tyre.<\/span><\/p>\n<p><span style=\"color: #000000;\"><em>\u00a0\u201cNe si biznese n\u00eb Vlor\u00eb jemi mbledhur p\u00ebr disa masa administrative q\u00eb u kan\u00eb b\u00ebr\u00eb disa koleg\u00ebve tan\u00eb. Po ashtu marr\u00eb shkas sepse nga kjo situat\u00eb \u00e7do nat\u00eb biznese po p\u00ebrballen me sherre. Jemi t\u00eb vendosur se n\u00ebse kryeministri nuk ndryshon orarin e mbylljes s\u00eb aktivitetit p\u00ebrgjat\u00eb Lungomare, ne n\u00eb t\u00eb gjith\u00eb Vlor\u00ebn do t\u00eb krijojm\u00eb nj\u00eb mbyllje totale, duke filluar nga e h\u00ebna. Dometh\u00ebn\u00eb n\u00eb Vlor\u00eb do t\u00eb ket\u00eb nj\u00eb shotdo\u00ebntotal. N\u00eb Kosov\u00eb mor\u00ebn vesh se jan\u00eb mbledhur artist\u00ebt dhe \u00ebsht\u00eb hapur orari, ka kaluar ora 1.\u201d-<\/em>\u00a0\u00ebsht\u00eb shprehur p\u00ebr mediet pronari i nj\u00eb biznesi.<\/span><\/p>\n<p><span style=\"color: #000000;\">Nj\u00eb tjet\u00ebr biznesmen u shpreh se kryeministrin Rama e ka klient t\u00eb lokalit t\u00eb tij: <em>\u201dKujtoj nj\u00eb shprehje t\u00eb kryeministrit n\u00eb Parlament ku tha s\u2019keni par\u00eb gj\u00eb akoma, nga e h\u00ebna do e shohi ai se \u00e7\u2019do b\u00ebjm\u00eb ne sepse na ka d\u00ebmtuar shum\u00eb.<\/em><\/span><br \/>\n<span style=\"color: #000000;\"><em>Un\u00eb e kam klient dhe i frekuenton lokalet e mia dhe dua q\u00eb ai t\u00eb jet\u00eb atje dhe t\u00eb vijoj\u00eb policia t\u00eb b\u00ebj\u00eb t\u00eb nj\u00ebjtat veprime, por mbreti i vetshpallur nuk ngrihet ai vet\u00ebm jep urdhra\u201c.<\/em><\/span><\/p>\n<p><span style=\"color: #000000;\">Biznesmeni shprehet se n\u00eb k\u00ebto kushte nuk arrijn\u00eb t\u00eb dalin n\u00eb fitime. P\u00ebr k\u00ebt\u00eb arsye b\u00ebri nj\u00eb propozim q\u00eb menaxher\u00ebt ti kalojn\u00eb n\u00eb kamarier\u00eb dhe kursimet t\u00eb ia japin Ram\u00ebs, q\u00eb t\u2019i marr\u00eb ai n\u00eb menaxhim lokalet.<\/span><\/p>\n<p><em><span style=\"color: #000000;\">\u201cNe nuk arrijm\u00eb dot t\u00eb dalim n\u00eb fitim dhe me k\u00ebto kufizime e mbyllje ku nuk ulen taksat, por vjen polici tek dera jo sikur jemi n\u00eb turiz\u00ebm, por sikur jemi n\u00eb Siri. Ne i b\u00ebjm\u00eb thirrje kryeministrit, vet\u00ebm tek ty kryeminist\u00ebr kemi besim q\u00eb t\u00eb vish t\u00eb na menaxhosh lokalet dhe t\u00eb ofrojm\u00eb dyfishin e pag\u00ebs q\u00eb merr si kryeminist\u00ebr, me gjith\u00eb bujarin\u00eb q\u00eb kan\u00eb t\u00eb gjith\u00eb vlonjat\u00ebt s\u00eb bashku.<\/span><\/em><\/p>\n<p><span style=\"color: #000000;\"><em>Do t\u2019i kalojm\u00eb menaxher\u00ebt tan\u00eb kamarier dhe lek\u00ebt q\u00eb do t\u00eb kursejm\u00eb do t\u2019ja japim kryeministrit me besim t\u00eb plot\u00eb se ai nuk na vjedh dhe na \u00e7on drejt falimentimit\u201d, shprehet ai, nd\u00ebrsa shtoi: T\u00eb gjith\u00eb bizneset e Lungomares po goditet fort, sjellja e policis\u00eb \u00ebsht\u00eb ekstreme. Nd\u00ebrsa p\u00ebrtej Llogarait shohim q\u00eb komplekset ecin shum\u00eb bukur, jan\u00eb komplekse q\u00eb kan\u00eb krah tek dera dhe nuk guxon polici t\u00eb shkoj\u00eb atje. Vet\u00ebm n\u00eb Vlor\u00eb po shohim goditje.\u201d<\/em>&#8211; tha ai.<\/span><\/p>\n","protected":false,"gt_translate_keys":[{"key":"rendered","format":"html"}]},"excerpt":{"rendered":"<p>Pronar\u00ebt e lokaleve n\u00eb Vlor\u00eb kan\u00eb dal\u00eb n\u00eb protest\u00eb p\u00ebrball\u00eb ambienteve t\u00eb Drejtoris\u00eb s\u00eb Policis\u00eb, p\u00ebr t\u00eb kund\u00ebrshtuar masat parandaluese t\u00eb vendosura nga qeveria kund\u00ebr Covid-19. Protestuesit paralajm\u00ebrojn\u00eb se duke nisur nga e h\u00ebna do t\u00eb ket\u00eb mbyllje totale t\u00eb bizneseve n\u00ebse nuk adresohen shqet\u00ebsimet e tyre. \u00a0\u201cNe si biznese n\u00eb Vlor\u00eb jemi mbledhur p\u00ebr [&hellip;]<\/p>\n","protected":false,"gt_translate_keys":[{"key":"rendered","format":"html"}]},"author":30,"featured_media":461766,"comment_status":"closed","ping_status":"closed","sticky":false,"template":"","format":"standard","meta":{"footnotes":""},"categories":[22,65,13],"tags":[],"class_list":["post-461765","post","type-post","status-publish","format-standard","has-post-thumbnail","hentry","category-ballina","category-lajme","category-te-fundit"],"gt_translate_keys":[{"key":"link","format":"url"}],"_links":{"self":[{"href":"https:\/\/www.hashtag.al\/index.php\/wp-json\/wp\/v2\/posts\/461765","targetHints":{"allow":["GET"]}}],"collection":[{"href":"https:\/\/www.hashtag.al\/index.php\/wp-json\/wp\/v2\/posts"}],"about":[{"href":"https:\/\/www.hashtag.al\/index.php\/wp-json\/wp\/v2\/types\/post"}],"author":[{"embeddable":true,"href":"https:\/\/www.hashtag.al\/index.php\/wp-json\/wp\/v2\/users\/30"}],"replies":[{"embeddable":true,"href":"https:\/\/www.hashtag.al\/index.php\/wp-json\/wp\/v2\/comments?post=461765"}],"version-history":[{"count":0,"href":"https:\/\/www.hashtag.al\/index.php\/wp-json\/wp\/v2\/posts\/461765\/revisions"}],"wp:featuredmedia":[{"embeddable":true,"href":"https:\/\/www.hashtag.al\/index.php\/wp-json\/wp\/v2\/media\/461766"}],"wp:attachment":[{"href":"https:\/\/www.hashtag.al\/index.php\/wp-json\/wp\/v2\/media?parent=461765"}],"wp:term":[{"taxonomy":"category","embeddable":true,"href":"https:\/\/www.hashtag.al\/index.php\/wp-json\/wp\/v2\/categories?post=461765"},{"taxonomy":"post_tag","embeddable":true,"href":"https:\/\/www.hashtag.al\/index.php\/wp-json\/wp\/v2\/tags?post=461765"}],"curies":[{"name":"wp","href":"https:\/\/api.w.org\/{rel}","templated":true}]}}