{"id":461620,"date":"2021-07-13T15:34:02","date_gmt":"2021-07-13T13:34:02","guid":{"rendered":"https:\/\/hashtag.al\/?p=461620"},"modified":"2021-07-13T15:34:02","modified_gmt":"2021-07-13T13:34:02","slug":"keshilli-i-larte-i-prokurorise-cakton-drejtues-te-perkohshem-ne-disa-prokurori","status":"publish","type":"post","link":"https:\/\/www.hashtag.al\/index.php\/2021\/07\/13\/keshilli-i-larte-i-prokurorise-cakton-drejtues-te-perkohshem-ne-disa-prokurori\/","title":{"rendered":"K\u00ebshilli i Lart\u00eb i Prokuroris\u00eb cakton drejtues t\u00eb p\u00ebrkohsh\u00ebm n\u00eb disa prokurori","gt_translate_keys":[{"key":"rendered","format":"text"}]},"content":{"rendered":"<p><span style=\"color: #000000;\"><img loading=\"lazy\" decoding=\"async\" class=\"aligncenter size-full wp-image-328776\" src=\"https:\/\/hashtag.al\/wp-content\/uploads\/2019\/10\/gentklp.jpg\" alt=\"\" width=\"900\" height=\"600\" srcset=\"https:\/\/www.hashtag.al\/wp-content\/uploads\/2019\/10\/gentklp.jpg 900w, https:\/\/www.hashtag.al\/wp-content\/uploads\/2019\/10\/gentklp-300x200.jpg 300w, https:\/\/www.hashtag.al\/wp-content\/uploads\/2019\/10\/gentklp-768x512.jpg 768w\" sizes=\"auto, (max-width: 900px) 100vw, 900px\" \/><\/span><\/p>\n<p><span style=\"color: #000000;\">K\u00ebshilli i Lart\u00eb i Prokuroris\u00eb ka caktuar sot drejtuesit e p\u00ebrkohsh\u00ebm n\u00eb n\u00ebnt\u00eb prokurori. <\/span><\/p>\n<p><span style=\"color: #000000;\">Ata do mbajn\u00eb pozicionet n\u00eb fjal\u00eb p\u00ebr nj\u00eb periudh\u00eb tremujore. <\/span><\/p>\n<p><span style=\"color: #000000;\">Gjat\u00eb mbledhjes jan\u00eb marr\u00eb edhe disa vendime t\u00eb tjera, q\u00eb kan\u00eb t\u00eb b\u00ebjn\u00eb me kandidimin e disa prokuror\u00ebve p\u00ebr drejtues n\u00eb prokurori t\u00eb vendit.<\/span><\/p>\n<p><span style=\"color: #000000;\"><strong>Njoftimi<\/strong><\/span><\/p>\n<p><em><span style=\"color: #000000;\">K\u00ebshilli i Lart\u00eb i Prokuroris\u00eb zhvilloi sot, m\u00eb 13.07.2021, mbledhjen plenare n\u00eb prani t\u00eb 10 (dhjet\u00eb) an\u00ebtar\u00ebve, n\u00eb munges\u00eb s\u00eb znj. Nurihan Seiti.<\/span><\/em><\/p>\n<p><em><span style=\"color: #000000;\">Seanca u ndoq edhe nga p\u00ebrfaq\u00ebsueset e Ministris\u00eb s\u00eb Drejt\u00ebsis\u00eb dhe programeve t\u00eb asistenc\u00ebs p\u00ebr zbatimin e reform\u00ebs n\u00eb drejt\u00ebsi, EURALIUS dhe OPDAT.<\/span><\/em><\/p>\n<p><em><span style=\"color: #000000;\">K\u00ebshilli vendosi me vot\u00eb unanime t\u00eb vler\u00ebsoj\u00eb t\u00eb p\u00ebrfunduar procedur\u00ebn e verifikimit t\u00eb pasuris\u00eb dhe figur\u00ebs p\u00ebr prokurorin Abaz Mu\u00e7a, kandidat p\u00ebr pozicionin e Drejtuesit t\u00eb Prokuroris\u00eb pran\u00eb Gjykat\u00ebs s\u00eb Shkall\u00ebs s\u00eb Par\u00eb Mat dhe t\u00eb lejoj\u00eb kandidatin (Abaz Mu\u00e7a) t\u00eb vijoj\u00eb me procedurat e m\u00ebtejshme t\u00eb ngritjes n\u00eb detyr\u00eb p\u00ebr pozicionin e Drejtuesit t\u00eb Prokuroris\u00eb pran\u00eb Gjykat\u00ebs Shkall\u00ebs s\u00eb Par\u00eb Mat.<\/span><\/em><\/p>\n<p><em><span style=\"color: #000000;\">Pasi u njoh me relacionin e p\u00ebrgatitur nga Komisioni i Zhvillimit t\u00eb Karrier\u00ebs, K\u00ebshilli vendosi unanimisht p\u00ebr nd\u00ebrprerjen dhe p\u00ebrfundimin e procedur\u00ebs s\u00eb verifikimit t\u00eb pasuris\u00eb dhe figur\u00ebs p\u00ebr prokurorin Gentian Stoja, kandidat p\u00ebr pozicionin e Drejtuesit n\u00eb Prokurorin\u00eb pran\u00eb Gjykat\u00ebs s\u00eb Shkall\u00ebs s\u00eb Par\u00eb Kor\u00e7\u00eb.<\/span><\/em><\/p>\n<p><em><span style=\"color: #000000;\">Me vot\u00eb unanime, K\u00ebshilli vendosi p\u00ebr 9 (n\u00ebnt\u00eb) caktime t\u00eb p\u00ebrkohshme p\u00ebr nj\u00eb periudh\u00eb tremujore, nga data e hyrjes n\u00eb fuqi t\u00eb vendimit, si vijon:<\/span><\/em><\/p>\n<ol>\n<li><em><span style=\"color: #000000;\">Albert Mur\u00e7aj, n\u00eb pozicionin e Drejtuesit t\u00eb Prokuroris\u00eb pran\u00eb Gjykat\u00ebs s\u00eb Shkall\u00ebs s\u00eb Par\u00eb Shkod\u00ebr;<\/span><\/em><\/li>\n<\/ol>\n<p><em><span style=\"color: #000000;\">Znj. Irena \u00c7unoti, n\u00eb pozicionin e prokurorit n\u00eb Prokurorin\u00eb pran\u00eb Gjykat\u00ebs s\u00eb Apelit Kor\u00e7\u00eb;<\/span><\/em><\/p>\n<p><em><span style=\"color: #000000;\">Znj. Af\u00ebrdita Ndoi, n\u00eb pozicionin e prokurorit n\u00eb Prokurorin\u00eb pran\u00eb Gjykat\u00ebs s\u00eb Apelit Durr\u00ebs;<\/span><\/em><\/p>\n<ol>\n<li><em><span style=\"color: #000000;\">Ludovik Dodaj, n\u00eb pozicionin e Drejtuesit t\u00eb Prokuroris\u00eb pran\u00eb Gjykat\u00ebs s\u00eb Apelit Durr\u00ebs;<\/span><\/em><\/li>\n<li><em><span style=\"color: #000000;\">Lorenc M\u00ebrkuri, n\u00eb pozicionin e Drejtuesit t\u00eb Prokuroris\u00eb pran\u00eb Gjykat\u00ebs s\u00eb Shkalles s\u00eb Par\u00eb Sarand\u00eb;<\/span><\/em><\/li>\n<li><em><span style=\"color: #000000;\">Asllan Bajramaj, n\u00eb pozicionin e Drejtuesit t\u00eb Prokuroris\u00eb pran\u00eb Gjykat\u00ebs s\u00eb Shkalles s\u00eb Par\u00eb P\u00ebrmet;<\/span><\/em><\/li>\n<li><em><span style=\"color: #000000;\">Aurel Zarka, n\u00eb pozicionin e Drejtuesit t\u00eb Prokuroris\u00eb pran\u00eb Gjykat\u00ebs s\u00eb Shkalles s\u00eb Par\u00eb Vlor\u00eb;<\/span><\/em><\/li>\n<li><em><span style=\"color: #000000;\">Erion \u00c7ela, n\u00eb pozicionin e Drejtuesit t\u00eb Prokuroris\u00eb pran\u00eb Gjykat\u00ebs s\u00eb Apelit Vlor\u00eb;<\/span><\/em><\/li>\n<li><em><span style=\"color: #000000;\">Gjon Fusha, n\u00eb pozicionin e Drejtuesit t\u00eb Prokuroris\u00eb pran\u00eb Gjykat\u00ebs s\u00eb Apelit Gjirokast\u00ebr.<\/span><\/em><\/li>\n<\/ol>\n<p><em><span style=\"color: #000000;\">Bazuar n\u00eb nenet 14 dhe 33 t\u00eb Ligjit Nr. 96\/2016, \u201cP\u00ebr statusin e gjyqtar\u00ebve dhe prokuror\u00ebve n\u00eb Republik\u00ebn e Shqip\u00ebris\u00eb\u201d,i ndryshuar, K\u00ebshilli i Lart\u00eb i Prokuroris\u00eb vendosi me 9 vota pro dhe 1 kund\u00ebr (z. Vat\u00eb Staka), t\u00eb caktoj\u00eb p\u00ebrkat\u00ebsisht Prokurorin\u00eb pran\u00eb Gjykat\u00ebs s\u00eb Shkall\u00ebs s\u00eb Par\u00eb Tiran\u00eb, Prokurorin\u00eb pran\u00eb Gjykat\u00ebs s\u00eb Shkall\u00ebs s\u00eb Par\u00eb Elbasan, Prokurorin\u00eb pran\u00eb Gjykat\u00ebs s\u00eb Shkall\u00ebs s\u00eb Par\u00eb Dib\u00ebr dhe Prokurorin\u00eb pran\u00eb Gjykat\u00ebs s\u00eb Shkall\u00ebs s\u00eb Par\u00eb Kor\u00e7\u00eb, q\u00eb do t\u00eb sh\u00ebrbejn\u00eb si zyra prokurorie p\u00ebr kryerjen e praktik\u00ebs profesionale p\u00ebr 23 kandidat\u00eb magjistrat\u00eb n\u00eb profilin \u201cprokuror\u201d, p\u00ebr vitin akademik 2021-2022, dhe t\u00eb caktoj\u00eb magjistrat\u00ebt prokuror\u00eb udh\u00ebheq\u00ebs p\u00ebr periudh\u00ebn korrik 2021- qershor 2022, p\u00ebr kandidat\u00ebt p\u00ebr magjistrat\u00eb, profili \u201cprokuror\u201d, p\u00ebr vitin akademik 2021-2022.<\/span><\/em><\/p>\n<p><em><span style=\"color: #000000;\">Magjistrati prokuror udh\u00ebheq\u00ebs b\u00ebn vler\u00ebsimin etik dhe profesional t\u00eb secilit kandidat magjistrat, profili prokuror, duke u bazuar n\u00eb kriteret dhe nivelet e vler\u00ebsimit, t\u00eb p\u00ebrcaktuara n\u00eb ligj.<\/span><\/em><\/p>\n<p><em><span style=\"color: #000000;\">Pasi u njoh me raportin e p\u00ebrgatitur nga Komisioni i Vler\u00ebsimit t\u00eb Veprimtaris\u00eb Etike dhe Profesionale, K\u00ebshilli vendosi miratimin e Raportit p\u00ebr analizimin e aft\u00ebsive profesionale t\u00eb subjektit t\u00eb rivler\u00ebsimit kalimtar, prokurorit Endrit Bimi. Nj\u00eb kopje e k\u00ebtij Raporti i d\u00ebrgohet Komisionit t\u00eb Pavarur t\u00eb Kualifikimit dhe Operacionit Nd\u00ebrkomb\u00ebtar t\u00eb Monitorimit.<\/span><\/em><\/p>\n<p><em><span style=\"color: #000000;\">N\u00eb p\u00ebrfundim t\u00eb seanc\u00ebs plenare, K\u00ebshilli caktoi me short z. Bujar Sheshi, si relator p\u00ebr procedur\u00ebn e ngritjes n\u00eb detyr\u00ebn e drejtuesit, t\u00eb prokurorit Ludovik Dodaj, kandidat p\u00ebr vendin vakant t\u00eb Drejtuesit n\u00eb Prokurorin\u00eb pran\u00eb Gjykat\u00ebs s\u00eb Apelit Durr\u00ebs, i cili rezulton t\u00eb ket\u00eb p\u00ebrfunduar procesin e verifikimit nga ana e K\u00ebshillit.<\/span><\/em><\/p>\n","protected":false,"gt_translate_keys":[{"key":"rendered","format":"html"}]},"excerpt":{"rendered":"<p>K\u00ebshilli i Lart\u00eb i Prokuroris\u00eb ka caktuar sot drejtuesit e p\u00ebrkohsh\u00ebm n\u00eb n\u00ebnt\u00eb prokurori. Ata do mbajn\u00eb pozicionet n\u00eb fjal\u00eb p\u00ebr nj\u00eb periudh\u00eb tremujore. Gjat\u00eb mbledhjes jan\u00eb marr\u00eb edhe disa vendime t\u00eb tjera, q\u00eb kan\u00eb t\u00eb b\u00ebjn\u00eb me kandidimin e disa prokuror\u00ebve p\u00ebr drejtues n\u00eb prokurori t\u00eb vendit. Njoftimi K\u00ebshilli i Lart\u00eb i Prokuroris\u00eb zhvilloi [&hellip;]<\/p>\n","protected":false,"gt_translate_keys":[{"key":"rendered","format":"html"}]},"author":51,"featured_media":328776,"comment_status":"closed","ping_status":"closed","sticky":false,"template":"","format":"standard","meta":{"footnotes":""},"categories":[65,13],"tags":[],"class_list":["post-461620","post","type-post","status-publish","format-standard","has-post-thumbnail","hentry","category-lajme","category-te-fundit"],"gt_translate_keys":[{"key":"link","format":"url"}],"_links":{"self":[{"href":"https:\/\/www.hashtag.al\/index.php\/wp-json\/wp\/v2\/posts\/461620","targetHints":{"allow":["GET"]}}],"collection":[{"href":"https:\/\/www.hashtag.al\/index.php\/wp-json\/wp\/v2\/posts"}],"about":[{"href":"https:\/\/www.hashtag.al\/index.php\/wp-json\/wp\/v2\/types\/post"}],"author":[{"embeddable":true,"href":"https:\/\/www.hashtag.al\/index.php\/wp-json\/wp\/v2\/users\/51"}],"replies":[{"embeddable":true,"href":"https:\/\/www.hashtag.al\/index.php\/wp-json\/wp\/v2\/comments?post=461620"}],"version-history":[{"count":0,"href":"https:\/\/www.hashtag.al\/index.php\/wp-json\/wp\/v2\/posts\/461620\/revisions"}],"wp:featuredmedia":[{"embeddable":true,"href":"https:\/\/www.hashtag.al\/index.php\/wp-json\/wp\/v2\/media\/328776"}],"wp:attachment":[{"href":"https:\/\/www.hashtag.al\/index.php\/wp-json\/wp\/v2\/media?parent=461620"}],"wp:term":[{"taxonomy":"category","embeddable":true,"href":"https:\/\/www.hashtag.al\/index.php\/wp-json\/wp\/v2\/categories?post=461620"},{"taxonomy":"post_tag","embeddable":true,"href":"https:\/\/www.hashtag.al\/index.php\/wp-json\/wp\/v2\/tags?post=461620"}],"curies":[{"name":"wp","href":"https:\/\/api.w.org\/{rel}","templated":true}]}}