{"id":461278,"date":"2021-07-11T17:54:48","date_gmt":"2021-07-11T15:54:48","guid":{"rendered":"https:\/\/hashtag.al\/?p=461278"},"modified":"2021-07-11T17:54:48","modified_gmt":"2021-07-11T15:54:48","slug":"sekretarja-amerikane-e-thesarit-konkurrenca-duhet-te-mbeshtetet-te-parimet-ekonomike-dhe-jo-taksat-e-uleta","status":"publish","type":"post","link":"https:\/\/www.hashtag.al\/index.php\/2021\/07\/11\/sekretarja-amerikane-e-thesarit-konkurrenca-duhet-te-mbeshtetet-te-parimet-ekonomike-dhe-jo-taksat-e-uleta\/","title":{"rendered":"Sekretarja amerikane e Thesarit: Konkurrenca duhet t\u00eb mb\u00ebshtetet te parimet ekonomike dhe jo taksat e ul\u00ebta","gt_translate_keys":[{"key":"rendered","format":"text"}]},"content":{"rendered":"<p><span style=\"color: #000000;\"><img loading=\"lazy\" decoding=\"async\" class=\"aligncenter size-full wp-image-461279\" src=\"https:\/\/hashtag.al\/wp-content\/uploads\/2021\/07\/yellen.png\" alt=\"\" width=\"1125\" height=\"683\" srcset=\"https:\/\/www.hashtag.al\/wp-content\/uploads\/2021\/07\/yellen.png 1125w, https:\/\/www.hashtag.al\/wp-content\/uploads\/2021\/07\/yellen-300x182.png 300w, https:\/\/www.hashtag.al\/wp-content\/uploads\/2021\/07\/yellen-768x466.png 768w, https:\/\/www.hashtag.al\/wp-content\/uploads\/2021\/07\/yellen-1024x622.png 1024w\" sizes=\"auto, (max-width: 1125px) 100vw, 1125px\" \/><\/span><\/p>\n<p><span style=\"color: #000000;\">Sekretarja amerikane e Thesarit, Janet Yellen tha t\u00eb diel\u00ebn se ndalimi i p\u00ebrdorimit t\u00eb parajsave fiskale do t&#8217;i lejoj\u00eb vendet t\u00eb konkurojn\u00eb bazuar mbi parimet ekonomike &#8211; n\u00eb vend q\u00eb t\u00eb ofrohen taksa gjithnj\u00eb e m\u00eb t\u00eb ul\u00ebta q\u00eb privojn\u00eb qeverit\u00eb nga fondet p\u00ebr infrastruktur\u00ebn dhe arsimin.<\/span><\/p>\n<p><span style=\"color: #000000;\">Zonja Yellen foli pasi ministrat e financave nga Grupi i 20 ekonomive kryesore miratuan nj\u00eb taks\u00eb minimale globale p\u00ebr korporatat prej t\u00eb pakt\u00ebn 15%, nj\u00eb mas\u00eb q\u00eb synon shmamgien e p\u00ebrdorimit t\u00eb parajsave fiskale.<\/span><\/p>\n<p><span style=\"color: #000000;\">&#8220;<em>N\u00eb vend q\u00eb t\u00eb shtrohet pyetja: &#8216;Kush mund t\u00eb ofroj\u00eb taks\u00ebn m\u00eb t\u00eb ul\u00ebt?&#8217; kjo do t\u00eb lejoj\u00eb q\u00eb t\u00eb gjitha vendet tona t\u00eb konkurrojn\u00eb n\u00eb baz\u00eb t\u00eb parimeve ekonomike &#8211; t\u00eb aft\u00ebsis\u00eb s\u00eb krahut t\u00eb pun\u00ebs dhe asaj t\u00eb institucioneve tona ligjore dhe ekonomike,<\/em>&#8221; tha ajo n\u00eb nj\u00eb konferenc\u00eb shtypi pas p\u00ebrfundimit t\u00eb takimit n\u00eb Venecia.<\/span><\/p>\n<p><span style=\"color: #000000;\">&#8220;<em>Dhe kjo marr\u00ebveshje do t&#8217;u jap\u00eb vendeve tona aft\u00ebsin\u00eb p\u00ebr t\u00eb mbledhur fondet e nevojshme p\u00ebr sh\u00ebrbimet e r\u00ebnd\u00ebsishme publike si infrastruktura, studimi dhe zhvillimi, si edhe arsimi,<\/em>&#8221; shtoi zonja Yellen.<\/span><\/p>\n<p><span style=\"color: #000000;\">Propozimi p\u00ebr taksat p\u00ebrballet me pengesa politike dhe teknike p\u00ebrpara se t\u00eb hyj\u00eb n\u00eb fuqi. Detajet do t\u00eb sqarohen n\u00eb jav\u00ebt e ardhshme n\u00eb Organizat\u00ebn p\u00ebr Bashk\u00ebpunim Ekonomik dhe Zhvillim n\u00eb Paris, duhet t\u00eb pasohen nga nj\u00eb miratim p\u00ebrfundimtar nga president\u00ebt dhe kryeministrat e Grupit t\u00eb 20-es n\u00eb nj\u00eb takim n\u00eb fund t\u00eb tetorit n\u00eb Rom\u00eb.<\/span><\/p>\n<p><span style=\"color: #000000;\">M\u00eb pas, vendet do t\u00eb duhet ta parashikojn\u00eb at\u00eb p\u00ebrqindje takse n\u00eb ligjet e tyre. Ideja \u00ebsht\u00eb q\u00eb vendet individuale t\u00eb taksojn\u00eb fitimet e huaja t\u00eb kompanive, n\u00ebse ato fitime nuk taksohen n\u00eb parajsat fiskale. Kjo do t\u00eb eliminonte shtys\u00ebn p\u00ebr p\u00ebrdorimin e skemave komplekse t\u00eb kontabilitetit p\u00ebr t\u00eb zhvendosur fitimet n\u00eb vendet me taksa t\u00eb ul\u00ebta ku kompanit\u00eb kan\u00eb pak ose aspak aktivitet biznesi.<\/span><\/p>\n<p><span style=\"color: #000000;\">Shtetet e Bashkuara e kan\u00eb nj\u00eb taks\u00eb t\u00eb till\u00eb mbi fitimet nga jasht\u00eb vendit, por \u00ebsht\u00eb n\u00ebn minimumin e propozuar prej 15%. Republikan\u00ebt e Kongresit e kan\u00eb kund\u00ebrshtuar propozimin e Presidentit Joe Biden p\u00ebr t\u00eb rritur taks\u00ebn p\u00ebr fitimet e korporatave jasht\u00eb vendit n\u00eb 21% p\u00ebr t\u00eb kontribuar p\u00ebr fondet p\u00ebr infrastruktur\u00ebn dhe investimet n\u00eb energji t\u00eb past\u00ebr. Presidenti demokrat ka nj\u00eb ep\u00ebrsi t\u00eb leht\u00eb n\u00eb Kongres.<\/span><\/p>\n<p><span style=\"color: #000000;\">Tre vende t\u00eb Bashkimit Evropian q\u00eb mor\u00ebn pjes\u00eb n\u00eb bisedime mbi taks\u00ebn minimale kan\u00eb refuzuar t\u00eb mb\u00ebshtesin propozimin. Irlanda, Hungaria dhe Estonia mund t\u00eb pengojn\u00eb miratimin e saj n\u00eb Evrop\u00eb, ku \u00e7\u00ebshtjet e taksave k\u00ebrkojn\u00eb unanimitet n\u00eb BE. Irlanda, nivelet e ul\u00ebta t\u00eb taksave t\u00eb s\u00eb cil\u00ebs jan\u00eb pjes\u00eb e modelit t\u00eb saj ekonomik pro biznesit, ka th\u00ebn\u00eb q\u00eb niveli i saj prej 12.5% \u00ebsht\u00eb nj\u00eb norm\u00eb e drejt\u00eb.<\/span><\/p>\n<p><span style=\"color: #000000;\">Propozimi i taksave gjithashtu do t&#8217;u jepte vendeve t\u00eb drejt\u00ebn p\u00ebr t\u00eb taksuar nj\u00eb pjes\u00eb t\u00eb fitimeve t\u00eb kompanive t\u00eb m\u00ebdha globale q\u00eb fitojn\u00eb para n\u00eb juridiksionin e tyre por nuk kan\u00eb prani fizike atje. Shembujt do t\u00eb p\u00ebrfshinin shitjen me pakic\u00eb n\u00eb internet dhe reklamimin dixhital.<\/span><\/p>\n<p><span style=\"color: #000000;\">Disa vende, me n\u00eb krye Franc\u00ebn, tashm\u00eb kan\u00eb filluar t\u00eb vendosin taksa t\u00eb tilla p\u00ebr kompanit\u00eb amerikane t\u00eb teknologjis\u00eb si Google dhe Amazon. SHBA i konsideron taksa t\u00eb tilla si praktika t\u00eb padrejta tregtare dhe kan\u00eb k\u00ebrc\u00ebnuar t\u00eb kund\u00ebrp\u00ebrgjigjen p\u00ebrmes tarifave p\u00ebr mallrat e importuara. Sipas marr\u00ebveshjes s\u00eb taksave, vendet do t\u2019i heqin k\u00ebto taksa n\u00eb favor t\u00eb nj\u00eb qasjeje t\u00eb unifikuar globale.<\/span><\/p>\n<p>&nbsp;<\/p>\n","protected":false,"gt_translate_keys":[{"key":"rendered","format":"html"}]},"excerpt":{"rendered":"<p>Sekretarja amerikane e Thesarit, Janet Yellen tha t\u00eb diel\u00ebn se ndalimi i p\u00ebrdorimit t\u00eb parajsave fiskale do t&#8217;i lejoj\u00eb vendet t\u00eb konkurojn\u00eb bazuar mbi parimet ekonomike &#8211; n\u00eb vend q\u00eb t\u00eb ofrohen taksa gjithnj\u00eb e m\u00eb t\u00eb ul\u00ebta q\u00eb privojn\u00eb qeverit\u00eb nga fondet p\u00ebr infrastruktur\u00ebn dhe arsimin. Zonja Yellen foli pasi ministrat e financave nga [&hellip;]<\/p>\n","protected":false,"gt_translate_keys":[{"key":"rendered","format":"html"}]},"author":32,"featured_media":461279,"comment_status":"closed","ping_status":"open","sticky":false,"template":"","format":"standard","meta":{"footnotes":""},"categories":[6,13],"tags":[],"class_list":["post-461278","post","type-post","status-publish","format-standard","has-post-thumbnail","hentry","category-nderkombetare","category-te-fundit"],"gt_translate_keys":[{"key":"link","format":"url"}],"_links":{"self":[{"href":"https:\/\/www.hashtag.al\/index.php\/wp-json\/wp\/v2\/posts\/461278","targetHints":{"allow":["GET"]}}],"collection":[{"href":"https:\/\/www.hashtag.al\/index.php\/wp-json\/wp\/v2\/posts"}],"about":[{"href":"https:\/\/www.hashtag.al\/index.php\/wp-json\/wp\/v2\/types\/post"}],"author":[{"embeddable":true,"href":"https:\/\/www.hashtag.al\/index.php\/wp-json\/wp\/v2\/users\/32"}],"replies":[{"embeddable":true,"href":"https:\/\/www.hashtag.al\/index.php\/wp-json\/wp\/v2\/comments?post=461278"}],"version-history":[{"count":0,"href":"https:\/\/www.hashtag.al\/index.php\/wp-json\/wp\/v2\/posts\/461278\/revisions"}],"wp:featuredmedia":[{"embeddable":true,"href":"https:\/\/www.hashtag.al\/index.php\/wp-json\/wp\/v2\/media\/461279"}],"wp:attachment":[{"href":"https:\/\/www.hashtag.al\/index.php\/wp-json\/wp\/v2\/media?parent=461278"}],"wp:term":[{"taxonomy":"category","embeddable":true,"href":"https:\/\/www.hashtag.al\/index.php\/wp-json\/wp\/v2\/categories?post=461278"},{"taxonomy":"post_tag","embeddable":true,"href":"https:\/\/www.hashtag.al\/index.php\/wp-json\/wp\/v2\/tags?post=461278"}],"curies":[{"name":"wp","href":"https:\/\/api.w.org\/{rel}","templated":true}]}}