{"id":461209,"date":"2021-07-11T11:18:26","date_gmt":"2021-07-11T09:18:26","guid":{"rendered":"https:\/\/hashtag.al\/?p=461209"},"modified":"2021-07-11T11:18:26","modified_gmt":"2021-07-11T09:18:26","slug":"dy-dite-rresht-lufte-mes-policise-dhe-bandave-ne-venezuele-26-te-vdekur","status":"publish","type":"post","link":"https:\/\/www.hashtag.al\/index.php\/2021\/07\/11\/dy-dite-rresht-lufte-mes-policise-dhe-bandave-ne-venezuele-26-te-vdekur\/","title":{"rendered":"Dy dit\u00eb rresht \u201cluft\u00eb\u201d mes policis\u00eb dhe bandave n\u00eb Venezuel\u00eb, 26 t\u00eb vdekur","gt_translate_keys":[{"key":"rendered","format":"text"}]},"content":{"rendered":"<p><a href=\"https:\/\/hashtag.al\/wp-content\/uploads\/2021\/07\/Venezuele.jpg\"><img loading=\"lazy\" decoding=\"async\" class=\"aligncenter size-full wp-image-461210\" src=\"https:\/\/hashtag.al\/wp-content\/uploads\/2021\/07\/Venezuele.jpg\" alt=\"\" width=\"976\" height=\"549\" srcset=\"https:\/\/www.hashtag.al\/wp-content\/uploads\/2021\/07\/Venezuele.jpg 976w, https:\/\/www.hashtag.al\/wp-content\/uploads\/2021\/07\/Venezuele-300x169.jpg 300w, https:\/\/www.hashtag.al\/wp-content\/uploads\/2021\/07\/Venezuele-768x432.jpg 768w\" sizes=\"auto, (max-width: 976px) 100vw, 976px\" \/><\/a><\/p>\n<p><span style=\"color: #000000;\">Zyrtar\u00ebt n\u00eb Venezuel\u00eb thon\u00eb se 22 an\u00ebtar\u00eb t\u00eb dyshuar t\u00eb nj\u00eb bande kriminale dhe kat\u00ebr oficer\u00eb policie kan\u00eb vdekur pas dy dit\u00ebsh p\u00ebrplasje me arm\u00eb n\u00eb kryeqytetin Karakas.<\/span><\/p>\n<p><span style=\"color: #000000;\">Ministrja e Brendshme Carmen Mel\u00e9ndez thot\u00eb se nj\u00eb num\u00ebr i paspecifikuar civil\u00ebsh u vran\u00eb dhe gati 40 njer\u00ebz u plagos\u00ebn nga k\u00ebto p\u00ebrplasje me arm\u00eb.<\/span><\/p>\n<p><span style=\"color: #000000;\">Si\u00e7 shkruan <span style=\"color: #0000ff;\"><a style=\"color: #0000ff;\" href=\"https:\/\/www.bbc.com\/news\/world-latin-america-57788117\">BBC<\/a><\/span>, qindra oficer\u00eb kan\u00eb nisur nj\u00eb operacion p\u00ebr kapjen e drejtuesve t\u00eb bandave, t\u00eb cil\u00ebt k\u00ebrkojn\u00eb t\u00eb zgjerojn\u00eb territorin e tyre. Nj\u00eb banor tha se ishte <em>&#8220;si nj\u00eb luft\u00eb&#8221;.<\/em><\/span><\/p>\n<p><span style=\"color: #000000;\">Policia ka sekuestruar arm\u00eb, p\u00ebrfshir\u00eb 24,000 fishek\u00eb.<\/span><\/p>\n<p><span style=\"color: #000000;\">Nj\u00eb oficer i tha agjencis\u00eb s\u00eb lajmeve AFP se autoritetet tani ishin n\u00ebn kontroll, por pranuan se <em>&#8220;mund t\u00eb ket\u00eb akoma disa snajper\u00eb&#8221;.<\/em> Zonja Mel\u00e9ndez tha se policia kishte <em>&#8220;p\u00ebrparuar n\u00eb \u00e7montimin e strukturave kriminale q\u00eb jan\u00eb vendosur n\u00eb k\u00ebto territore&#8221;.<\/em><\/span><\/p>\n<p><span style=\"color: #000000;\">Ajo tha se oficer\u00ebt kishin liruar qytetar\u00ebt e rr\u00ebmbyer nga bandat dhe do t\u00eb q\u00ebndronin t\u00eb vendosur <em>&#8220;p\u00ebr aq koh\u00eb sa t\u00eb ishte e nevojshme&#8221;.<\/em><\/span><\/p>\n<p><span style=\"color: #000000;\">Qeveria Venezuel\u00ebs ka ofruar shp\u00ebrblime deri n\u00eb 500 mij\u00eb dollar p\u00ebr informacionin q\u00eb \u00e7on n\u00eb ndalimin e bos\u00ebve t\u00eb bandave. Grupet lokale t\u00eb t\u00eb drejtave t\u00eb njeriut b\u00ebn\u00eb thirrje p\u00ebr nj\u00eb de-p\u00ebrshkall\u00ebzim t\u00eb dhun\u00ebs, duke shprehur &#8220;shqet\u00ebsim t\u00eb thell\u00eb p\u00ebr jet\u00ebn dhe sigurin\u00eb&#8221; e banor\u00ebve vendas.<\/span><\/p>\n<p><span style=\"color: #000000;\">Nd\u00ebrsa t\u00eb sht\u00ebnat duket se kan\u00eb p\u00ebrfunduar, dhjet\u00ebra civil\u00eb jan\u00eb larguar nga sht\u00ebpit\u00eb e tyre, t\u00eb frik\u00ebsuar nga plumbat.<\/span><\/p>\n<p><span style=\"color: #000000;\"><em>&#8220;Ne po p\u00ebrjetojm\u00eb trauma.&#8221;-<\/em> tha nj\u00eb banor p\u00ebr agjencin\u00eb e lajmeve Associated Press.<\/span><\/p>\n<p><span style=\"color: #000000;\">Ky\u00ebsht\u00eb operacioni i par\u00eb nd\u00ebr vite q\u00eb autoritetet kan\u00eb filluar nj\u00eb operacion t\u00eb madh kund\u00ebr bandave, raporton AFP.<\/span><\/p>\n<p><span style=\"color: #000000;\">Qeveria akuzon opozit\u00ebn, se me ndihm\u00ebn e fuqive t\u00eb huaja, ka orkestruar dhun\u00ebn p\u00ebr t\u00eb &#8220;<em>destabilizuar<\/em>&#8221; Presidentin Nicol\u00e1s Maduro.<\/span><\/p>\n<p><span style=\"color: #000000;\">Por mediat e opozit\u00ebs than\u00eb se qeveria ishte fajtore.<\/span><\/p>\n","protected":false,"gt_translate_keys":[{"key":"rendered","format":"html"}]},"excerpt":{"rendered":"<p>Zyrtar\u00ebt n\u00eb Venezuel\u00eb thon\u00eb se 22 an\u00ebtar\u00eb t\u00eb dyshuar t\u00eb nj\u00eb bande kriminale dhe kat\u00ebr oficer\u00eb policie kan\u00eb vdekur pas dy dit\u00ebsh p\u00ebrplasje me arm\u00eb n\u00eb kryeqytetin Karakas. Ministrja e Brendshme Carmen Mel\u00e9ndez thot\u00eb se nj\u00eb num\u00ebr i paspecifikuar civil\u00ebsh u vran\u00eb dhe gati 40 njer\u00ebz u plagos\u00ebn nga k\u00ebto p\u00ebrplasje me arm\u00eb. Si\u00e7 shkruan [&hellip;]<\/p>\n","protected":false,"gt_translate_keys":[{"key":"rendered","format":"html"}]},"author":30,"featured_media":461210,"comment_status":"closed","ping_status":"open","sticky":false,"template":"","format":"standard","meta":{"footnotes":""},"categories":[6,13],"tags":[],"class_list":["post-461209","post","type-post","status-publish","format-standard","has-post-thumbnail","hentry","category-nderkombetare","category-te-fundit"],"gt_translate_keys":[{"key":"link","format":"url"}],"_links":{"self":[{"href":"https:\/\/www.hashtag.al\/index.php\/wp-json\/wp\/v2\/posts\/461209","targetHints":{"allow":["GET"]}}],"collection":[{"href":"https:\/\/www.hashtag.al\/index.php\/wp-json\/wp\/v2\/posts"}],"about":[{"href":"https:\/\/www.hashtag.al\/index.php\/wp-json\/wp\/v2\/types\/post"}],"author":[{"embeddable":true,"href":"https:\/\/www.hashtag.al\/index.php\/wp-json\/wp\/v2\/users\/30"}],"replies":[{"embeddable":true,"href":"https:\/\/www.hashtag.al\/index.php\/wp-json\/wp\/v2\/comments?post=461209"}],"version-history":[{"count":0,"href":"https:\/\/www.hashtag.al\/index.php\/wp-json\/wp\/v2\/posts\/461209\/revisions"}],"wp:featuredmedia":[{"embeddable":true,"href":"https:\/\/www.hashtag.al\/index.php\/wp-json\/wp\/v2\/media\/461210"}],"wp:attachment":[{"href":"https:\/\/www.hashtag.al\/index.php\/wp-json\/wp\/v2\/media?parent=461209"}],"wp:term":[{"taxonomy":"category","embeddable":true,"href":"https:\/\/www.hashtag.al\/index.php\/wp-json\/wp\/v2\/categories?post=461209"},{"taxonomy":"post_tag","embeddable":true,"href":"https:\/\/www.hashtag.al\/index.php\/wp-json\/wp\/v2\/tags?post=461209"}],"curies":[{"name":"wp","href":"https:\/\/api.w.org\/{rel}","templated":true}]}}