{"id":461088,"date":"2021-07-10T14:05:02","date_gmt":"2021-07-10T12:05:02","guid":{"rendered":"https:\/\/hashtag.al\/?p=461088"},"modified":"2021-07-10T14:05:02","modified_gmt":"2021-07-10T12:05:02","slug":"pd-mbledh-kryesine-me-15-korrik-4-pikat-e-rendesishme-qe-do-diskutohen","status":"publish","type":"post","link":"https:\/\/www.hashtag.al\/index.php\/2021\/07\/10\/pd-mbledh-kryesine-me-15-korrik-4-pikat-e-rendesishme-qe-do-diskutohen\/","title":{"rendered":"PD mbledh kryesin\u00eb m\u00eb 15 korrik, 4 pikat e r\u00ebnd\u00ebsishme q\u00eb do diskutohen","gt_translate_keys":[{"key":"rendered","format":"text"}]},"content":{"rendered":"<p><span style=\"color: #000000;\"><img loading=\"lazy\" decoding=\"async\" class=\"aligncenter size-full wp-image-457528\" src=\"https:\/\/hashtag.al\/wp-content\/uploads\/2021\/06\/selia-pd.jpg\" alt=\"\" width=\"768\" height=\"433\" \/><\/span><\/p>\n<p><span style=\"color: #000000;\">Partia Demokratike ka njoftuar mbledhjen e kryesis\u00eb n\u00eb dat\u00ebn 15 korrik. <\/span><\/p>\n<p><span style=\"color: #000000;\">N\u00eb k\u00ebt\u00eb mbkedhje do shqyrtohen kat\u00ebr pika t\u00eb rt\u00ebnd\u00ebsishm\u00eb, sipas njoftimit t\u00eb Sekretarit t\u00eb P\u00ebrgjithsh\u00ebm, Bardhi mes t\u00eb cilave analiza e masakr\u00ebs zgjedhore si dhe shqyrtimi i ndryshimeve n\u00eb statusin e PD-s\u00eb q\u00eb do i propozohen m\u00eb pas p\u00ebr miratim Kuvendit Komb\u00ebtar n\u00eb dat\u00ebn 17 korrik. \u00a0<\/span><\/p>\n<p><span style=\"color: #000000;\"><em>\u201cDit\u00ebn e enjte, dat\u00eb 15.07.2021, ora 18:00 do t\u00eb zhvillohet mbledhja e Kryesis\u00eb s\u00eb Partis\u00eb, me k\u00ebt\u00eb rend dite:<\/em><\/span><\/p>\n<ol>\n<li><span style=\"color: #000000;\"><em> Shqyrtimi i p\u00ebrmbledhjes s\u00eb analiz\u00ebs s\u00eb masakr\u00ebs zgjedhore t\u00eb 25 Prillit, p\u00ebr faz\u00ebn e par\u00eb t\u00eb saj.<\/em><\/span><\/li>\n<li><span style=\"color: #000000;\"><em> Shqyrtimi i ndryshimeve n\u00eb Statutin e Partis\u00eb Demokratike q\u00eb do ti propozohen p\u00ebr miratim Kuvendit Komb\u00ebtar t\u00eb Partis\u00eb, n\u00eb mbledhjen e tij t\u00eb dat\u00ebs 17 Korrik 2021.<\/em><\/span><\/li>\n<li><span style=\"color: #000000;\"><em> Miratimi i urdhrit p\u00ebr ngritjen e Komisioneve t\u00eb Votimit dhe Num\u00ebrimit p\u00ebr zgjedhjet e an\u00ebtar\u00ebve t\u00eb K\u00ebshillit Komb\u00ebtar n\u00eb mbledhjen e dat\u00ebs 17 Korrik 2021 t\u00eb Kuvendit Komb\u00ebtar.<\/em><\/span><\/li>\n<li><span style=\"color: #000000;\"><em> Njoftimi nga Kryetari i Partis\u00eb i list\u00ebs q\u00eb do t\u00eb propozoj\u00eb p\u00ebr votim p\u00ebr kandidat\u00ebt p\u00ebr an\u00ebtar t\u00eb K\u00ebshillit Komb\u00ebtar.<\/em><\/span><\/li>\n<\/ol>\n<p><span style=\"color: #000000;\"><em>T\u00eb m\u00ebrkur\u00ebn, dat\u00eb 14.07.2021, or\u00ebn 11:00, do t\u00eb zhvillohet mbledhja e Komisionit t\u00eb P\u00ebrhersh\u00ebm Statutor, p\u00ebr t\u00eb shprehur mendimin e tij p\u00ebr propozimet q\u00eb do t\u00eb vijn\u00eb deri t\u00eb mart\u00ebn, dat\u00eb 13.07.2021, nga an\u00ebtar t\u00eb Komisionit, an\u00ebtar t\u00eb Kryesis\u00eb, Kryetari i Partis\u00eb, an\u00ebtar t\u00eb K\u00ebshillit Komb\u00ebtar, apo strukturat lokale t\u00eb Partis\u00eb.<\/em><\/span><\/p>\n<p><span style=\"color: #000000;\"><em>Duke ju uruar pun\u00eb t\u00eb mbar\u00eb,<\/em><\/span><\/p>\n<p><span style=\"color: #000000;\"><em>Sekretari i P\u00ebrgjithsh\u00ebm<\/em><\/span><\/p>\n<p><span style=\"color: #000000;\"><em>Gazment Bardhi&#8221;<\/em><\/span><\/p>\n","protected":false,"gt_translate_keys":[{"key":"rendered","format":"html"}]},"excerpt":{"rendered":"<p>Partia Demokratike ka njoftuar mbledhjen e kryesis\u00eb n\u00eb dat\u00ebn 15 korrik. N\u00eb k\u00ebt\u00eb mbkedhje do shqyrtohen kat\u00ebr pika t\u00eb rt\u00ebnd\u00ebsishm\u00eb, sipas njoftimit t\u00eb Sekretarit t\u00eb P\u00ebrgjithsh\u00ebm, Bardhi mes t\u00eb cilave analiza e masakr\u00ebs zgjedhore si dhe shqyrtimi i ndryshimeve n\u00eb statusin e PD-s\u00eb q\u00eb do i propozohen m\u00eb pas p\u00ebr miratim Kuvendit Komb\u00ebtar n\u00eb dat\u00ebn [&hellip;]<\/p>\n","protected":false,"gt_translate_keys":[{"key":"rendered","format":"html"}]},"author":51,"featured_media":0,"comment_status":"closed","ping_status":"open","sticky":false,"template":"","format":"standard","meta":{"footnotes":""},"categories":[65,13],"tags":[],"class_list":["post-461088","post","type-post","status-publish","format-standard","hentry","category-lajme","category-te-fundit"],"gt_translate_keys":[{"key":"link","format":"url"}],"_links":{"self":[{"href":"https:\/\/www.hashtag.al\/index.php\/wp-json\/wp\/v2\/posts\/461088","targetHints":{"allow":["GET"]}}],"collection":[{"href":"https:\/\/www.hashtag.al\/index.php\/wp-json\/wp\/v2\/posts"}],"about":[{"href":"https:\/\/www.hashtag.al\/index.php\/wp-json\/wp\/v2\/types\/post"}],"author":[{"embeddable":true,"href":"https:\/\/www.hashtag.al\/index.php\/wp-json\/wp\/v2\/users\/51"}],"replies":[{"embeddable":true,"href":"https:\/\/www.hashtag.al\/index.php\/wp-json\/wp\/v2\/comments?post=461088"}],"version-history":[{"count":0,"href":"https:\/\/www.hashtag.al\/index.php\/wp-json\/wp\/v2\/posts\/461088\/revisions"}],"wp:attachment":[{"href":"https:\/\/www.hashtag.al\/index.php\/wp-json\/wp\/v2\/media?parent=461088"}],"wp:term":[{"taxonomy":"category","embeddable":true,"href":"https:\/\/www.hashtag.al\/index.php\/wp-json\/wp\/v2\/categories?post=461088"},{"taxonomy":"post_tag","embeddable":true,"href":"https:\/\/www.hashtag.al\/index.php\/wp-json\/wp\/v2\/tags?post=461088"}],"curies":[{"name":"wp","href":"https:\/\/api.w.org\/{rel}","templated":true}]}}