{"id":460845,"date":"2021-07-09T12:21:05","date_gmt":"2021-07-09T10:21:05","guid":{"rendered":"https:\/\/hashtag.al\/?p=460845"},"modified":"2021-07-09T14:11:33","modified_gmt":"2021-07-09T12:11:33","slug":"rama-perjashton-fatos-tushen-nga-ps-ja-sjemi-avokate-te-te-pandehurve","status":"publish","type":"post","link":"https:\/\/www.hashtag.al\/index.php\/2021\/07\/09\/rama-perjashton-fatos-tushen-nga-ps-ja-sjemi-avokate-te-te-pandehurve\/","title":{"rendered":"Rama p\u00ebrjashton Fatos Tushen nga PS-ja: S&#8217;jemi avokat\u00eb t\u00eb t\u00eb pandehurve","gt_translate_keys":[{"key":"rendered","format":"text"}]},"content":{"rendered":"<p><span style=\"color: #000000;\"><a style=\"color: #000000;\" href=\"https:\/\/hashtag.al\/wp-content\/uploads\/2021\/07\/rama-3.jpg\"><img loading=\"lazy\" decoding=\"async\" class=\"aligncenter size-full wp-image-460846\" src=\"https:\/\/hashtag.al\/wp-content\/uploads\/2021\/07\/rama-3.jpg\" alt=\"\" width=\"708\" height=\"413\" srcset=\"https:\/\/www.hashtag.al\/wp-content\/uploads\/2021\/07\/rama-3.jpg 708w, https:\/\/www.hashtag.al\/wp-content\/uploads\/2021\/07\/rama-3-300x175.jpg 300w, https:\/\/www.hashtag.al\/wp-content\/uploads\/2021\/07\/rama-3-250x145.jpg 250w\" sizes=\"auto, (max-width: 708px) 100vw, 708px\" \/><\/a><\/span><\/p>\n<p><span style=\"color: #000000;\">Kryeministri Edi Rama ka p\u00ebrjashtuar nga radh\u00ebt e Partis\u00eb Socialiste ish-kryebashkiakun e Lushnj\u00ebs, Fatos Tushes, i cili u shkarkua nga detyra pak dit\u00eb pas arrestimit t\u00eb tij.<\/span><\/p>\n<p><span style=\"color: #000000;\">Gjat\u00eb fjal\u00ebs s\u00eb tij, Rama theksoi se nuk \u00ebsht\u00eb as detyra e tij dhe as e PS-s\u00eb, t\u00eb b\u00ebjn\u00eb rolin e avokatit t\u00eb t\u00eb pandehurve.<\/span><\/p>\n<p><span style=\"color: #000000;\"><em>\u00a0\u201cJu kam thirrur sot k\u00ebtu p\u00ebr nj\u00eb shkak dhe dy arsye themelore n\u00eb lidhje me pun\u00ebn tuaj. Arrestimi i kryetarit t\u00eb bashkis\u00eb s\u00eb Lushnjes t\u00eb akuzuar nga SPAK p\u00ebr korrupsion.<\/em><\/span><\/p>\n<p><span style=\"color: #000000;\"><em>Patjet\u00ebr q\u00eb kryebashkiaku dhe t\u00eb tjer\u00ebt kan\u00eb t\u00eb drejt\u00ebn e prezumimit t\u00eb pafaj\u00ebsis\u00eb deri n\u00eb p\u00ebrfundim t\u00eb gjykimit por nuk \u00ebsht\u00eb detyra ime as e PS t\u00eb k\u00ebrkojn\u00eb pafaj\u00ebsin\u00eb e tyre.<\/em><\/span><\/p>\n<p><span style=\"color: #000000;\"><em>Kjo \u00ebsht\u00eb puna e avokat\u00ebve t\u00eb t\u00eb pandehurve, nd\u00ebrsa ky \u00ebsht\u00eb rasti p\u00ebr t\u2019ju p\u00ebrs\u00ebristur juve dhe t\u00eb gjith\u00eb t\u00eb tjer\u00ebve q\u00eb kan\u00eb marr\u00eb apo do marrin besimin e shumic\u00ebs son\u00eb t\u00eb mandatuar p\u00ebr t\u00eb tret\u00ebn her\u00eb rresht nga populli shqiptar si forc\u00eb qeveris\u00ebse se PS nuk \u00ebsht\u00eb zyr\u00eb avokatie t\u00eb t\u00eb pandehurve e akuzuarve nga drejt\u00ebsisa por fuqia e votuar nga popoulli p\u00ebr t\u2019i sh\u00ebrbyer Shqip\u00ebris\u00eb e qyetat\u00ebve, jo t\u00eb pandehyurve, as t\u00eb akuzuaerve n\u00eb radh\u00ebt e veta.<\/em><\/span><\/p>\n<p><span style=\"color: #000000;\"><em>Korrupsioni, rryshfeti, bakshishi, nuk kan\u00eb ngjyr\u00eb politike dhe jan\u00eb e zeza, errr\u00ebsira, llumi, me t\u00eb cilin ne duhet e do t\u00eb p\u00ebrballemi duke vijuar t\u00eb reformojm\u00eb Shqip\u00ebrin\u00eb, t\u00eb nd\u00ebrtojm\u00eb shtetin e t\u00eb drejt\u00ebs shqiptare, t\u00eb refuzojm\u00eb \u00e7do lloj mbrojtje p\u00ebr k\u00ebdo qoft\u00eb nd\u00ebr ne q\u00eb bie pre e tyre, t\u00eb udh\u00ebheqim popullin drejt maj\u00ebs ku duhet ta ngjisim Shqip\u00ebrin\u00eb me forc\u00ebn e shembullit jo me shembullin e forc\u00ebs.<\/em><\/span><\/p>\n<p><span style=\"color: #000000;\"><em>Kryetari i Bashkis\u00eb do shkarkohet nga detyra dhe p\u00ebrjashtohet nga PS, masa\u00a0q\u00eb mund t\u00eb rishikohen vet\u00ebm n\u00ebse ai mund t\u00eb dal\u00eb i pafajsh\u00ebm para drejt\u00ebsis\u00eb.\u201d-<\/em> deklaroi sot kryeministri Edi Rama.<\/span><\/p>\n","protected":false,"gt_translate_keys":[{"key":"rendered","format":"html"}]},"excerpt":{"rendered":"<p>Kryeministri Edi Rama ka p\u00ebrjashtuar nga radh\u00ebt e Partis\u00eb Socialiste ish-kryebashkiakun e Lushnj\u00ebs, Fatos Tushes, i cili u shkarkua nga detyra pak dit\u00eb pas arrestimit t\u00eb tij. Gjat\u00eb fjal\u00ebs s\u00eb tij, Rama theksoi se nuk \u00ebsht\u00eb as detyra e tij dhe as e PS-s\u00eb, t\u00eb b\u00ebjn\u00eb rolin e avokatit t\u00eb t\u00eb pandehurve. \u00a0\u201cJu kam thirrur [&hellip;]<\/p>\n","protected":false,"gt_translate_keys":[{"key":"rendered","format":"html"}]},"author":30,"featured_media":460846,"comment_status":"closed","ping_status":"open","sticky":false,"template":"","format":"standard","meta":{"footnotes":""},"categories":[22,65,13],"tags":[],"class_list":["post-460845","post","type-post","status-publish","format-standard","has-post-thumbnail","hentry","category-ballina","category-lajme","category-te-fundit"],"gt_translate_keys":[{"key":"link","format":"url"}],"_links":{"self":[{"href":"https:\/\/www.hashtag.al\/index.php\/wp-json\/wp\/v2\/posts\/460845","targetHints":{"allow":["GET"]}}],"collection":[{"href":"https:\/\/www.hashtag.al\/index.php\/wp-json\/wp\/v2\/posts"}],"about":[{"href":"https:\/\/www.hashtag.al\/index.php\/wp-json\/wp\/v2\/types\/post"}],"author":[{"embeddable":true,"href":"https:\/\/www.hashtag.al\/index.php\/wp-json\/wp\/v2\/users\/30"}],"replies":[{"embeddable":true,"href":"https:\/\/www.hashtag.al\/index.php\/wp-json\/wp\/v2\/comments?post=460845"}],"version-history":[{"count":0,"href":"https:\/\/www.hashtag.al\/index.php\/wp-json\/wp\/v2\/posts\/460845\/revisions"}],"wp:featuredmedia":[{"embeddable":true,"href":"https:\/\/www.hashtag.al\/index.php\/wp-json\/wp\/v2\/media\/460846"}],"wp:attachment":[{"href":"https:\/\/www.hashtag.al\/index.php\/wp-json\/wp\/v2\/media?parent=460845"}],"wp:term":[{"taxonomy":"category","embeddable":true,"href":"https:\/\/www.hashtag.al\/index.php\/wp-json\/wp\/v2\/categories?post=460845"},{"taxonomy":"post_tag","embeddable":true,"href":"https:\/\/www.hashtag.al\/index.php\/wp-json\/wp\/v2\/tags?post=460845"}],"curies":[{"name":"wp","href":"https:\/\/api.w.org\/{rel}","templated":true}]}}