{"id":460837,"date":"2021-07-09T11:37:51","date_gmt":"2021-07-09T09:37:51","guid":{"rendered":"https:\/\/hashtag.al\/?p=460837"},"modified":"2021-07-09T11:37:51","modified_gmt":"2021-07-09T09:37:51","slug":"pas-kritikave-te-rames-veliu-shkarkon-nga-detyra-shefin-e-komisariatit-te-sarandes","status":"publish","type":"post","link":"https:\/\/www.hashtag.al\/index.php\/2021\/07\/09\/pas-kritikave-te-rames-veliu-shkarkon-nga-detyra-shefin-e-komisariatit-te-sarandes\/","title":{"rendered":"Pas kritikave t\u00eb Ram\u00ebs, Veliu shkarkon nga detyra shefin e komisariatit t\u00eb Sarand\u00ebs","gt_translate_keys":[{"key":"rendered","format":"text"}]},"content":{"rendered":"<p><img loading=\"lazy\" decoding=\"async\" class=\"aligncenter size-full wp-image-380042\" src=\"https:\/\/hashtag.al\/wp-content\/uploads\/2020\/06\/Veliu-Ardi.jpg\" alt=\"\" width=\"620\" height=\"368\" srcset=\"https:\/\/www.hashtag.al\/wp-content\/uploads\/2020\/06\/Veliu-Ardi.jpg 620w, https:\/\/www.hashtag.al\/wp-content\/uploads\/2020\/06\/Veliu-Ardi-300x178.jpg 300w\" sizes=\"auto, (max-width: 620px) 100vw, 620px\" \/><\/p>\n<p><span style=\"color: #000000;\">Pas takimit t\u00eb sot\u00ebm me krer\u00ebt e komisariateve, drejtuesi i Policis\u00eb s\u00eb Shtetit, Ardi Veliu ka shkarkuar nga detyra shefin e Komisariatit t\u00eb Sarand\u00ebs, Syrja Bello.<\/span><\/p>\n<p><span style=\"color: #000000;\">Sipas televizionit \u201cNews 24\u201d, n\u00eb vend t\u00eb Bellos \u00ebsht\u00eb em\u00ebruar Klodian Kondi.<\/span><\/p>\n<p><span style=\"color: #000000;\">Shkarkimi i shefit t\u00eb Komisariatit t\u00eb Sarand\u00ebs vjen nj\u00eb dit\u00eb pas kritikave t\u00eb kryeministrit Edi Rama.<\/span><\/p>\n<p><span style=\"color: #000000;\">Kujtojm\u00eb se n\u00eb takimin q\u00eb zhvilloi me p\u00ebrfaq\u00ebsuesit e Policis\u00eb, Rama kujtoi atentatin e ndodhur n\u00eb Sarand\u00eb, ku gjat\u00eb nj\u00eb sulmi me arm\u00eb mbeti i plagosur biznesmeni Spiro Iljadhi.<\/span><\/p>\n<p><span style=\"color: #000000;\">Rama tha se p\u00ebr k\u00ebt\u00eb rast duhet t\u00eb kishte vepruar policia, por u shpreh se pronar\u00ebt e k\u00ebtyre lokaleve q\u00eb sfidojn\u00eb ligjin dhe shtetin <em>\u201ci kan\u00eb kthyer shefat e komisariateve n\u00eb tutor\u00eb t\u00eb veprimtaris\u00eb s\u00eb tyre dhe i t\u00ebrheqin p\u00ebr hunde\u201d.<\/em><\/span><\/p>\n","protected":false,"gt_translate_keys":[{"key":"rendered","format":"html"}]},"excerpt":{"rendered":"<p>Pas takimit t\u00eb sot\u00ebm me krer\u00ebt e komisariateve, drejtuesi i Policis\u00eb s\u00eb Shtetit, Ardi Veliu ka shkarkuar nga detyra shefin e Komisariatit t\u00eb Sarand\u00ebs, Syrja Bello. Sipas televizionit \u201cNews 24\u201d, n\u00eb vend t\u00eb Bellos \u00ebsht\u00eb em\u00ebruar Klodian Kondi. Shkarkimi i shefit t\u00eb Komisariatit t\u00eb Sarand\u00ebs vjen nj\u00eb dit\u00eb pas kritikave t\u00eb kryeministrit Edi Rama. Kujtojm\u00eb [&hellip;]<\/p>\n","protected":false,"gt_translate_keys":[{"key":"rendered","format":"html"}]},"author":30,"featured_media":380042,"comment_status":"closed","ping_status":"open","sticky":false,"template":"","format":"standard","meta":{"footnotes":""},"categories":[65,13],"tags":[],"class_list":["post-460837","post","type-post","status-publish","format-standard","has-post-thumbnail","hentry","category-lajme","category-te-fundit"],"gt_translate_keys":[{"key":"link","format":"url"}],"_links":{"self":[{"href":"https:\/\/www.hashtag.al\/index.php\/wp-json\/wp\/v2\/posts\/460837","targetHints":{"allow":["GET"]}}],"collection":[{"href":"https:\/\/www.hashtag.al\/index.php\/wp-json\/wp\/v2\/posts"}],"about":[{"href":"https:\/\/www.hashtag.al\/index.php\/wp-json\/wp\/v2\/types\/post"}],"author":[{"embeddable":true,"href":"https:\/\/www.hashtag.al\/index.php\/wp-json\/wp\/v2\/users\/30"}],"replies":[{"embeddable":true,"href":"https:\/\/www.hashtag.al\/index.php\/wp-json\/wp\/v2\/comments?post=460837"}],"version-history":[{"count":0,"href":"https:\/\/www.hashtag.al\/index.php\/wp-json\/wp\/v2\/posts\/460837\/revisions"}],"wp:featuredmedia":[{"embeddable":true,"href":"https:\/\/www.hashtag.al\/index.php\/wp-json\/wp\/v2\/media\/380042"}],"wp:attachment":[{"href":"https:\/\/www.hashtag.al\/index.php\/wp-json\/wp\/v2\/media?parent=460837"}],"wp:term":[{"taxonomy":"category","embeddable":true,"href":"https:\/\/www.hashtag.al\/index.php\/wp-json\/wp\/v2\/categories?post=460837"},{"taxonomy":"post_tag","embeddable":true,"href":"https:\/\/www.hashtag.al\/index.php\/wp-json\/wp\/v2\/tags?post=460837"}],"curies":[{"name":"wp","href":"https:\/\/api.w.org\/{rel}","templated":true}]}}