{"id":460825,"date":"2021-07-09T10:36:41","date_gmt":"2021-07-09T08:36:41","guid":{"rendered":"https:\/\/hashtag.al\/?p=460825"},"modified":"2021-07-09T10:36:41","modified_gmt":"2021-07-09T08:36:41","slug":"gjykata-e-larte-shpalli-moskompetence-gjkko-cakton-seancen-per-ish-ministrin-fatmir-mediu","status":"publish","type":"post","link":"https:\/\/www.hashtag.al\/index.php\/2021\/07\/09\/gjykata-e-larte-shpalli-moskompetence-gjkko-cakton-seancen-per-ish-ministrin-fatmir-mediu\/","title":{"rendered":"Gjykata e Lart\u00eb shpalli moskompetenc\u00eb, GJKKO cakton seanc\u00ebn p\u00ebr ish-ministrin Fatmir Mediu","gt_translate_keys":[{"key":"rendered","format":"text"}]},"content":{"rendered":"<div id=\"attachment_433529\" style=\"width: 1540px\" class=\"wp-caption aligncenter\"><a href=\"https:\/\/hashtag.al\/wp-content\/uploads\/2021\/03\/fatmir-mediu.jpg\"><img loading=\"lazy\" decoding=\"async\" aria-describedby=\"caption-attachment-433529\" class=\"size-full wp-image-433529\" src=\"https:\/\/hashtag.al\/wp-content\/uploads\/2021\/03\/fatmir-mediu.jpg\" alt=\"\" width=\"1530\" height=\"1148\" srcset=\"https:\/\/www.hashtag.al\/wp-content\/uploads\/2021\/03\/fatmir-mediu.jpg 1530w, https:\/\/www.hashtag.al\/wp-content\/uploads\/2021\/03\/fatmir-mediu-300x225.jpg 300w, https:\/\/www.hashtag.al\/wp-content\/uploads\/2021\/03\/fatmir-mediu-768x576.jpg 768w, https:\/\/www.hashtag.al\/wp-content\/uploads\/2021\/03\/fatmir-mediu-1024x768.jpg 1024w\" sizes=\"auto, (max-width: 1530px) 100vw, 1530px\" \/><\/a><p id=\"caption-attachment-433529\" class=\"wp-caption-text\">Deputeti i PR, Fatmir Mediu, gjate nje mbledhje te Keshillit Kombetar te Integrimit Europian.\/r\/n\/r\/nLawmaker, Fatmir Mediu, during a meeting of the National Integration Council.<\/p><\/div>\n<p><span style=\"color: #000000;\">Caktohet data e seanc\u00ebs p\u00ebr ish-ministrin e Mbrojtjes, Fatmir Mediu n\u00eb Gjykat\u00ebn e Posa\u00e7me kund\u00ebr Krimit t\u00eb Organizuar dhe Korrupsionit.<\/span><\/p>\n<p><span style=\"color: #000000;\">Sipas \u201cNews 24\u201d seanca do t\u00eb mbahet n\u00eb dhom\u00eb k\u00ebshilli m\u00eb 27 korrik dhe gjyqtari i \u00e7\u00ebshtjes do t\u00eb jet\u00eb Erjon \u00c7ela.<\/span><\/p>\n<p><span style=\"color: #000000;\">Kujtojm\u00eb se disa jav\u00eb m\u00eb par\u00eb, SPAK k\u00ebrkoi rigjykimin e dosjes ndaj ish-ministrit Fatmir Mediu, i cili akuzohet si nj\u00eb nga ish zyrtar\u00ebt p\u00ebrgjegj\u00ebs p\u00ebr tragjedin\u00eb e G\u00ebrdecit q\u00eb shkaktoi 26 viktima dhe qindra t\u00eb plagosur. Kjo pas vendimi t\u00eb Gjykat\u00ebs s\u00eb Lart\u00eb e cila shpalli mokompetenc\u00eb p\u00ebr t\u00eb \u00e7elur procesin p\u00ebr dosjen.<\/span><\/p>\n<p><span style=\"color: #000000;\">Sipas Gjykatat\u00ebs s\u00eb Lart\u00eb me ndryshimet e fundit ligjore n\u00eb kuad\u00ebr t\u00eb Reform\u00ebs n\u00eb Drejt\u00ebsi, i takon GJKKO-s\u00eb ta shqyrtoj\u00eb dosjen penale ndaj ish-ministrit.<\/span><\/p>\n<p>&nbsp;<\/p>\n","protected":false,"gt_translate_keys":[{"key":"rendered","format":"html"}]},"excerpt":{"rendered":"<p>Caktohet data e seanc\u00ebs p\u00ebr ish-ministrin e Mbrojtjes, Fatmir Mediu n\u00eb Gjykat\u00ebn e Posa\u00e7me kund\u00ebr Krimit t\u00eb Organizuar dhe Korrupsionit. Sipas \u201cNews 24\u201d seanca do t\u00eb mbahet n\u00eb dhom\u00eb k\u00ebshilli m\u00eb 27 korrik dhe gjyqtari i \u00e7\u00ebshtjes do t\u00eb jet\u00eb Erjon \u00c7ela. Kujtojm\u00eb se disa jav\u00eb m\u00eb par\u00eb, SPAK k\u00ebrkoi rigjykimin e dosjes ndaj ish-ministrit [&hellip;]<\/p>\n","protected":false,"gt_translate_keys":[{"key":"rendered","format":"html"}]},"author":30,"featured_media":433529,"comment_status":"closed","ping_status":"open","sticky":false,"template":"","format":"standard","meta":{"footnotes":""},"categories":[65,13],"tags":[],"class_list":["post-460825","post","type-post","status-publish","format-standard","has-post-thumbnail","hentry","category-lajme","category-te-fundit"],"gt_translate_keys":[{"key":"link","format":"url"}],"_links":{"self":[{"href":"https:\/\/www.hashtag.al\/index.php\/wp-json\/wp\/v2\/posts\/460825","targetHints":{"allow":["GET"]}}],"collection":[{"href":"https:\/\/www.hashtag.al\/index.php\/wp-json\/wp\/v2\/posts"}],"about":[{"href":"https:\/\/www.hashtag.al\/index.php\/wp-json\/wp\/v2\/types\/post"}],"author":[{"embeddable":true,"href":"https:\/\/www.hashtag.al\/index.php\/wp-json\/wp\/v2\/users\/30"}],"replies":[{"embeddable":true,"href":"https:\/\/www.hashtag.al\/index.php\/wp-json\/wp\/v2\/comments?post=460825"}],"version-history":[{"count":0,"href":"https:\/\/www.hashtag.al\/index.php\/wp-json\/wp\/v2\/posts\/460825\/revisions"}],"wp:featuredmedia":[{"embeddable":true,"href":"https:\/\/www.hashtag.al\/index.php\/wp-json\/wp\/v2\/media\/433529"}],"wp:attachment":[{"href":"https:\/\/www.hashtag.al\/index.php\/wp-json\/wp\/v2\/media?parent=460825"}],"wp:term":[{"taxonomy":"category","embeddable":true,"href":"https:\/\/www.hashtag.al\/index.php\/wp-json\/wp\/v2\/categories?post=460825"},{"taxonomy":"post_tag","embeddable":true,"href":"https:\/\/www.hashtag.al\/index.php\/wp-json\/wp\/v2\/tags?post=460825"}],"curies":[{"name":"wp","href":"https:\/\/api.w.org\/{rel}","templated":true}]}}