{"id":460821,"date":"2021-07-09T10:11:43","date_gmt":"2021-07-09T08:11:43","guid":{"rendered":"https:\/\/hashtag.al\/?p=460821"},"modified":"2021-07-09T10:11:43","modified_gmt":"2021-07-09T08:11:43","slug":"cuci-pret-ne-takim-homologen-britanike-firmosin-marreveshjen-per-te-luftuar-migracionin-e-paligjshem","status":"publish","type":"post","link":"https:\/\/www.hashtag.al\/index.php\/2021\/07\/09\/cuci-pret-ne-takim-homologen-britanike-firmosin-marreveshjen-per-te-luftuar-migracionin-e-paligjshem\/","title":{"rendered":"\u00c7u\u00e7i pret n\u00eb takim homologen britanike, firmosin marr\u00ebveshjen p\u00ebr t\u00eb luftuar migracionin e paligjsh\u00ebm","gt_translate_keys":[{"key":"rendered","format":"text"}]},"content":{"rendered":"<p><span style=\"color: #000000;\"><strong><a href=\"https:\/\/hashtag.al\/wp-content\/uploads\/2021\/07\/p.jpeg\"><img loading=\"lazy\" decoding=\"async\" class=\"aligncenter size-full wp-image-460823\" src=\"https:\/\/hashtag.al\/wp-content\/uploads\/2021\/07\/p.jpeg\" alt=\"\" width=\"1280\" height=\"853\" srcset=\"https:\/\/www.hashtag.al\/wp-content\/uploads\/2021\/07\/p.jpeg 1280w, https:\/\/www.hashtag.al\/wp-content\/uploads\/2021\/07\/p-300x200.jpeg 300w, https:\/\/www.hashtag.al\/wp-content\/uploads\/2021\/07\/p-768x512.jpeg 768w, https:\/\/www.hashtag.al\/wp-content\/uploads\/2021\/07\/p-1024x682.jpeg 1024w\" sizes=\"auto, (max-width: 1280px) 100vw, 1280px\" \/><\/a><\/strong><\/span><\/p>\n<p><span style=\"color: #000000;\">Ministri i Brendsh\u00ebm, Bledi \u00c7u\u00e7i, ka pritur n\u00eb nj\u00eb takim homologen e tij britanike, Priti Patel.<\/span><\/p>\n<p><span style=\"color: #000000;\">Sikurse b\u00ebhet me dije n\u00eb nj\u00eb njoftim nga zyra e shtypit e ministris\u00eb, Cu\u00e7i dhe Patel firmos\u00ebn Marr\u00ebveshjen e Ripranimit, propozuar nga qeveria britanike pas daljes s\u00eb saj nga Bashkimi Europian.<\/span><\/p>\n<p><span style=\"color: #000000;\"><strong>\u00c7far\u00eb \u00ebsht\u00eb kjo marr\u00ebveshje?<\/strong> <em>N\u00eb kuad\u00ebr t\u00eb detyrimeve p\u00ebr p\u00ebrafrimin e legjislacionit p\u00ebr Kapitullin 24 \u201cDrejt\u00ebsia, Liria dhe Siguria\u201d n\u00ebnshkrimi i marr\u00ebveshjes vjen n\u00eb p\u00ebrputhje me angazhimet e Shqip\u00ebris\u00eb p\u00ebr t\u00eb luftuar migracionin e paligjsh\u00ebm, si nj\u00eb prej n\u00ebn-\u00e7\u00ebshtjeve thelb\u00ebsore ku k\u00ebrkohet progres i vazhduesh\u00ebm.<\/em><\/span><\/p>\n<p><em><span style=\"color: #000000;\">Marr\u00ebveshja \u00ebsht\u00eb hartuar duke u bazuar n\u00eb modelin komunitar, si edhe duke respektuar parimet e shk\u00ebmbimit t\u00eb informacionit mbi t\u00eb dh\u00ebnat personale. Q\u00ebllimi, jan\u00eb procedurat e ripranimit dhe tranzitit n\u00eb rastet e d\u00ebbimit t\u00eb personave, hyrja ose q\u00ebndrimi i t\u00eb cil\u00ebve \u00ebsht\u00eb i paligjsh\u00ebm n\u00eb territoret e shteteve t\u00eb tyre. Pal\u00ebt do t\u00eb forcojn\u00eb bashk\u00ebpunimin n\u00eb lidhje me luft\u00ebn kund\u00ebr migracionit t\u00eb parregullt, duke zgjeruar bashk\u00ebpunim teknik dhe operacional n\u00eb fush\u00ebn e menaxhimit t\u00eb migracionit t\u00eb parregullt dhe siguris\u00eb s\u00eb brendshme.<\/span><\/em><\/p>\n<p><span style=\"color: #000000;\">N\u00eb k\u00ebt\u00eb takim, p\u00ebrve\u00e7 marr\u00ebveshjes ministri \u00c7u\u00e7i njohu homologen britanike me prioritetet e Ministris\u00eb s\u00eb Brendshme, ristrukturimin e nisur n\u00eb Policin\u00eb e Shtetit, si dhe progresin e arritur n\u00eb luft\u00ebn kund\u00ebr krimit t\u00eb organizuar n\u00eb t\u00ebr\u00ebsi. Ai u ndal tek nevoja p\u00ebr thellimin e hetimeve t\u00eb p\u00ebrbashk\u00ebta p\u00ebrmes shk\u00ebmbimit intensiv t\u00eb informacionit, p\u00ebr grupe kriminale q\u00eb operojn\u00eb n\u00eb dy vendet, apo element\u00eb q\u00eb p\u00ebrpiqen t\u2019i fshihen drejt\u00ebsis\u00eb.<\/span><\/p>\n<p><span style=\"color: #000000;\">Ministrja e Brendshme e Britanis\u00eb s\u00eb Madhe nga ana e saj shprehu gatishm\u00ebrin\u00eb p\u00ebr t\u00eb asistuar Policin\u00eb Shqiptare n\u00eb ngritjen e kapaciteteve, sidomos n\u00eb fusha q\u00eb lidhen me teknologjin\u00eb dhe inovacionin.<\/span><\/p>\n<p><a href=\"https:\/\/hashtag.al\/wp-content\/uploads\/2021\/07\/Cuci-me-britaniken-7.jpeg\"><img loading=\"lazy\" decoding=\"async\" class=\"aligncenter size-full wp-image-460822\" src=\"https:\/\/hashtag.al\/wp-content\/uploads\/2021\/07\/Cuci-me-britaniken-7.jpeg\" alt=\"\" width=\"1280\" height=\"853\" srcset=\"https:\/\/www.hashtag.al\/wp-content\/uploads\/2021\/07\/Cuci-me-britaniken-7.jpeg 1280w, https:\/\/www.hashtag.al\/wp-content\/uploads\/2021\/07\/Cuci-me-britaniken-7-300x200.jpeg 300w, https:\/\/www.hashtag.al\/wp-content\/uploads\/2021\/07\/Cuci-me-britaniken-7-768x512.jpeg 768w, https:\/\/www.hashtag.al\/wp-content\/uploads\/2021\/07\/Cuci-me-britaniken-7-1024x682.jpeg 1024w\" sizes=\"auto, (max-width: 1280px) 100vw, 1280px\" \/><\/a><\/p>\n","protected":false,"gt_translate_keys":[{"key":"rendered","format":"html"}]},"excerpt":{"rendered":"<p>Ministri i Brendsh\u00ebm, Bledi \u00c7u\u00e7i, ka pritur n\u00eb nj\u00eb takim homologen e tij britanike, Priti Patel. Sikurse b\u00ebhet me dije n\u00eb nj\u00eb njoftim nga zyra e shtypit e ministris\u00eb, Cu\u00e7i dhe Patel firmos\u00ebn Marr\u00ebveshjen e Ripranimit, propozuar nga qeveria britanike pas daljes s\u00eb saj nga Bashkimi Europian. \u00c7far\u00eb \u00ebsht\u00eb kjo marr\u00ebveshje? N\u00eb kuad\u00ebr t\u00eb detyrimeve [&hellip;]<\/p>\n","protected":false,"gt_translate_keys":[{"key":"rendered","format":"html"}]},"author":30,"featured_media":460823,"comment_status":"closed","ping_status":"open","sticky":false,"template":"","format":"standard","meta":{"footnotes":""},"categories":[65,13],"tags":[],"class_list":["post-460821","post","type-post","status-publish","format-standard","has-post-thumbnail","hentry","category-lajme","category-te-fundit"],"gt_translate_keys":[{"key":"link","format":"url"}],"_links":{"self":[{"href":"https:\/\/www.hashtag.al\/index.php\/wp-json\/wp\/v2\/posts\/460821","targetHints":{"allow":["GET"]}}],"collection":[{"href":"https:\/\/www.hashtag.al\/index.php\/wp-json\/wp\/v2\/posts"}],"about":[{"href":"https:\/\/www.hashtag.al\/index.php\/wp-json\/wp\/v2\/types\/post"}],"author":[{"embeddable":true,"href":"https:\/\/www.hashtag.al\/index.php\/wp-json\/wp\/v2\/users\/30"}],"replies":[{"embeddable":true,"href":"https:\/\/www.hashtag.al\/index.php\/wp-json\/wp\/v2\/comments?post=460821"}],"version-history":[{"count":0,"href":"https:\/\/www.hashtag.al\/index.php\/wp-json\/wp\/v2\/posts\/460821\/revisions"}],"wp:featuredmedia":[{"embeddable":true,"href":"https:\/\/www.hashtag.al\/index.php\/wp-json\/wp\/v2\/media\/460823"}],"wp:attachment":[{"href":"https:\/\/www.hashtag.al\/index.php\/wp-json\/wp\/v2\/media?parent=460821"}],"wp:term":[{"taxonomy":"category","embeddable":true,"href":"https:\/\/www.hashtag.al\/index.php\/wp-json\/wp\/v2\/categories?post=460821"},{"taxonomy":"post_tag","embeddable":true,"href":"https:\/\/www.hashtag.al\/index.php\/wp-json\/wp\/v2\/tags?post=460821"}],"curies":[{"name":"wp","href":"https:\/\/api.w.org\/{rel}","templated":true}]}}