{"id":460813,"date":"2021-07-09T09:40:14","date_gmt":"2021-07-09T07:40:14","guid":{"rendered":"https:\/\/hashtag.al\/?p=460813"},"modified":"2021-07-09T10:03:16","modified_gmt":"2021-07-09T08:03:16","slug":"priten-levizje-te-tjera-veliu-mbledh-zv-drejtoret-dhe-shefat-e-komisariateve","status":"publish","type":"post","link":"https:\/\/www.hashtag.al\/index.php\/2021\/07\/09\/priten-levizje-te-tjera-veliu-mbledh-zv-drejtoret-dhe-shefat-e-komisariateve\/","title":{"rendered":"Priten l\u00ebvizje t\u00eb tjera, Veliu mbledh zv.drejtor\u00ebt dhe shefat e komisariateve","gt_translate_keys":[{"key":"rendered","format":"text"}]},"content":{"rendered":"<p><img loading=\"lazy\" decoding=\"async\" class=\"aligncenter size-full wp-image-460263\" src=\"https:\/\/hashtag.al\/wp-content\/uploads\/2021\/07\/Ardi-Veliu.jpg\" alt=\"\" width=\"750\" height=\"500\" srcset=\"https:\/\/www.hashtag.al\/wp-content\/uploads\/2021\/07\/Ardi-Veliu.jpg 750w, https:\/\/www.hashtag.al\/wp-content\/uploads\/2021\/07\/Ardi-Veliu-300x200.jpg 300w\" sizes=\"auto, (max-width: 750px) 100vw, 750px\" \/><\/p>\n<p><span style=\"color: #000000;\">Kreu i Policis\u00eb s\u00eb Shtetit, Ardi Veliu, ka thirrur sot n\u00eb nj\u00eb takim z\u00ebvend\u00ebsdrejtor\u00ebt e policive dhe shefat e komisariateve.<\/span><\/p>\n<p><span style=\"color: #000000;\">Ky takim vjen nj\u00eb dit\u00eb pasi kryeministri Edi Rama i b\u00ebri drejtuesit e Policis\u00eb s\u00eb Shtetit p\u00ebr &#8220;uj\u00eb t\u00eb ftoht\u00eb\u201d.<\/span><\/p>\n<p><span style=\"color: #000000;\">N\u00eb k\u00ebt\u00eb mbledhje, Veliu po i p\u00ebrs\u00ebrit detyrat e l\u00ebna dit\u00ebn e djeshme nga kreu i qeveris\u00eb. E ashtu si\u00e7 paralajm\u00ebroi Rama, priten t\u00eb tjera ndryshime n\u00eb Policin\u00eb e Shtetit deri n\u00eb nivele komisariatesh.<\/span><\/p>\n<p><span style=\"color: #000000;\">Kryeministri tha se l\u00ebvizjet do t\u00eb vijojn\u00eb deri n\u00eb nivele komisariatesh dhe po b\u00ebhen p\u00ebr nj\u00eb rienergjizim t\u00eb ri t\u00eb Policis\u00eb s\u00eb Shtetit. Gjat\u00eb fjal\u00ebs s\u00eb tij, ai u tha drejtuesve t\u00eb rinj q\u00eb t\u00eb ken\u00eb si prioritet mbrojtjen e imazhit t\u00eb Policis\u00eb s\u00eb Shtetit dhe d\u00ebnoi fenomenin e ryshfetit. Por po ashtu ai u tregua i ashp\u00ebr, duke iu drejtuar polic\u00ebve lidhur me ngjarjet n\u00eb bregdet: &#8220;<em>Kush jan\u00eb k\u00ebta pronar\u00eb lokalesh n\u00eb zonat bregdetare q\u00eb n\u00eb m\u00ebnyr\u00eb t\u00eb hapur shkelin ligjin, tejkalojn\u00eb kufirin e or\u00ebs policore, krijojn\u00eb hap\u00ebsir\u00eb p\u00ebr abuzim q\u00eb degjeneron deri n\u00eb krisma dhe plagosje n\u00eb mes t\u00eb nj\u00eb dynjaje t\u00eb t\u00ebr\u00eb q\u00eb \u00ebsht\u00eb mbledhur n\u00eb lokal. Jua them un\u00eb kush jan\u00eb k\u00ebta. K\u00ebta jan\u00eb tutor\u00ebt e policis\u00eb s\u00eb Shtetit n\u00eb ato territore.&#8221;<\/em><\/span><\/p>\n","protected":false,"gt_translate_keys":[{"key":"rendered","format":"html"}]},"excerpt":{"rendered":"<p>Kreu i Policis\u00eb s\u00eb Shtetit, Ardi Veliu, ka thirrur sot n\u00eb nj\u00eb takim z\u00ebvend\u00ebsdrejtor\u00ebt e policive dhe shefat e komisariateve. Ky takim vjen nj\u00eb dit\u00eb pasi kryeministri Edi Rama i b\u00ebri drejtuesit e Policis\u00eb s\u00eb Shtetit p\u00ebr &#8220;uj\u00eb t\u00eb ftoht\u00eb\u201d. N\u00eb k\u00ebt\u00eb mbledhje, Veliu po i p\u00ebrs\u00ebrit detyrat e l\u00ebna dit\u00ebn e djeshme nga kreu [&hellip;]<\/p>\n","protected":false,"gt_translate_keys":[{"key":"rendered","format":"html"}]},"author":30,"featured_media":460263,"comment_status":"closed","ping_status":"open","sticky":false,"template":"","format":"standard","meta":{"footnotes":""},"categories":[65,13],"tags":[],"class_list":["post-460813","post","type-post","status-publish","format-standard","has-post-thumbnail","hentry","category-lajme","category-te-fundit"],"gt_translate_keys":[{"key":"link","format":"url"}],"_links":{"self":[{"href":"https:\/\/www.hashtag.al\/index.php\/wp-json\/wp\/v2\/posts\/460813","targetHints":{"allow":["GET"]}}],"collection":[{"href":"https:\/\/www.hashtag.al\/index.php\/wp-json\/wp\/v2\/posts"}],"about":[{"href":"https:\/\/www.hashtag.al\/index.php\/wp-json\/wp\/v2\/types\/post"}],"author":[{"embeddable":true,"href":"https:\/\/www.hashtag.al\/index.php\/wp-json\/wp\/v2\/users\/30"}],"replies":[{"embeddable":true,"href":"https:\/\/www.hashtag.al\/index.php\/wp-json\/wp\/v2\/comments?post=460813"}],"version-history":[{"count":0,"href":"https:\/\/www.hashtag.al\/index.php\/wp-json\/wp\/v2\/posts\/460813\/revisions"}],"wp:featuredmedia":[{"embeddable":true,"href":"https:\/\/www.hashtag.al\/index.php\/wp-json\/wp\/v2\/media\/460263"}],"wp:attachment":[{"href":"https:\/\/www.hashtag.al\/index.php\/wp-json\/wp\/v2\/media?parent=460813"}],"wp:term":[{"taxonomy":"category","embeddable":true,"href":"https:\/\/www.hashtag.al\/index.php\/wp-json\/wp\/v2\/categories?post=460813"},{"taxonomy":"post_tag","embeddable":true,"href":"https:\/\/www.hashtag.al\/index.php\/wp-json\/wp\/v2\/tags?post=460813"}],"curies":[{"name":"wp","href":"https:\/\/api.w.org\/{rel}","templated":true}]}}