{"id":460767,"date":"2021-07-08T20:37:53","date_gmt":"2021-07-08T18:37:53","guid":{"rendered":"https:\/\/hashtag.al\/?p=460767"},"modified":"2021-07-08T20:59:38","modified_gmt":"2021-07-08T18:59:38","slug":"kapet-banda-e-rrezikshme-e-grabitesve-ne-sarande-koka-e-grupit-pronar-hoteli-ne-ksamil","status":"publish","type":"post","link":"https:\/\/www.hashtag.al\/index.php\/2021\/07\/08\/kapet-banda-e-rrezikshme-e-grabitesve-ne-sarande-koka-e-grupit-pronar-hoteli-ne-ksamil\/","title":{"rendered":"Kapet banda e rrezikshme e grabit\u00ebsve n\u00eb Sarand\u00eb, koka e grupit pronar hoteli n\u00eb Ksamil","gt_translate_keys":[{"key":"rendered","format":"text"}]},"content":{"rendered":"<div id=\"attachment_460774\" style=\"width: 2410px\" class=\"wp-caption aligncenter\"><img loading=\"lazy\" decoding=\"async\" aria-describedby=\"caption-attachment-460774\" class=\"size-full wp-image-460774\" src=\"https:\/\/hashtag.al\/wp-content\/uploads\/2021\/07\/vangjeli-nderimi-getoari.jpg\" alt=\"\" width=\"2400\" height=\"1138\" srcset=\"https:\/\/www.hashtag.al\/wp-content\/uploads\/2021\/07\/vangjeli-nderimi-getoari.jpg 2400w, https:\/\/www.hashtag.al\/wp-content\/uploads\/2021\/07\/vangjeli-nderimi-getoari-300x142.jpg 300w, https:\/\/www.hashtag.al\/wp-content\/uploads\/2021\/07\/vangjeli-nderimi-getoari-768x364.jpg 768w, https:\/\/www.hashtag.al\/wp-content\/uploads\/2021\/07\/vangjeli-nderimi-getoari-1024x486.jpg 1024w\" sizes=\"auto, (max-width: 2400px) 100vw, 2400px\" \/><p id=\"caption-attachment-460774\" class=\"wp-caption-text\">Vangjel Pella (djathtas) Nderim Ndrecaj (n\u00eb mes) dhe Getoar Mulliqaj (majtas)<\/p><\/div>\n<p><span style=\"color: #000000;\">Policia ka b\u00ebr\u00eb t\u00eb mundur goditjen e nj\u00eb bande grabit\u00ebsish q\u00eb vepronte n\u00eb zon\u00ebn e Sarand\u00ebs.<\/span><\/p>\n<p><span style=\"color: #000000;\">Dy persona jan\u00eb arrestuar dhe dy t\u00eb tjet\u00ebr jan\u00eb shpallur n\u00eb k\u00ebrkim.<\/span><\/p>\n<p><span style=\"color: #000000;\">M\u00ebsohet se koka e band\u00ebs \u00ebsht\u00eb pronar hoteli n\u00eb Ksamil. Vangjel Pella pronar i hotel &#8220;Marilena&#8221; n\u00eb Ksamil \u00ebsht\u00eb kapur n\u00eb cil\u00ebsin\u00eb e kreut t\u00eb grupit q\u00eb kryente grabitje ku n\u00eb p\u00ebrb\u00ebrje t\u00eb saj ishin edhe 3 shtetas nga Kosova.<\/span><\/p>\n<div id=\"attachment_460777\" style=\"width: 1930px\" class=\"wp-caption aligncenter\"><img loading=\"lazy\" decoding=\"async\" aria-describedby=\"caption-attachment-460777\" class=\"wp-image-460777 size-full\" src=\"https:\/\/hashtag.al\/wp-content\/uploads\/2021\/07\/vangjel-pella-hotel-marilena.png\" alt=\"\" width=\"1920\" height=\"1200\" srcset=\"https:\/\/www.hashtag.al\/wp-content\/uploads\/2021\/07\/vangjel-pella-hotel-marilena.png 1920w, https:\/\/www.hashtag.al\/wp-content\/uploads\/2021\/07\/vangjel-pella-hotel-marilena-300x188.png 300w, https:\/\/www.hashtag.al\/wp-content\/uploads\/2021\/07\/vangjel-pella-hotel-marilena-768x480.png 768w, https:\/\/www.hashtag.al\/wp-content\/uploads\/2021\/07\/vangjel-pella-hotel-marilena-1024x640.png 1024w\" sizes=\"auto, (max-width: 1920px) 100vw, 1920px\" \/><p id=\"caption-attachment-460777\" class=\"wp-caption-text\">Vangjel Pella (djathtas), pronari i hotel Marilena (majtas) n\u00eb Ksamil<\/p><\/div>\n<p><span style=\"color: #000000;\">Pella gjithashtu rezulton t\u00eb jet\u00eb d\u00ebnuar edhe p\u00ebr vepr\u00ebn penale t\u00eb veprimeve t\u00eb turpshme me t\u00eb mitura.<\/span><\/p>\n<p><span style=\"color: #000000;\">I arrestuar \u00ebsht\u00eb edhe shtetasi Hil\u00eb Memehaj nga Gjakova. Nd\u00ebrsa n\u00eb k\u00ebrkim jan\u00eb shpallur edhe shtetasit Getoar Mulliqaj dhe shtetasi Nderim Ndrecaj t\u00eb dy nga Kosova.<\/span><\/p>\n<p><span style=\"color: #000000;\">T\u00eb gjith\u00eb shtetasit jan\u00eb me precedent\u00eb t\u00eb m\u00ebparsh\u00ebm penale.<\/span><\/p>\n<p><span style=\"color: #000000;\">Sipas policis\u00eb kjo band\u00eb \u00ebsht\u00eb konsideruar nj\u00eb nd\u00ebr m\u00eb t\u00eb rrezikshmeve p\u00ebr grabitje.<\/span><\/p>\n<div id=\"attachment_460769\" style=\"width: 506px\" class=\"wp-caption aligncenter\"><img loading=\"lazy\" decoding=\"async\" aria-describedby=\"caption-attachment-460769\" class=\"size-full wp-image-460769\" src=\"https:\/\/hashtag.al\/wp-content\/uploads\/2021\/07\/getoari2.jpeg\" alt=\"\" width=\"496\" height=\"463\" srcset=\"https:\/\/www.hashtag.al\/wp-content\/uploads\/2021\/07\/getoari2.jpeg 496w, https:\/\/www.hashtag.al\/wp-content\/uploads\/2021\/07\/getoari2-300x280.jpeg 300w\" sizes=\"auto, (max-width: 496px) 100vw, 496px\" \/><p id=\"caption-attachment-460769\" class=\"wp-caption-text\"><span style=\"color: #000000;\">Getoar Mulliqaj<\/span><\/p><\/div>\n<div id=\"attachment_460770\" style=\"width: 505px\" class=\"wp-caption aligncenter\"><img loading=\"lazy\" decoding=\"async\" aria-describedby=\"caption-attachment-460770\" class=\"size-full wp-image-460770\" src=\"https:\/\/hashtag.al\/wp-content\/uploads\/2021\/07\/nderimi.jpeg\" alt=\"\" width=\"495\" height=\"356\" srcset=\"https:\/\/www.hashtag.al\/wp-content\/uploads\/2021\/07\/nderimi.jpeg 495w, https:\/\/www.hashtag.al\/wp-content\/uploads\/2021\/07\/nderimi-300x216.jpeg 300w\" sizes=\"auto, (max-width: 495px) 100vw, 495px\" \/><p id=\"caption-attachment-460770\" class=\"wp-caption-text\"><span style=\"color: #000000;\">Nderim Ndrecaj<\/span><\/p><\/div>\n","protected":false,"gt_translate_keys":[{"key":"rendered","format":"html"}]},"excerpt":{"rendered":"<p>Policia ka b\u00ebr\u00eb t\u00eb mundur goditjen e nj\u00eb bande grabit\u00ebsish q\u00eb vepronte n\u00eb zon\u00ebn e Sarand\u00ebs. Dy persona jan\u00eb arrestuar dhe dy t\u00eb tjet\u00ebr jan\u00eb shpallur n\u00eb k\u00ebrkim. M\u00ebsohet se koka e band\u00ebs \u00ebsht\u00eb pronar hoteli n\u00eb Ksamil. Vangjel Pella pronar i hotel &#8220;Marilena&#8221; n\u00eb Ksamil \u00ebsht\u00eb kapur n\u00eb cil\u00ebsin\u00eb e kreut t\u00eb grupit q\u00eb [&hellip;]<\/p>\n","protected":false,"gt_translate_keys":[{"key":"rendered","format":"html"}]},"author":32,"featured_media":460774,"comment_status":"closed","ping_status":"open","sticky":false,"template":"","format":"standard","meta":{"footnotes":""},"categories":[65,13],"tags":[],"class_list":["post-460767","post","type-post","status-publish","format-standard","has-post-thumbnail","hentry","category-lajme","category-te-fundit"],"gt_translate_keys":[{"key":"link","format":"url"}],"_links":{"self":[{"href":"https:\/\/www.hashtag.al\/index.php\/wp-json\/wp\/v2\/posts\/460767","targetHints":{"allow":["GET"]}}],"collection":[{"href":"https:\/\/www.hashtag.al\/index.php\/wp-json\/wp\/v2\/posts"}],"about":[{"href":"https:\/\/www.hashtag.al\/index.php\/wp-json\/wp\/v2\/types\/post"}],"author":[{"embeddable":true,"href":"https:\/\/www.hashtag.al\/index.php\/wp-json\/wp\/v2\/users\/32"}],"replies":[{"embeddable":true,"href":"https:\/\/www.hashtag.al\/index.php\/wp-json\/wp\/v2\/comments?post=460767"}],"version-history":[{"count":0,"href":"https:\/\/www.hashtag.al\/index.php\/wp-json\/wp\/v2\/posts\/460767\/revisions"}],"wp:featuredmedia":[{"embeddable":true,"href":"https:\/\/www.hashtag.al\/index.php\/wp-json\/wp\/v2\/media\/460774"}],"wp:attachment":[{"href":"https:\/\/www.hashtag.al\/index.php\/wp-json\/wp\/v2\/media?parent=460767"}],"wp:term":[{"taxonomy":"category","embeddable":true,"href":"https:\/\/www.hashtag.al\/index.php\/wp-json\/wp\/v2\/categories?post=460767"},{"taxonomy":"post_tag","embeddable":true,"href":"https:\/\/www.hashtag.al\/index.php\/wp-json\/wp\/v2\/tags?post=460767"}],"curies":[{"name":"wp","href":"https:\/\/api.w.org\/{rel}","templated":true}]}}