{"id":460763,"date":"2021-07-08T19:52:32","date_gmt":"2021-07-08T17:52:32","guid":{"rendered":"https:\/\/hashtag.al\/?p=460763"},"modified":"2021-07-08T19:52:32","modified_gmt":"2021-07-08T17:52:32","slug":"von-der-leyen-be-ja-nuk-do-pranoje-kurre-dy-shtete-ne-qipro","status":"publish","type":"post","link":"https:\/\/www.hashtag.al\/index.php\/2021\/07\/08\/von-der-leyen-be-ja-nuk-do-pranoje-kurre-dy-shtete-ne-qipro\/","title":{"rendered":"Von der Leyen: BE-ja nuk do pranoj\u00eb kurr\u00eb dy shtete n\u00eb Qipro","gt_translate_keys":[{"key":"rendered","format":"text"}]},"content":{"rendered":"<div id=\"attachment_437581\" style=\"width: 1610px\" class=\"wp-caption aligncenter\"><img loading=\"lazy\" decoding=\"async\" aria-describedby=\"caption-attachment-437581\" class=\"size-full wp-image-437581\" src=\"https:\/\/hashtag.al\/wp-content\/uploads\/2021\/03\/7d234a4a-0001-0004-0000-000001404305_w1600_r1.5002091175240486_fpx51.33_fpy44.97.jpg\" alt=\"\" width=\"1600\" height=\"1067\" srcset=\"https:\/\/www.hashtag.al\/wp-content\/uploads\/2021\/03\/7d234a4a-0001-0004-0000-000001404305_w1600_r1.5002091175240486_fpx51.33_fpy44.97.jpg 1600w, https:\/\/www.hashtag.al\/wp-content\/uploads\/2021\/03\/7d234a4a-0001-0004-0000-000001404305_w1600_r1.5002091175240486_fpx51.33_fpy44.97-300x200.jpg 300w, https:\/\/www.hashtag.al\/wp-content\/uploads\/2021\/03\/7d234a4a-0001-0004-0000-000001404305_w1600_r1.5002091175240486_fpx51.33_fpy44.97-768x512.jpg 768w, https:\/\/www.hashtag.al\/wp-content\/uploads\/2021\/03\/7d234a4a-0001-0004-0000-000001404305_w1600_r1.5002091175240486_fpx51.33_fpy44.97-1024x683.jpg 1024w\" sizes=\"auto, (max-width: 1600px) 100vw, 1600px\" \/><p id=\"caption-attachment-437581\" class=\"wp-caption-text\"><\/span> <span style=\"color: #000000;\">Ursula von der Leyen<\/span><\/p><\/div>\n<p><span style=\"color: #000000;\">Presidentja e Komisionit Evropian, Ursula von der Leyen, tha t\u00eb enjten (8 korrik) se Brukseli nuk do t\u00eb &#8220;pranoj\u00eb kurr\u00eb&#8221; zgjidhjen me dy shtete p\u00ebr Qipron.<\/span><\/p>\n<p><span style=\"color: #000000;\">&#8220;E p\u00ebrs\u00ebris se kurr\u00eb nuk do t\u00eb pranojm\u00eb nj\u00eb zgjidhje me dy shtete. P\u00ebr k\u00ebt\u00eb ne kemi vendosm\u00ebri dhe jemi t\u00eb bashkuar&#8221;, u tha von der Leyen gazetar\u00ebve pas takimit n\u00eb Qipro me presidentin, Nicos Anastasiades.<\/span><\/p>\n<p><span style=\"color: #000000;\">Qiproja \u00ebsht\u00eb ndar\u00eb q\u00eb nga viti 1974, kur Turqia pushtoi nj\u00eb pjes\u00eb t\u00eb vendit.<\/span><\/p>\n<p><span style=\"color: #000000;\">Veriu i kontrolluar nga Turqia shpalli pavar\u00ebsin\u00eb m\u00eb 1983, por njihet vet\u00ebm nga Ankaraja. Qipro u b\u00eb an\u00ebtare e BE-s\u00eb m\u00eb 2004.<\/span><\/p>\n<p><span style=\"color: #000000;\">Kombet e Bashkuara q\u00eb gati gjasht\u00eb dekada kan\u00eb vendosur paq\u00ebruajt\u00ebs atje dhe q\u00eb nga ajo koh\u00eb po p\u00ebrpiqen t\u00eb nd\u00ebrmjet\u00ebsoj\u00eb nj\u00eb marr\u00ebveshje p\u00ebr ishullin.<\/span><\/p>\n<p><span style=\"color: #000000;\">Qipriot\u00ebt grek\u00eb thon\u00eb se penges\u00eb p\u00ebr mosarritjen e marr\u00ebveshjes \u00ebsht\u00eb k\u00ebmb\u00ebngulja nga pala turke q\u00eb Qipro t\u00eb ndahet n\u00eb dy shtete, nd\u00ebrsa Nikozia mb\u00ebshtet ribashkimin bazuar n\u00eb nj\u00eb model federal.<\/span><\/p>\n<p><span style=\"color: #000000;\">Von der Leyen tha t\u00eb enjten tha se BE-ja i ka d\u00ebrguar mesazh t\u00eb qart\u00eb presidentit turk, Recep Tayyip Erdogan.<\/span><\/p>\n<p><span style=\"color: #000000;\">&#8220;Un\u00eb dua q\u00eb fqinj\u00ebt tan\u00eb (Turqia) t\u00eb din\u00eb se n\u00ebse flasin me \u00e7far\u00ebdo toni me nj\u00eb nga vendet tona an\u00ebtare, si p\u00ebr shembull Qipron, ata flasin me BE-n\u00eb&#8221;, tha ajo.<\/span><\/p>\n<p>&nbsp;<\/p>\n","protected":false,"gt_translate_keys":[{"key":"rendered","format":"html"}]},"excerpt":{"rendered":"<p>Presidentja e Komisionit Evropian, Ursula von der Leyen, tha t\u00eb enjten (8 korrik) se Brukseli nuk do t\u00eb &#8220;pranoj\u00eb kurr\u00eb&#8221; zgjidhjen me dy shtete p\u00ebr Qipron. &#8220;E p\u00ebrs\u00ebris se kurr\u00eb nuk do t\u00eb pranojm\u00eb nj\u00eb zgjidhje me dy shtete. P\u00ebr k\u00ebt\u00eb ne kemi vendosm\u00ebri dhe jemi t\u00eb bashkuar&#8221;, u tha von der Leyen gazetar\u00ebve pas [&hellip;]<\/p>\n","protected":false,"gt_translate_keys":[{"key":"rendered","format":"html"}]},"author":32,"featured_media":437581,"comment_status":"closed","ping_status":"open","sticky":false,"template":"","format":"standard","meta":{"footnotes":""},"categories":[6,13],"tags":[],"class_list":["post-460763","post","type-post","status-publish","format-standard","has-post-thumbnail","hentry","category-nderkombetare","category-te-fundit"],"gt_translate_keys":[{"key":"link","format":"url"}],"_links":{"self":[{"href":"https:\/\/www.hashtag.al\/index.php\/wp-json\/wp\/v2\/posts\/460763","targetHints":{"allow":["GET"]}}],"collection":[{"href":"https:\/\/www.hashtag.al\/index.php\/wp-json\/wp\/v2\/posts"}],"about":[{"href":"https:\/\/www.hashtag.al\/index.php\/wp-json\/wp\/v2\/types\/post"}],"author":[{"embeddable":true,"href":"https:\/\/www.hashtag.al\/index.php\/wp-json\/wp\/v2\/users\/32"}],"replies":[{"embeddable":true,"href":"https:\/\/www.hashtag.al\/index.php\/wp-json\/wp\/v2\/comments?post=460763"}],"version-history":[{"count":0,"href":"https:\/\/www.hashtag.al\/index.php\/wp-json\/wp\/v2\/posts\/460763\/revisions"}],"wp:featuredmedia":[{"embeddable":true,"href":"https:\/\/www.hashtag.al\/index.php\/wp-json\/wp\/v2\/media\/437581"}],"wp:attachment":[{"href":"https:\/\/www.hashtag.al\/index.php\/wp-json\/wp\/v2\/media?parent=460763"}],"wp:term":[{"taxonomy":"category","embeddable":true,"href":"https:\/\/www.hashtag.al\/index.php\/wp-json\/wp\/v2\/categories?post=460763"},{"taxonomy":"post_tag","embeddable":true,"href":"https:\/\/www.hashtag.al\/index.php\/wp-json\/wp\/v2\/tags?post=460763"}],"curies":[{"name":"wp","href":"https:\/\/api.w.org\/{rel}","templated":true}]}}