{"id":460632,"date":"2021-07-08T07:38:38","date_gmt":"2021-07-08T05:38:38","guid":{"rendered":"https:\/\/hashtag.al\/?p=460632"},"modified":"2021-07-08T07:38:38","modified_gmt":"2021-07-08T05:38:38","slug":"ekzekutimi-i-presidentit-te-haitit-policia-vret-kater-te-dyshuar","status":"publish","type":"post","link":"https:\/\/www.hashtag.al\/index.php\/2021\/07\/08\/ekzekutimi-i-presidentit-te-haitit-policia-vret-kater-te-dyshuar\/","title":{"rendered":"Ekzekutimi i presidentit t\u00eb Haitit, policia vret kat\u00ebr t\u00eb dyshuar","gt_translate_keys":[{"key":"rendered","format":"text"}]},"content":{"rendered":"<p><a href=\"https:\/\/hashtag.al\/wp-content\/uploads\/2021\/07\/Jovenel-Moise.jpg\"><img loading=\"lazy\" decoding=\"async\" class=\"aligncenter size-full wp-image-460633\" src=\"https:\/\/hashtag.al\/wp-content\/uploads\/2021\/07\/Jovenel-Moise.jpg\" alt=\"\" width=\"976\" height=\"549\" srcset=\"https:\/\/www.hashtag.al\/wp-content\/uploads\/2021\/07\/Jovenel-Moise.jpg 976w, https:\/\/www.hashtag.al\/wp-content\/uploads\/2021\/07\/Jovenel-Moise-300x169.jpg 300w, https:\/\/www.hashtag.al\/wp-content\/uploads\/2021\/07\/Jovenel-Moise-768x432.jpg 768w\" sizes=\"auto, (max-width: 976px) 100vw, 976px\" \/><\/a><\/p>\n<p><span style=\"color: #000000;\">Kat\u00ebr persona t\u00eb dyshuar p\u00ebr vrasjen e presidentit t\u00eb Haitit Jovenel Mo\u00efse jan\u00eb vrar\u00eb n\u00eb nj\u00eb shk\u00ebmbim zjarri me forcat e siguris\u00eb.<\/span><\/p>\n<p><span style=\"color: #000000;\">Policia tha se dy t\u00eb dyshuar t\u00eb tjer\u00eb jan\u00eb arrestuar, nd\u00ebrsa oficer\u00ebt jan\u00eb ende n\u00eb luft\u00eb me disa t\u00eb dyshuar t\u00eb mbetur n\u00eb kryeqytetin e vendit Port-au-Prince.<\/span><\/p>\n<p><span style=\"color: #000000;\"><em>&#8220;Ata do t\u00eb vriten ose do t\u00eb kapen.&#8221;-<\/em> tha shefi i policis\u00eb, Leon Charles.<\/span><\/p>\n<p><span style=\"color: #000000;\">Presidenti Mo\u00efse, 53-vje\u00e7, u q\u00ebllua p\u00ebr vdekje dhe gruaja e tij u plagos kur disa persona t\u00eb armatosur sulmuan sht\u00ebpin\u00eb e tyre t\u00eb m\u00ebrkur\u00ebn her\u00ebt.<\/span><\/p>\n<p><span style=\"color: #000000;\">Personat e paidentifikuar hyn\u00eb n\u00eb rezidenc\u00ebn private n\u00eb Port-au-Prince t\u00eb presidentit n\u00eb 01:00 pas mesnate. Mo\u00efse u vra, por Zonja e Par\u00eb Martine Mo\u00efse mbijetoi dhe \u00ebsht\u00eb d\u00ebrguar me avion n\u00eb Florida (SHBA) ku po merr trajtimin.<\/span><\/p>\n<p><span style=\"color: #000000;\">Ajo raportohet t\u00eb jet\u00eb n\u00eb nj\u00eb gjendje t\u00eb q\u00ebndrueshme por kritike. &#8220;<em>Kat\u00ebr mercenar\u00eb u vran\u00eb dhe dy u p\u00ebrgjuan n\u00ebn kontrollin ton\u00eb.&#8221;-<\/em> tha Charles n\u00eb nj\u00eb deklarat\u00eb televizive t\u00eb m\u00ebrkur\u00ebn von\u00eb, citon <span style=\"color: #0000ff;\"><a style=\"color: #0000ff;\" href=\"https:\/\/www.bbc.com\/news\/world-latin-america-57758864\">BBC<\/a><\/span>. <em>&#8220;Tre polic\u00eb q\u00eb ishin marr\u00eb peng jan\u00eb rikuperuar.&#8221;<\/em><\/span><\/p>\n<p><span style=\"color: #000000;\"><em>&#8220;Ne i bllokuam t\u00eb dyshuarit gjat\u00eb rrug\u00ebs nd\u00ebrsa ata po largoheshin nga vendi i krimit.&#8221;-<\/em> shtoi ai. <em>&#8220;Q\u00eb at\u00ebher\u00eb, ne jemi duke luftuar me ta.&#8221;<\/em><\/span><\/p>\n<p><a href=\"https:\/\/hashtag.al\/wp-content\/uploads\/2021\/07\/Polici.jpg\"><img loading=\"lazy\" decoding=\"async\" class=\"aligncenter size-full wp-image-460634\" src=\"https:\/\/hashtag.al\/wp-content\/uploads\/2021\/07\/Polici.jpg\" alt=\"\" width=\"976\" height=\"549\" srcset=\"https:\/\/www.hashtag.al\/wp-content\/uploads\/2021\/07\/Polici.jpg 976w, https:\/\/www.hashtag.al\/wp-content\/uploads\/2021\/07\/Polici-300x169.jpg 300w, https:\/\/www.hashtag.al\/wp-content\/uploads\/2021\/07\/Polici-768x432.jpg 768w\" sizes=\"auto, (max-width: 976px) 100vw, 976px\" \/><\/a><\/p>\n<p><span style=\"color: #000000;\">Duke folur pas vrasjes, Kryeministri i p\u00ebrkohsh\u00ebm Klod Jozef b\u00ebri thirrje p\u00ebr qet\u00ebsi dhe shpalli nj\u00eb gjendje t\u00eb jasht\u00ebzakonshme n\u00eb t\u00eb gjith\u00eb vendin.<\/span><\/p>\n<p><span style=\"color: #000000;\">Gjendja e jasht\u00ebzakonshme, ose <em>&#8220;gjendja e rrethimit<\/em>&#8220;, ndalon tubimet dhe p\u00ebrdorimin e ushtris\u00eb p\u00ebr rolet e policis\u00eb.<\/span><\/p>\n<p><span style=\"color: #000000;\">Presidenti i SHBA-ve Joe Biden u dha ngush\u00ebllime popullit t\u00eb Haitit p\u00ebr <em>&#8220;vrasjen e tmerrshme&#8221;.<\/em> Kryeministri britanik Boris Johnson nd\u00ebrkoh\u00eb, e quajti at\u00eb <em>&#8220;nj\u00eb akt t\u00eb neveritsh\u00ebm&#8221; <\/em>dhe gjithashtu b\u00ebri thirrje p\u00ebr qet\u00ebsi.<\/span><\/p>\n<p><span style=\"color: #000000;\">Mo\u00efse u b\u00eb president i Haitit n\u00eb vitin 2017, por n\u00eb koh\u00ebt e fundit u p\u00ebrball me protesta duke k\u00ebrkuar dor\u00ebheqjen e tij.<\/span><\/p>\n<p><span style=\"color: #000000;\">Grushtet e shtetit, paq\u00ebndrueshm\u00ebria politike, dhuna e p\u00ebrhapur n\u00eb banda dhe katastrofat natyrore kan\u00eb pllakosur vendin p\u00ebr dekada dhe e kan\u00eb b\u00ebr\u00eb at\u00eb vendin m\u00eb t\u00eb varf\u00ebr n\u00eb t\u00eb dy Amerikat.<\/span><\/p>\n<p>&nbsp;<\/p>\n","protected":false,"gt_translate_keys":[{"key":"rendered","format":"html"}]},"excerpt":{"rendered":"<p>Kat\u00ebr persona t\u00eb dyshuar p\u00ebr vrasjen e presidentit t\u00eb Haitit Jovenel Mo\u00efse jan\u00eb vrar\u00eb n\u00eb nj\u00eb shk\u00ebmbim zjarri me forcat e siguris\u00eb. Policia tha se dy t\u00eb dyshuar t\u00eb tjer\u00eb jan\u00eb arrestuar, nd\u00ebrsa oficer\u00ebt jan\u00eb ende n\u00eb luft\u00eb me disa t\u00eb dyshuar t\u00eb mbetur n\u00eb kryeqytetin e vendit Port-au-Prince. &#8220;Ata do t\u00eb vriten ose do [&hellip;]<\/p>\n","protected":false,"gt_translate_keys":[{"key":"rendered","format":"html"}]},"author":30,"featured_media":460633,"comment_status":"closed","ping_status":"open","sticky":false,"template":"","format":"standard","meta":{"footnotes":""},"categories":[6,13],"tags":[],"class_list":["post-460632","post","type-post","status-publish","format-standard","has-post-thumbnail","hentry","category-nderkombetare","category-te-fundit"],"gt_translate_keys":[{"key":"link","format":"url"}],"_links":{"self":[{"href":"https:\/\/www.hashtag.al\/index.php\/wp-json\/wp\/v2\/posts\/460632","targetHints":{"allow":["GET"]}}],"collection":[{"href":"https:\/\/www.hashtag.al\/index.php\/wp-json\/wp\/v2\/posts"}],"about":[{"href":"https:\/\/www.hashtag.al\/index.php\/wp-json\/wp\/v2\/types\/post"}],"author":[{"embeddable":true,"href":"https:\/\/www.hashtag.al\/index.php\/wp-json\/wp\/v2\/users\/30"}],"replies":[{"embeddable":true,"href":"https:\/\/www.hashtag.al\/index.php\/wp-json\/wp\/v2\/comments?post=460632"}],"version-history":[{"count":0,"href":"https:\/\/www.hashtag.al\/index.php\/wp-json\/wp\/v2\/posts\/460632\/revisions"}],"wp:featuredmedia":[{"embeddable":true,"href":"https:\/\/www.hashtag.al\/index.php\/wp-json\/wp\/v2\/media\/460633"}],"wp:attachment":[{"href":"https:\/\/www.hashtag.al\/index.php\/wp-json\/wp\/v2\/media?parent=460632"}],"wp:term":[{"taxonomy":"category","embeddable":true,"href":"https:\/\/www.hashtag.al\/index.php\/wp-json\/wp\/v2\/categories?post=460632"},{"taxonomy":"post_tag","embeddable":true,"href":"https:\/\/www.hashtag.al\/index.php\/wp-json\/wp\/v2\/tags?post=460632"}],"curies":[{"name":"wp","href":"https:\/\/api.w.org\/{rel}","templated":true}]}}