{"id":460413,"date":"2021-07-06T19:14:12","date_gmt":"2021-07-06T17:14:12","guid":{"rendered":"https:\/\/hashtag.al\/?p=460413"},"modified":"2021-07-06T19:14:12","modified_gmt":"2021-07-06T17:14:12","slug":"meta-takon-orban-bisede-e-hapur-per-forcimin-e-marredhenieve-dypaleshe","status":"publish","type":"post","link":"https:\/\/www.hashtag.al\/index.php\/2021\/07\/06\/meta-takon-orban-bisede-e-hapur-per-forcimin-e-marredhenieve-dypaleshe\/","title":{"rendered":"Meta takon Orban: Bised\u00eb e hapur p\u00ebr forcimin e marr\u00ebdh\u00ebnieve dypal\u00ebshe","gt_translate_keys":[{"key":"rendered","format":"text"}]},"content":{"rendered":"<p><span style=\"color: #000000;\"><img loading=\"lazy\" decoding=\"async\" class=\"aligncenter size-full wp-image-460414\" src=\"https:\/\/hashtag.al\/wp-content\/uploads\/2021\/07\/ilir-meta.jpg\" alt=\"\" width=\"768\" height=\"514\" srcset=\"https:\/\/www.hashtag.al\/wp-content\/uploads\/2021\/07\/ilir-meta.jpg 768w, https:\/\/www.hashtag.al\/wp-content\/uploads\/2021\/07\/ilir-meta-300x201.jpg 300w\" sizes=\"auto, (max-width: 768px) 100vw, 768px\" \/><\/span><\/p>\n<p><span style=\"color: #000000;\">Kreu i Shtetit gjat\u00eb vizit\u00ebs s\u00eb tij n\u00eb Hungari \u00ebsht\u00eb takuar edhe me kryeministrin Viktor Orban.<\/span><\/p>\n<p><span style=\"color: #000000;\">Meta thot\u00eb se biseda me Orban u p\u00ebrqendrua te \u00e7\u00ebshtjet me interes t\u00eb p\u00ebrbashk\u00ebt q\u00eb sjell dobi n\u00eb marr\u00ebdh\u00ebniet dypal\u00ebshe.<\/span><\/p>\n<p><span style=\"color: #000000;\">\u201c<em>P\u00ebrher\u00eb k\u00ebnaq\u00ebsi t\u00eb takohem me Kryeministrin Orban, mik i sinqert\u00eb i Shqip\u00ebris\u00eb, t\u00eb cilin e falenderoj p\u00ebr pritjen, si gjithmon\u00eb t\u00eb ve\u00e7ant\u00eb.<\/em><\/span><\/p>\n<p><span style=\"color: #000000;\"><em>Bised\u00eb e hapur, e ngroht\u00eb dhe produktive p\u00ebr shum\u00eb \u00e7\u00ebshtje me interes t\u00eb p\u00ebrbashk\u00ebt, n\u00eb dobi t\u00eb qytetar\u00ebve tan\u00eb dhe forcimit t\u00eb marr\u00ebdh\u00ebnieve t\u00eb shk\u00eblqyera dypal\u00ebshe historike, tradicionale dhe premtuese p\u00ebr t\u00eb ardhmen<\/em>\u201d-shkruan Meta.<\/span><\/p>\n","protected":false,"gt_translate_keys":[{"key":"rendered","format":"html"}]},"excerpt":{"rendered":"<p>Kreu i Shtetit gjat\u00eb vizit\u00ebs s\u00eb tij n\u00eb Hungari \u00ebsht\u00eb takuar edhe me kryeministrin Viktor Orban. Meta thot\u00eb se biseda me Orban u p\u00ebrqendrua te \u00e7\u00ebshtjet me interes t\u00eb p\u00ebrbashk\u00ebt q\u00eb sjell dobi n\u00eb marr\u00ebdh\u00ebniet dypal\u00ebshe. \u201cP\u00ebrher\u00eb k\u00ebnaq\u00ebsi t\u00eb takohem me Kryeministrin Orban, mik i sinqert\u00eb i Shqip\u00ebris\u00eb, t\u00eb cilin e falenderoj p\u00ebr pritjen, si [&hellip;]<\/p>\n","protected":false,"gt_translate_keys":[{"key":"rendered","format":"html"}]},"author":32,"featured_media":460414,"comment_status":"closed","ping_status":"open","sticky":false,"template":"","format":"standard","meta":{"footnotes":""},"categories":[65,13],"tags":[],"class_list":["post-460413","post","type-post","status-publish","format-standard","has-post-thumbnail","hentry","category-lajme","category-te-fundit"],"gt_translate_keys":[{"key":"link","format":"url"}],"_links":{"self":[{"href":"https:\/\/www.hashtag.al\/index.php\/wp-json\/wp\/v2\/posts\/460413","targetHints":{"allow":["GET"]}}],"collection":[{"href":"https:\/\/www.hashtag.al\/index.php\/wp-json\/wp\/v2\/posts"}],"about":[{"href":"https:\/\/www.hashtag.al\/index.php\/wp-json\/wp\/v2\/types\/post"}],"author":[{"embeddable":true,"href":"https:\/\/www.hashtag.al\/index.php\/wp-json\/wp\/v2\/users\/32"}],"replies":[{"embeddable":true,"href":"https:\/\/www.hashtag.al\/index.php\/wp-json\/wp\/v2\/comments?post=460413"}],"version-history":[{"count":0,"href":"https:\/\/www.hashtag.al\/index.php\/wp-json\/wp\/v2\/posts\/460413\/revisions"}],"wp:featuredmedia":[{"embeddable":true,"href":"https:\/\/www.hashtag.al\/index.php\/wp-json\/wp\/v2\/media\/460414"}],"wp:attachment":[{"href":"https:\/\/www.hashtag.al\/index.php\/wp-json\/wp\/v2\/media?parent=460413"}],"wp:term":[{"taxonomy":"category","embeddable":true,"href":"https:\/\/www.hashtag.al\/index.php\/wp-json\/wp\/v2\/categories?post=460413"},{"taxonomy":"post_tag","embeddable":true,"href":"https:\/\/www.hashtag.al\/index.php\/wp-json\/wp\/v2\/tags?post=460413"}],"curies":[{"name":"wp","href":"https:\/\/api.w.org\/{rel}","templated":true}]}}