{"id":460366,"date":"2021-07-05T18:55:59","date_gmt":"2021-07-05T16:55:59","guid":{"rendered":"https:\/\/hashtag.al\/?p=460366"},"modified":"2021-07-05T18:59:06","modified_gmt":"2021-07-05T16:59:06","slug":"presidentja-e-ke-se-reagon-per-mbledhjen-e-procesit-te-berlinit-do-angazhojme-28-miliarde-euro-ne-ballkan","status":"publish","type":"post","link":"https:\/\/www.hashtag.al\/index.php\/2021\/07\/05\/presidentja-e-ke-se-reagon-per-mbledhjen-e-procesit-te-berlinit-do-angazhojme-28-miliarde-euro-ne-ballkan\/","title":{"rendered":"Presidentja e KE-s\u00eb reagon p\u00ebr mbledhjen e Procesit t\u00eb Berlinit: Do angazhojm\u00eb 28 miliard\u00eb euro n\u00eb Ballkan","gt_translate_keys":[{"key":"rendered","format":"text"}]},"content":{"rendered":"<p><img loading=\"lazy\" decoding=\"async\" class=\"aligncenter size-full wp-image-433503\" src=\"https:\/\/hashtag.al\/wp-content\/uploads\/2021\/03\/ursula.jpg\" alt=\"\" width=\"1200\" height=\"788\" srcset=\"https:\/\/www.hashtag.al\/wp-content\/uploads\/2021\/03\/ursula.jpg 1200w, https:\/\/www.hashtag.al\/wp-content\/uploads\/2021\/03\/ursula-300x197.jpg 300w, https:\/\/www.hashtag.al\/wp-content\/uploads\/2021\/03\/ursula-768x504.jpg 768w, https:\/\/www.hashtag.al\/wp-content\/uploads\/2021\/03\/ursula-1024x672.jpg 1024w\" sizes=\"auto, (max-width: 1200px) 100vw, 1200px\" \/><\/p>\n<p><span style=\"color: #000000;\">Presidentja e Komisionit Evropian, Ursula Von der Leyen ka reaguar lidhur me mbledhjen e nivelit t\u00eb lart\u00eb n\u00eb kuad\u00ebr t\u00eb Procesit t\u00eb Berlinit t\u00eb vendeve t\u00eb Ballkanit Per\u00ebndimor.<\/span><\/p>\n<p><span style=\"color: #000000;\">Presidentja e KE-s\u00eb thot\u00eb se BE-ja do jap\u00eb 28 miliard\u00eb n\u00ebp\u00ebrmjet Planit Ekonomik t\u00eb Investimeve dhe t\u00eb Agjend\u00ebs s\u00eb Gjelb\u00ebr.<\/span><\/p>\n<p><span style=\"color: #000000;\">N\u00ebp\u00ebrmjet k\u00ebtij Plani synohet t\u00eb b\u00ebhet funksional Tregu i P\u00ebrbashk\u00ebt Rajonal dhe rajoni t\u00eb ket\u00eb akses n\u00eb Tregun e P\u00ebrbashk\u00ebt Evropian.<\/span><\/p>\n<p><span style=\"color: #000000;\">\u201c<em>Infeksionet e COVID19 jan\u00eb ulur. T\u00eb gjitha vendet e Ballkanit Per\u00ebndimor (BP) jan\u00eb n\u00eb list\u00ebn e partner\u00ebve p\u00ebr t\u00eb cil\u00ebt duhet t\u00eb hiqen kufizimet e udh\u00ebtimit.<\/em><\/span><\/p>\n<p><span style=\"color: #000000;\"><em>Certifikata \u201cEUCOVID\u201d do t\u00eb leht\u00ebsoj\u00eb udh\u00ebtimet midis vendeve tona.<\/em><\/span><\/p>\n<p><span style=\"color: #000000;\"><em>Financimi i BE \u00ebsht\u00eb n\u00eb dispozicion p\u00ebr t\u00eb vendosur sistemet e nevojshme n\u00eb rajon!<\/em><\/span><\/p>\n<p><span style=\"color: #000000;\"><em>P\u00ebr t\u00eb arritur atje, Plani yn\u00eb Ekonomik dhe i Investimeve dhe Agjenda e Gjelb\u00ebr p\u00ebr BP do t\u00eb sjellin deri n\u00eb 28 miliard\u00eb \u20ac p\u00ebr lidhje dhe prosperitet.<\/em><\/span><\/p>\n<p><span style=\"color: #000000;\"><em>Ne gjithashtu po punojm\u00eb n\u00eb b\u00ebrjen funksional t\u00eb Tregut t\u00eb P\u00ebrbashk\u00ebt Rajonal.<\/em><\/span><\/p>\n<p><span style=\"color: #000000;\"><em>Ne synojm\u00eb t&#8217;i japim rajonit akses n\u00eb Tregun e Vet\u00ebm dhe n\u00eb zinxhirin e vlerave industriale t\u00eb Bashkimit Evropian<\/em>\u201d-shkruan von der Leyen.<\/span><\/p>\n<p><img loading=\"lazy\" decoding=\"async\" class=\"aligncenter size-full wp-image-460368\" src=\"https:\/\/hashtag.al\/wp-content\/uploads\/2021\/07\/von-der-eyen-post.png\" alt=\"\" width=\"701\" height=\"579\" srcset=\"https:\/\/www.hashtag.al\/wp-content\/uploads\/2021\/07\/von-der-eyen-post.png 701w, https:\/\/www.hashtag.al\/wp-content\/uploads\/2021\/07\/von-der-eyen-post-300x248.png 300w\" sizes=\"auto, (max-width: 701px) 100vw, 701px\" \/><\/p>\n","protected":false,"gt_translate_keys":[{"key":"rendered","format":"html"}]},"excerpt":{"rendered":"<p>Presidentja e Komisionit Evropian, Ursula Von der Leyen ka reaguar lidhur me mbledhjen e nivelit t\u00eb lart\u00eb n\u00eb kuad\u00ebr t\u00eb Procesit t\u00eb Berlinit t\u00eb vendeve t\u00eb Ballkanit Per\u00ebndimor. Presidentja e KE-s\u00eb thot\u00eb se BE-ja do jap\u00eb 28 miliard\u00eb n\u00ebp\u00ebrmjet Planit Ekonomik t\u00eb Investimeve dhe t\u00eb Agjend\u00ebs s\u00eb Gjelb\u00ebr. N\u00ebp\u00ebrmjet k\u00ebtij Plani synohet t\u00eb b\u00ebhet funksional [&hellip;]<\/p>\n","protected":false,"gt_translate_keys":[{"key":"rendered","format":"html"}]},"author":32,"featured_media":433503,"comment_status":"closed","ping_status":"closed","sticky":false,"template":"","format":"standard","meta":{"footnotes":""},"categories":[65,13],"tags":[],"class_list":["post-460366","post","type-post","status-publish","format-standard","has-post-thumbnail","hentry","category-lajme","category-te-fundit"],"gt_translate_keys":[{"key":"link","format":"url"}],"_links":{"self":[{"href":"https:\/\/www.hashtag.al\/index.php\/wp-json\/wp\/v2\/posts\/460366","targetHints":{"allow":["GET"]}}],"collection":[{"href":"https:\/\/www.hashtag.al\/index.php\/wp-json\/wp\/v2\/posts"}],"about":[{"href":"https:\/\/www.hashtag.al\/index.php\/wp-json\/wp\/v2\/types\/post"}],"author":[{"embeddable":true,"href":"https:\/\/www.hashtag.al\/index.php\/wp-json\/wp\/v2\/users\/32"}],"replies":[{"embeddable":true,"href":"https:\/\/www.hashtag.al\/index.php\/wp-json\/wp\/v2\/comments?post=460366"}],"version-history":[{"count":0,"href":"https:\/\/www.hashtag.al\/index.php\/wp-json\/wp\/v2\/posts\/460366\/revisions"}],"wp:featuredmedia":[{"embeddable":true,"href":"https:\/\/www.hashtag.al\/index.php\/wp-json\/wp\/v2\/media\/433503"}],"wp:attachment":[{"href":"https:\/\/www.hashtag.al\/index.php\/wp-json\/wp\/v2\/media?parent=460366"}],"wp:term":[{"taxonomy":"category","embeddable":true,"href":"https:\/\/www.hashtag.al\/index.php\/wp-json\/wp\/v2\/categories?post=460366"},{"taxonomy":"post_tag","embeddable":true,"href":"https:\/\/www.hashtag.al\/index.php\/wp-json\/wp\/v2\/tags?post=460366"}],"curies":[{"name":"wp","href":"https:\/\/api.w.org\/{rel}","templated":true}]}}