{"id":460320,"date":"2021-07-05T14:32:51","date_gmt":"2021-07-05T12:32:51","guid":{"rendered":"https:\/\/hashtag.al\/?p=460320"},"modified":"2021-07-05T14:32:51","modified_gmt":"2021-07-05T12:32:51","slug":"veliaj-brenda-100-diteve-nisim-ndertimin-e-teatrit-kombetar-smund-ti-pergjigjemi-cdo-hajvani-me-mikrofon","status":"publish","type":"post","link":"https:\/\/www.hashtag.al\/index.php\/2021\/07\/05\/veliaj-brenda-100-diteve-nisim-ndertimin-e-teatrit-kombetar-smund-ti-pergjigjemi-cdo-hajvani-me-mikrofon\/","title":{"rendered":"Veliaj: Brenda 100 dit\u00ebve nisim nd\u00ebrtimin e Teatrit Komb\u00ebtar, s\u2019mund t\u2019i p\u00ebrgjigjemi \u00e7do hajvani me mikrofon","gt_translate_keys":[{"key":"rendered","format":"text"}]},"content":{"rendered":"<p><span style=\"color: #000000;\"><img loading=\"lazy\" decoding=\"async\" class=\"aligncenter size-full wp-image-459842\" src=\"https:\/\/hashtag.al\/wp-content\/uploads\/2021\/07\/teatri-dhe-veliaj.jpg\" alt=\"\" width=\"780\" height=\"440\" srcset=\"https:\/\/www.hashtag.al\/wp-content\/uploads\/2021\/07\/teatri-dhe-veliaj.jpg 780w, https:\/\/www.hashtag.al\/wp-content\/uploads\/2021\/07\/teatri-dhe-veliaj-300x169.jpg 300w, https:\/\/www.hashtag.al\/wp-content\/uploads\/2021\/07\/teatri-dhe-veliaj-768x433.jpg 768w\" sizes=\"auto, (max-width: 780px) 100vw, 780px\" \/><\/span><\/p>\n<p><span style=\"color: #000000;\">Kryebashkiaku i Tiran\u00ebs Veliaj ka th\u00ebn\u00eb sot se brenda 100 dit\u00ebsh do nis\u00eb nd\u00ebrtimi i Teatrit t\u00eb ri Komb\u00ebtar.<\/span><\/p>\n<p><span style=\"color: #000000;\"> Ai e b\u00ebri deklarat\u00ebn n\u00eb nj\u00eb intervist\u00eb t\u00eb dh\u00ebn\u00eb p\u00ebr <span style=\"color: #0000ff;\">Report TV<\/span> nga Budapesti ku ndodhet. Ai tha se nuk mund t\u2019i p\u00ebrgjigjet \u00e7do hajvani q\u00eb merr mikrofon n\u00eb dor\u00eb duke iu referuar aktivist\u00ebve t\u00eb Aleanc\u00ebs p\u00ebr Mbrojtjen e Teatrit.<\/span><\/p>\n<p><span style=\"color: #000000;\"><em>&#8220;Njer\u00ebz q\u00eb nuk jan\u00eb artist\u00eb, q\u00eb jan\u00eb d\u00ebnuar p\u00ebr mashtrim, q\u00eb nuk kan\u00eb pron\u00ebsi, marrin atribute.\u00a0 Emri q\u00eb ju p\u00ebrmendet, zonja Kalaja dhe q\u00eb mendon se Soreca shantazhon gjykat\u00ebn, nuk \u00ebsht\u00eb fare artiste. Njer\u00ebz q\u00eb nuk kan\u00eb asnj\u00eb lloj peshe ne i b\u00ebjm\u00eb personazhe publik\u00eb. E nj\u00ebjta gj\u00eb ndodhi edhe p\u00ebr lodrat t\u00eb liqeni. K\u00ebta jan\u00eb njer\u00ebz kot, q\u00eb hedhin gur\u00eb n\u00eb lum\u00eb dhe nuk besoj q\u00eb ne duhet t\u00eb ikim t\u00eb nxjerrim gurin nga lumi. Nuk mund t&#8217;i p\u00ebrgjigjemi \u00e7do hajvani q\u00eb merr mikrofon.&#8221; <\/em>&#8211; tha Veliaj.<\/span><\/p>\n<p><span style=\"color: #000000;\">Ai shtoi m\u00eb tej se Gjykata Kushtetuese i dha t\u00eb drejt\u00eb bashkis\u00eb p\u00ebr prishjen e teatrit.<\/span><\/p>\n<p><span style=\"color: #000000;\"><em>&#8220;Sa i p\u00ebrket vendimit t\u00eb K\u00ebshillit Bashkiak p\u00ebr prishjen, Gjykata Kushtetuese i dha t\u00eb drejt\u00eb bashkis\u00eb. Kur \u00e7do mitoman del kund\u00ebr nj\u00eb projekti duhet t\u00eb jen\u00eb t\u00eb shmangur.&#8221;<\/em> &#8211; shtoi Veliaj.<\/span><\/p>\n<p><span style=\"color: #000000;\">N\u00eb vendimin e pjessh\u00ebm tre dit\u00eb m\u00eb par\u00eb, Gjykata Kushtetuese shfuqizoi baz\u00ebn ligjore t\u00eb miratuar nga parlamenti e qeveria p\u00ebr Teatrin e ri Komb\u00ebtar p\u00ebr sa i p\u00ebrket lidhjes s\u00eb kontrat\u00ebs me nj\u00eb kompani private. Po k\u00ebshtu Gjykata Kushtetuese rr\u00ebzoi vendimin e qeveris\u00eb p\u00ebr kalimin e truallit t\u00eb Teatrit Komb\u00ebtar nga Ministria e Kultur\u00ebs te Bashkia e Tiran\u00ebs, por gjeti t\u00eb ligjsh\u00ebm vendimin e Bashkis\u00eb p\u00ebr prishjen e teatrit.<\/span><\/p>\n","protected":false,"gt_translate_keys":[{"key":"rendered","format":"html"}]},"excerpt":{"rendered":"<p>Kryebashkiaku i Tiran\u00ebs Veliaj ka th\u00ebn\u00eb sot se brenda 100 dit\u00ebsh do nis\u00eb nd\u00ebrtimi i Teatrit t\u00eb ri Komb\u00ebtar. Ai e b\u00ebri deklarat\u00ebn n\u00eb nj\u00eb intervist\u00eb t\u00eb dh\u00ebn\u00eb p\u00ebr Report TV nga Budapesti ku ndodhet. Ai tha se nuk mund t\u2019i p\u00ebrgjigjet \u00e7do hajvani q\u00eb merr mikrofon n\u00eb dor\u00eb duke iu referuar aktivist\u00ebve t\u00eb Aleanc\u00ebs [&hellip;]<\/p>\n","protected":false,"gt_translate_keys":[{"key":"rendered","format":"html"}]},"author":51,"featured_media":459842,"comment_status":"closed","ping_status":"closed","sticky":false,"template":"","format":"standard","meta":{"footnotes":""},"categories":[65,13],"tags":[],"class_list":["post-460320","post","type-post","status-publish","format-standard","has-post-thumbnail","hentry","category-lajme","category-te-fundit"],"gt_translate_keys":[{"key":"link","format":"url"}],"_links":{"self":[{"href":"https:\/\/www.hashtag.al\/index.php\/wp-json\/wp\/v2\/posts\/460320","targetHints":{"allow":["GET"]}}],"collection":[{"href":"https:\/\/www.hashtag.al\/index.php\/wp-json\/wp\/v2\/posts"}],"about":[{"href":"https:\/\/www.hashtag.al\/index.php\/wp-json\/wp\/v2\/types\/post"}],"author":[{"embeddable":true,"href":"https:\/\/www.hashtag.al\/index.php\/wp-json\/wp\/v2\/users\/51"}],"replies":[{"embeddable":true,"href":"https:\/\/www.hashtag.al\/index.php\/wp-json\/wp\/v2\/comments?post=460320"}],"version-history":[{"count":0,"href":"https:\/\/www.hashtag.al\/index.php\/wp-json\/wp\/v2\/posts\/460320\/revisions"}],"wp:featuredmedia":[{"embeddable":true,"href":"https:\/\/www.hashtag.al\/index.php\/wp-json\/wp\/v2\/media\/459842"}],"wp:attachment":[{"href":"https:\/\/www.hashtag.al\/index.php\/wp-json\/wp\/v2\/media?parent=460320"}],"wp:term":[{"taxonomy":"category","embeddable":true,"href":"https:\/\/www.hashtag.al\/index.php\/wp-json\/wp\/v2\/categories?post=460320"},{"taxonomy":"post_tag","embeddable":true,"href":"https:\/\/www.hashtag.al\/index.php\/wp-json\/wp\/v2\/tags?post=460320"}],"curies":[{"name":"wp","href":"https:\/\/api.w.org\/{rel}","templated":true}]}}