{"id":459993,"date":"2021-07-03T17:52:29","date_gmt":"2021-07-03T15:52:29","guid":{"rendered":"https:\/\/hashtag.al\/?p=459993"},"modified":"2022-01-03T15:27:32","modified_gmt":"2022-01-03T14:27:32","slug":"ferma-100-kunati-i-saimir-tahirit-pronar-i-fermes-superluksoze-ne-tirane","status":"publish","type":"post","link":"https:\/\/www.hashtag.al\/index.php\/2021\/07\/03\/ferma-100-kunati-i-saimir-tahirit-pronar-i-fermes-superluksoze-ne-tirane\/","title":{"rendered":"FERMA 100 \u00a0&#8211; Kunati i Saimir Tahirit pronar i ferm\u00ebs superluksoze n\u00eb Tiran\u00eb","gt_translate_keys":[{"key":"rendered","format":"text"}]},"content":{"rendered":"<p><span style=\"color: #000000;\"><a href=\"https:\/\/www.hashtag.al\/wp-content\/uploads\/2021\/07\/Ferma-100.jpg\"><img loading=\"lazy\" decoding=\"async\" class=\"aligncenter size-full wp-image-495144\" src=\"https:\/\/www.hashtag.al\/wp-content\/uploads\/2021\/07\/Ferma-100.jpg\" alt=\"\" width=\"856\" height=\"575\" srcset=\"https:\/\/www.hashtag.al\/wp-content\/uploads\/2021\/07\/Ferma-100.jpg 856w, https:\/\/www.hashtag.al\/wp-content\/uploads\/2021\/07\/Ferma-100-300x202.jpg 300w, https:\/\/www.hashtag.al\/wp-content\/uploads\/2021\/07\/Ferma-100-768x516.jpg 768w\" sizes=\"auto, (max-width: 856px) 100vw, 856px\" \/><\/a><\/span><\/p>\n<p><span style=\"color: #000000;\">Alban Berisha, kunat i ish-ministrit t\u00eb Brendsh\u00ebm Saimir Tahiri, rezulton investitor dhe posedues (me letra) i nj\u00eb prej fermave m\u00eb luksoze n\u00eb Shqip\u00ebri.<\/span><\/p>\n<p><span style=\"color: #000000;\">Ferma \u00ebsht\u00eb e pozicionuar n\u00eb nj\u00eb kodrin\u00eb pran\u00eb fshatit Vishaj n\u00eb Tiran\u00eb, nd\u00ebrsa ambientet e sh\u00ebrbimit jan\u00eb t\u00eb rrethuara nga disa hektar\u00eb tok\u00eb bujq\u00ebsore q\u00eb punohet me autokombajn\u00eb.<\/span><\/p>\n<p><span style=\"color: #000000;\">Ambientet e sh\u00ebrbimit jan\u00eb t\u00eb konceptuara si nj\u00eb kombinacion i agrobiznesit n\u00eb Toskan\u00eb t\u00eb Italis\u00eb me \u201cranchot\u201d meksikane.<\/span><\/p>\n<p><span style=\"color: #000000;\">Kunati i ministrit posedonte deri pak koh\u00eb m\u00eb par\u00eb nj\u00eb restorant n\u00eb zon\u00ebn e Laprak\u00ebs, nj\u00eb biznes krejt modest n\u00ebse e krahason me investimin e tij t\u00eb ri n\u00eb ferm\u00ebn e re.<\/span><\/p>\n<p><span style=\"color: #000000;\">Zoti Alban Berisha rezulton se ka nisur investimin n\u00eb janar 2021 <span style=\"color: #0000ff;\"><a style=\"color: #0000ff;\" href=\"https:\/\/hashtag.al\/wp-content\/uploads\/2021\/07\/WhatsApp-Image-2021-07-03-at-16.35.51.jpeg\"><em>kur ka regjistruar dhe kompanin\u00eb \u201cFerma 100\u201d.<\/em><\/a><\/span><\/span><\/p>\n<p><span style=\"color: #000000;\"><em><strong>Hashtag.al<\/strong><\/em> konsultoi nj\u00eb ekspert kontab\u00ebl dhe nj\u00eb arkitekt p\u00ebr t\u00eb marr\u00eb mendimin e tyre n\u00eb lidhje me investimin e kunatit t\u00eb ish-ministrit.<\/span><\/p>\n<p><span style=\"color: #000000;\"><em>\u201cInvestimi \u00ebsht\u00eb fjala e fundit e paisjeve, mjafton t\u00eb shoh\u00ebsh vet\u00ebm kuzhin\u00ebn dhe servisin e sh\u00ebrbimit dhe kupton se kostoja \u00ebsht\u00eb t\u00eb pakt\u00ebn 250 mij\u00eb euro \u201c<\/em>, &#8211; u shpreh arkitekti.<\/span><\/p>\n<p><span style=\"color: #000000;\">Ferma \u00ebsht\u00eb investuar n\u00eb disa mjedise luksi t\u00eb tipit \u201crancho lounge\u201d q\u00eb jan\u00eb kombinacion i mjedisit t\u00eb strukturuar bujq\u00ebsor me fjal\u00ebn e fundit t\u00eb luksit mondan t\u00eb hoteleve n\u00eb metropole.<\/span><\/p>\n<p><span style=\"color: #000000;\"><img loading=\"lazy\" decoding=\"async\" class=\"aligncenter size-full wp-image-460009\" src=\"https:\/\/hashtag.al\/wp-content\/uploads\/2021\/07\/WhatsApp-Image-2021-07-03-at-16.49.41.jpeg\" alt=\"\" width=\"845\" height=\"1024\" srcset=\"https:\/\/www.hashtag.al\/wp-content\/uploads\/2021\/07\/WhatsApp-Image-2021-07-03-at-16.49.41.jpeg 845w, https:\/\/www.hashtag.al\/wp-content\/uploads\/2021\/07\/WhatsApp-Image-2021-07-03-at-16.49.41-248x300.jpeg 248w, https:\/\/www.hashtag.al\/wp-content\/uploads\/2021\/07\/WhatsApp-Image-2021-07-03-at-16.49.41-768x931.jpeg 768w\" sizes=\"auto, (max-width: 845px) 100vw, 845px\" \/><\/span><\/p>\n<p><span style=\"color: #000000;\">\u201cRancho lounge\u201d \u00ebsht\u00eb nj\u00eb subkultur\u00eb q\u00eb i ka fillesat e saj n\u00eb Meksik\u00eb, kryesisht investime t\u00eb narkotrafikant\u00ebve meksikan\u00eb, q\u00eb i shnd\u00ebrrojn\u00eb bazat e tyre t\u00eb q\u00ebndrimit dhe n\u00eb mjedise t\u00eb nj\u00eb biznesi mikprit\u00ebs t\u00eb cil\u00ebsis\u00eb m\u00eb t\u00eb lart\u00eb.<\/span><\/p>\n<p><span style=\"color: #000000;\">\u201cFerma 100\u201d n\u00eb pron\u00ebsi t\u00eb kunatit t\u00eb ish-ministrit Tahiri duket se ka p\u00ebr klientel\u00eb personalitete shqiptare dhe miq t\u00eb ish-ministrit. <em><strong>\/ Hashtag.al<\/strong><\/em><\/span><\/p>\n","protected":false,"gt_translate_keys":[{"key":"rendered","format":"html"}]},"excerpt":{"rendered":"<p>Alban Berisha, kunat i ish-ministrit t\u00eb Brendsh\u00ebm Saimir Tahiri, rezulton investitor dhe posedues (me letra) i nj\u00eb prej fermave m\u00eb luksoze n\u00eb Shqip\u00ebri. Ferma \u00ebsht\u00eb e pozicionuar n\u00eb nj\u00eb kodrin\u00eb pran\u00eb fshatit Vishaj n\u00eb Tiran\u00eb, nd\u00ebrsa ambientet e sh\u00ebrbimit jan\u00eb t\u00eb rrethuara nga disa hektar\u00eb tok\u00eb bujq\u00ebsore q\u00eb punohet me autokombajn\u00eb. Ambientet e sh\u00ebrbimit jan\u00eb [&hellip;]<\/p>\n","protected":false,"gt_translate_keys":[{"key":"rendered","format":"html"}]},"author":6,"featured_media":495144,"comment_status":"closed","ping_status":"closed","sticky":false,"template":"","format":"standard","meta":{"footnotes":""},"categories":[22,11],"tags":[],"class_list":["post-459993","post","type-post","status-publish","format-standard","has-post-thumbnail","hentry","category-ballina","category-super-click"],"gt_translate_keys":[{"key":"link","format":"url"}],"_links":{"self":[{"href":"https:\/\/www.hashtag.al\/index.php\/wp-json\/wp\/v2\/posts\/459993","targetHints":{"allow":["GET"]}}],"collection":[{"href":"https:\/\/www.hashtag.al\/index.php\/wp-json\/wp\/v2\/posts"}],"about":[{"href":"https:\/\/www.hashtag.al\/index.php\/wp-json\/wp\/v2\/types\/post"}],"author":[{"embeddable":true,"href":"https:\/\/www.hashtag.al\/index.php\/wp-json\/wp\/v2\/users\/6"}],"replies":[{"embeddable":true,"href":"https:\/\/www.hashtag.al\/index.php\/wp-json\/wp\/v2\/comments?post=459993"}],"version-history":[{"count":0,"href":"https:\/\/www.hashtag.al\/index.php\/wp-json\/wp\/v2\/posts\/459993\/revisions"}],"wp:featuredmedia":[{"embeddable":true,"href":"https:\/\/www.hashtag.al\/index.php\/wp-json\/wp\/v2\/media\/495144"}],"wp:attachment":[{"href":"https:\/\/www.hashtag.al\/index.php\/wp-json\/wp\/v2\/media?parent=459993"}],"wp:term":[{"taxonomy":"category","embeddable":true,"href":"https:\/\/www.hashtag.al\/index.php\/wp-json\/wp\/v2\/categories?post=459993"},{"taxonomy":"post_tag","embeddable":true,"href":"https:\/\/www.hashtag.al\/index.php\/wp-json\/wp\/v2\/tags?post=459993"}],"curies":[{"name":"wp","href":"https:\/\/api.w.org\/{rel}","templated":true}]}}